{"id":20239,"date":"2022-01-28T10:22:12","date_gmt":"2022-01-28T10:22:12","guid":{"rendered":"http:\/\/www.iceagetv.com\/radiosite\/?p=20239"},"modified":"2022-01-28T10:22:12","modified_gmt":"2022-01-28T10:22:12","slug":"crise-en-ukraine-on-vous-resume-les-differentes-negociations-en-cours-pour-apaiser-la-situation","status":"publish","type":"post","link":"https:\/\/www.iceagetv.com\/radiosite\/crise-en-ukraine-on-vous-resume-les-differentes-negociations-en-cours-pour-apaiser-la-situation\/","title":{"rendered":"Crise en Ukraine : on vous r\u00e9sume les diff\u00e9rentes n\u00e9gociations en cours pour apaiser la situation"},"content":{"rendered":"\n<p><em>Faire le point sur l&rsquo;ensemble de la situation, obtenir de la visibilit\u00e9 et engager un dialogue exigeant.\u00a0\u00bb&nbsp;<\/em>Voici l&rsquo;objectif de l&rsquo;\u00e9change t\u00e9l\u00e9phonique entre&nbsp;Emmanuel Macron et Vladimir Poutine, vendredi matin, selon les termes tr\u00e8s diplomatiques du locataire de l&rsquo;Elys\u00e9e. Le mot \u00ab\u00a0d\u00e9sescalade\u00a0\u00bb n&rsquo;est pas prononc\u00e9, mais c&rsquo;est l&rsquo;enjeu de ce coup de fil entre les pr\u00e9sidents fran\u00e7ais et russe, au sujet des&nbsp;<a href=\"https:\/\/www.francetvinfo.fr\/monde\/europe\/manifestations-en-ukraine\/carte-crise-entre-l-ukraine-et-la-russie-ou-sont-deployees-les-forces-militaires-dans-l-est-de-l-europe_4930265.html\">vives tensions entre l&rsquo;Ukraine et la Russie<\/a>.&nbsp;<\/p>\n\n\n\n<p>Moscou est accus\u00e9e d&rsquo;avoir mass\u00e9&nbsp;plus de 100&nbsp;000 soldats \u00e0 la fronti\u00e8re ukrainienne, en vue d&rsquo;une potentielle attaque. En cas d&rsquo;offensive, les Occidentaux&nbsp;<a href=\"https:\/\/www.francetvinfo.fr\/monde\/europe\/union-europeenne\/crise-en-ukraine-quelles-sont-les-nouvelles-sanctions-envisagees-par-les-etats-unis-et-l-europe-en-cas-d-attaque-russe_4930015.html\">menacent le Kremlin de lourdes sanctions<\/a>.&nbsp;La Russie, de son c\u00f4t\u00e9, r\u00e9clame un gel de l&rsquo;\u00e9largissement de l&rsquo;Otan en Europe de l&rsquo;Est et refuse notamment l&rsquo;adh\u00e9sion de l&rsquo;Ukraine \u00e0 l&rsquo;Alliance atlantique.&nbsp;Franceinfo vous r\u00e9sume les diff\u00e9rents canaux de n\u00e9gociations pour apaiser la situation entre Kiev et le Kremlin.&nbsp;<\/p>\n\n\n\n<h2 class=\"wp-block-heading\">Entre les Etats-Unis et la Russie : des pourparlers directs<\/h2>\n\n\n\n<p>Dans cette crise, le Kremlin a \u00e0 c\u0153ur de n\u00e9gocier directement avec Washington. Les pr\u00e9sidents russe et am\u00e9ricain&nbsp;<a href=\"https:\/\/www.francetvinfo.fr\/monde\/europe\/manifestations-en-ukraine\/vladimir-poutine-satisfait-de-son-appel-avec-joe-biden-qui-l-a-mis-en-garde-contre-une-invasion-de-l-ukraine_4899591.html\">ont \u00e9chang\u00e9&nbsp;<\/a>par t\u00e9l\u00e9phone, fin d\u00e9cembre. Ils ont plaid\u00e9 pour une voie diplomatique, tout en maintenant leurs positions :&nbsp;toute avanc\u00e9e&nbsp;diplomatique passera par une&nbsp;<em>\u00ab\u00a0d\u00e9sescalade\u00a0\u00bb<\/em>&nbsp;en Ukraine, a pr\u00e9venu&nbsp;Joe Biden, tandis que&nbsp;le Kremlin a exig\u00e9 en retour des&nbsp;<em>\u00ab\u00a0r\u00e9sultats\u00a0\u00bb<\/em>&nbsp;sur ses demandes.&nbsp;<\/p>\n\n\n\n<p>Ces discussions ont ensuite pris la forme de rencontres \u00e0 Gen\u00e8ve (Suisse). Le 10 janvier, les vice-ministres am\u00e9ricaine et russe des Affaires \u00e9trang\u00e8res,&nbsp;Wendy Sherman et Sergue\u00ef Riabkov, se sont r\u00e9unis.&nbsp;<em>\u00ab\u00a0Nous avons expliqu\u00e9 aux coll\u00e8gues que nous n&rsquo;avons pas de plans, pas l&rsquo;intention d&rsquo;attaquer l&rsquo;Ukraine\u00a0\u00bb<\/em>, a affirm\u00e9&nbsp;le n\u00e9gociateur russe, justifiant la pr\u00e9sence de plusieurs dizaines de milliers de soldats \u00e0 la fronti\u00e8re ukrainienne par la pr\u00e9sence jug\u00e9e accrue de l&rsquo;Otan en Europe de l&rsquo;Est. R\u00e9ponse de son homologue am\u00e9ricaine : Moscou pourrait&nbsp;<em>\u00ab\u00a0prouver qu&rsquo;il n&rsquo;a pas l&rsquo;intention\u00a0\u00bb<\/em>&nbsp;d&rsquo;envahir l&rsquo;Ukraine, en&nbsp;<em>\u00ab\u00a0renvoyant dans leurs casernes\u00a0\u00bb<\/em>&nbsp;les soldats d\u00e9ploy\u00e9s.<\/p>\n\n\n\n<p>Dix jours plus tard,&nbsp;toujours&nbsp;\u00e0 Gen\u00e8ve, les chefs de la diplomatie des deux pays livrent un \u00e9change&nbsp;<em>\u00ab\u00a0franc et substantiel\u00a0\u00bb,&nbsp;<\/em>de l&rsquo;avis d&rsquo;Antony Blinken. Le secr\u00e9taire d&rsquo;Etat am\u00e9ricain et son homologue russe, Sergue\u00ef Lavrov, assurent \u00eatre&nbsp;<em>\u00ab\u00a0d&rsquo;accord qu&rsquo;un dialogue raisonnable<\/em>&nbsp;<em>est&nbsp;n\u00e9cessaire\u00a0\u00bb<\/em>&nbsp;pour que<em>&nbsp;\u00ab\u00a0l&rsquo;\u00e9motion retombe\u00a0\u00bb<\/em>, selon le&nbsp; Russe. N\u00e9anmoins, il rappelle&nbsp;<em>\u00ab\u00a0les cons\u00e9quences graves\u00a0\u00bb&nbsp;<\/em>qu&rsquo;aurait un rejet des&nbsp;<em>\u00ab\u00a0pr\u00e9occupations l\u00e9gitimes\u00a0\u00bb&nbsp;<\/em>russes, tandis qu&rsquo;Antony Blinken&nbsp;r\u00e9it\u00e8re sa volont\u00e9 d&rsquo;obtenir des preuves que la Russie ne souhaite pas envahir l&rsquo;Ukraine.&nbsp;<\/p>\n\n\n\n<p>Par la suite, les Etats-Unis ont rejet\u00e9, mercredi 26 janvier, la demande russe de bloquer l&rsquo;adh\u00e9sion de l&rsquo;Ukraine \u00e0 l&rsquo;Otan.&nbsp;<\/p>\n\n\n\n<h2 class=\"wp-block-heading\">Entre l&rsquo;Otan et Moscou : un \u00e9change difficile<\/h2>\n\n\n\n<p>Pour la premi\u00e8re fois depuis juillet 2019, le conseil Otan-Russie s&rsquo;est r\u00e9uni le 12&nbsp;janvier sur la question des tensions entre Kiev et Moscou. Cette instance avait \u00e9t\u00e9 affaiblie&nbsp;dans la lign\u00e9e de la crise ukrainienne et de l&rsquo;annexion de la Crim\u00e9e par la Russie, en 2014. En octobre, la mission diplomatique de la Russie aupr\u00e8s de l&rsquo;Otan avait m\u00eame \u00e9t\u00e9 retir\u00e9e, huit membres de son personnel \u00e9tant soup\u00e7onn\u00e9s d&rsquo;espionnage.&nbsp;<\/p>\n\n\n\n<p>Le 12 janvier \u00e0 Bruxelles,&nbsp;<em>\u00ab\u00a0la discussion n&rsquo;a pas \u00e9t\u00e9 ais\u00e9e.&nbsp;Les \u00e9changes ont \u00e9t\u00e9 directs sur la situation en Ukraine et des diff\u00e9rences majeures ont \u00e9t\u00e9 constat\u00e9es sur la s\u00e9curit\u00e9 en Europe\u00a0\u00bb,&nbsp;<\/em>a convenu Jens Stoltenberg, secr\u00e9taire g\u00e9n\u00e9ral de l&rsquo;Otan, \u00e0 l&rsquo;issue d&rsquo;une r\u00e9union avec&nbsp;Alexandre Grouchko, \u00e9galement vice-ministre des Affaires \u00e9trang\u00e8res russe.&nbsp;<\/p>\n\n\n\n<p>\u00ab\u00a0La conversation a \u00e9t\u00e9 tr\u00e8s franche, mais elle a r\u00e9v\u00e9l\u00e9 un grand nombre de divergences sur des questions fondamentales.\u00a0\u00bbAlexandre Grouchko, vice-ministre des Affaires \u00e9trang\u00e8res russe&nbsp;<\/p>\n\n\n\n<p>lors d&rsquo;un point presse<\/p>\n\n\n\n<p>Reconnaissant que les d\u00e9saccords&nbsp;\u00e9taient&nbsp;difficilement surmontables, Jens Stoltenberg a appel\u00e9 la Russie \u00e0&nbsp;<em>\u00ab\u00a0s&rsquo;engager dans la d\u00e9sescalade\u00a0\u00bb.&nbsp;\u00ab\u00a0Le risque d&rsquo;un nouveau conflit arm\u00e9 est r\u00e9el. La sortie de crise incombe \u00e0 la Russie\u00a0\u00bb,&nbsp;<\/em>a-t-il insist\u00e9.<\/p>\n\n\n\n<h2 class=\"wp-block-heading\">Au sein de l&rsquo;OSCE : un blocage lors des n\u00e9gociations<\/h2>\n\n\n\n<p>Au lendemain de la r\u00e9union du conseil Otan-Russie, de nouvelles n\u00e9gociations ont \u00e9t\u00e9 organis\u00e9es \u00e0 Vienne (Autriche) au sein de l&rsquo;Organisation pour la s\u00e9curit\u00e9 et la coop\u00e9ration en Europe (OSCE). Cette plateforme de discussions entre Etats&nbsp;d&rsquo;Europe, d&rsquo;Am\u00e9rique du Nord et d&rsquo;Asie centrale, r\u00e9unit les Etats-Unis et la Russie autour d&rsquo;une m\u00eame table.&nbsp;<\/p>\n\n\n\n<p><em>\u00ab\u00a0Il semble que le risque de guerre dans la zone de l&rsquo;OSCE n&rsquo;a jamais \u00e9t\u00e9 aussi intense au cours des trente&nbsp;derni\u00e8res ann\u00e9es<\/em>, a soulign\u00e9 le ministre polonais des Affaires \u00e9trang\u00e8res, Zbigniew Rau.&nbsp;<em>Un d\u00e9fi de taille pour cette organisation dont le but est pr\u00e9cis\u00e9ment de bannir la guerre d&rsquo;Europe.\u00a0\u00bb<\/em><\/p>\n\n\n\n<p>La r\u00e9union, pourtant, s&rsquo;est sold\u00e9e par un blocage entre la Russie et les Etats occidentaux. Le repr\u00e9sentant russe \u00e0 l&rsquo;OSCE,&nbsp;Alexandre Loukachevitch, a d\u00e9nonc\u00e9<em>&nbsp;\u00ab\u00a0l&rsquo;absence de r\u00e9ponse appropri\u00e9e\u00a0\u00bb&nbsp;<\/em>de leur part aux demandes du Kremlin.&nbsp;<\/p>\n\n\n\n<p>\u00ab\u00a0Tout a tourn\u00e9 autour de leurs inqui\u00e9tudes et du soi-disant comportement agressif de la Russie. C&rsquo;est clairement une d\u00e9ception.\u00a0\u00bbAlexandre Loukachevitch, repr\u00e9sentant russe \u00e0 l&rsquo;OSCE&nbsp;<\/p>\n\n\n\n<p>\u00e0 l&rsquo;issue d&rsquo;une r\u00e9union au sein de l&rsquo;instance sur l&rsquo;Ukraine<\/p>\n\n\n\n<h2 class=\"wp-block-heading\">Au sein du format dit \u00ab\u00a0Normandie\u00a0\u00bb :&nbsp;un signal de d\u00e9tente<\/h2>\n\n\n\n<p>Les conseillers diplomatiques russes et ukrainiens se sont ensuite r\u00e9unis \u00e0 Paris mercredi, en compagnie des m\u00e9diateurs allemands et fran\u00e7ais, pour discuter du processus de paix. Cette r\u00e9union marque le retour du format dit \u00ab\u00a0Normandie\u00a0\u00bb entre Paris, Berlin, Moscou et Kiev,&nbsp;\u00e0 l&rsquo;origine d&rsquo;une rencontre en 2014, \u00e0 Ouistreham (Calvados, Normandie), qui devait ramener la paix dans l&rsquo;est de l&rsquo;Ukraine.<strong>&nbsp;<\/strong>La derni\u00e8re r\u00e9union entre conseillers des quatre Etats remontait au 17 septembre 2021.<\/p>\n\n\n\n<p>\u00ab\u00a0L&rsquo;objectif \u00e9tait d&rsquo;envoyer un signal de d\u00e9tente dans un contexte avec beaucoup d&rsquo;interrogations sur les intentions russes. Nous avons obtenu un bon signal dans des conditions difficiles. Le r\u00e9engagement que nous recherchions.\u00a0\u00bbL&rsquo;Elys\u00e9e&nbsp;<\/p>\n\n\n\n<p>\u00e0 l&rsquo;issue d&rsquo;une r\u00e9union du format dit \u00ab\u00a0Normandie\u00a0\u00bb<\/p>\n\n\n\n<p>Dans un communiqu\u00e9 commun, les n\u00e9gociateurs ont affirm\u00e9 leur<em>&nbsp;\u00ab\u00a0respect inconditionnel du cessez-le-feu\u00a0\u00bb<\/em>&nbsp;dans l&rsquo;est de l&rsquo;Ukraine<em>.&nbsp;\u00ab\u00a0C&rsquo;est important aujourd&rsquo;hui, o\u00f9 chacun s&rsquo;interroge sur les intentions de Vladimir Poutine, et la possibilit\u00e9 d&rsquo;une d\u00e9stabilisation qui pourrait intervenir dans le Donbass ou sur la ligne de contact\u00a0\u00bb,&nbsp;<\/em>a soulign\u00e9 l&rsquo;Elys\u00e9e. Le communiqu\u00e9 est d&rsquo;ailleurs le&nbsp;<em>\u00ab\u00a0premier document significatif sur lequel nous r\u00e9ussissons \u00e0 tomber d&rsquo;accord depuis d\u00e9cembre 2019\u00a0\u00bb<\/em>, a salu\u00e9&nbsp;le n\u00e9gociateur ukrainien Andri\u00ef Iermak.&nbsp;<\/p>\n\n\n\n<p>Le n\u00e9gociateur russe, Dmitri Kozak, a toutefois rappel\u00e9 que la situation dans l&rsquo;est de l&rsquo;Ukraine et les tensions entre Kiev et Moscou \u00e0 la fronti\u00e8re \u00e9taient&nbsp;<em>\u00ab\u00a0deux choses diff\u00e9rentes\u00a0\u00bb.<\/em><\/p>\n\n\n\n<h2 class=\"wp-block-heading\">Entre l&rsquo;Union europ\u00e9enne et la Russie : une relation au point mort<\/h2>\n\n\n\n<p>Les Etats-Unis ont donn\u00e9 \u00e0 l&rsquo;UE&nbsp;<em>\u00ab\u00a0l&rsquo;assurance que rien ne sera d\u00e9cid\u00e9 ni n\u00e9goci\u00e9 sans les Europ\u00e9ens\u00a0\u00bb,&nbsp;<\/em>a assur\u00e9 le 13 janvier Josep Borrell, haut repr\u00e9sentant de l&rsquo;UE pour les Affaires \u00e9trang\u00e8res et la politique de s\u00e9curit\u00e9.&nbsp;<em>\u00ab\u00a0La coordination avec les Am\u00e9ricains est absolument parfaite\u00a0\u00bb,&nbsp;<\/em>a-t-il insist\u00e9.<\/p>\n\n\n\n<p>C\u00f4t\u00e9 russe, l&rsquo;id\u00e9e d&rsquo;un dialogue direct entre Bruxelles et Moscou n&rsquo;est pas la priorit\u00e9&nbsp;du Kremlin. Au lendemain des d\u00e9clarations de Josep Borrell, le chef de la diplomatie russe, Sergue\u00ef Lavrov, s&rsquo;est exprim\u00e9 \u00e0 ce sujet, rel\u00e8ve&nbsp;<a href=\"https:\/\/www.rfi.fr\/fr\/europe\/20220114-crise-en-ukraine-sergue%C3%AF-lavrov-tacle-les-europ%C3%A9ens-absents-des-pourparlers\" target=\"_blank\" rel=\"noreferrer noopener\">RFI<\/a>&nbsp;:&nbsp;\u00ab\u00a0<em>Je ne sais m\u00eame pas comment l&rsquo;UE voit sa participation aux n\u00e9gociations sur la s\u00e9curit\u00e9.\u00a0\u00bb<\/em><\/p>\n\n\n\n<p>\u00ab\u00a0Vous voulez savoir s&rsquo;il est possible d&rsquo;\u00e9tablir un canal avec l&rsquo;UE sur les questions de s\u00e9curit\u00e9, s\u00e9par\u00e9 des \u00c9tats-Unis et de l&rsquo;Otan ? Franchement, je ne sais pas. Maintenant nous sommes tourn\u00e9s vers les \u00c9tats-Unis et l&rsquo;Otan.\u00a0\u00bbSergue\u00ef Lavrov, chef de la diplomatie russe&nbsp;<\/p>\n\n\n\n<p>lors d&rsquo;une conf\u00e9rence de presse<\/p>\n\n\n\n<p>\u00ab\u00a0<em>Avec l&rsquo;Otan, au moins, nous avons encore sur papier la structure du Conseil Otan-Russie\u00a0\u00bb,&nbsp;<\/em>a soulign\u00e9 le ministre russe des Affaires \u00e9trang\u00e8res. Moscou avait&nbsp;fait l&rsquo;objet de&nbsp;<a href=\"https:\/\/www.consilium.europa.eu\/fr\/policies\/sanctions\/ukraine-crisis\/\" target=\"_blank\" rel=\"noreferrer noopener\">sanctions diplomatiques de la part de l&rsquo;UE<\/a>, en 2014, en raison de la crise en Crim\u00e9e. Il y a pr\u00e8s d&rsquo;un an, une visite de Josep Borrell \u00e0 Moscou s&rsquo;\u00e9tait sold\u00e9e par l&rsquo;annonce de l&rsquo;expulsion de trois diplomates europ\u00e9ens de Russie, rappelle&nbsp;<em><a href=\"https:\/\/www.lemonde.fr\/idees\/article\/2021\/02\/08\/a-moscou-une-lecon-pour-l-europe_6069179_3232.html\" target=\"_blank\" rel=\"noreferrer noopener\">Le Monde<\/a>. \u00ab\u00a0Le message qu&rsquo;a confirm\u00e9 le pouvoir russe au cours de cette d\u00e9sastreuse visite, c&rsquo;est qu&rsquo;il n&rsquo;a aucunement l&rsquo;intention de dialoguer avec l&rsquo;UE\u00a0\u00bb,<\/em>&nbsp;\u00e9crivait alors le quotidien.<\/p>\n","protected":false},"excerpt":{"rendered":"<p>Faire le point sur l&rsquo;ensemble de la situation, obtenir de la visibilit\u00e9 et engager un dialogue exigeant.\u00a0\u00bb&nbsp;Voici l&rsquo;objectif de l&rsquo;\u00e9change t\u00e9l\u00e9phonique entre&nbsp;Emmanuel Macron et Vladimir Poutine, vendredi matin, selon les termes tr\u00e8s diplomatiques du locataire de l&rsquo;Elys\u00e9e. Le mot \u00ab\u00a0d\u00e9sescalade\u00a0\u00bb n&rsquo;est pas prononc\u00e9, mais c&rsquo;est l&rsquo;enjeu de ce coup de fil entre les pr\u00e9sidents fran\u00e7ais [&hellip;]<\/p>\n","protected":false},"author":2,"featured_media":20240,"comment_status":"open","ping_status":"open","sticky":false,"template":"","format":"standard","meta":{"_jetpack_memberships_contains_paid_content":false,"footnotes":"","jetpack_publicize_message":"","jetpack_publicize_feature_enabled":true,"jetpack_social_post_already_shared":true,"jetpack_social_options":{"image_generator_settings":{"template":"highway","default_image_id":0,"font":"","enabled":false},"version":2},"_wpas_customize_per_network":false},"categories":[405],"tags":[],"class_list":["post-20239","post","type-post","status-publish","format-standard","has-post-thumbnail","hentry","category-actu-france-monde"],"jetpack_publicize_connections":[],"jetpack_featured_media_url":"https:\/\/i0.wp.com\/www.iceagetv.com\/radiosite\/wp-content\/uploads\/2022\/01\/Crise-en-Ukraine.png?fit=789%2C511&ssl=1","jetpack_sharing_enabled":true,"_links":{"self":[{"href":"https:\/\/www.iceagetv.com\/radiosite\/wp-json\/wp\/v2\/posts\/20239","targetHints":{"allow":["GET"]}}],"collection":[{"href":"https:\/\/www.iceagetv.com\/radiosite\/wp-json\/wp\/v2\/posts"}],"about":[{"href":"https:\/\/www.iceagetv.com\/radiosite\/wp-json\/wp\/v2\/types\/post"}],"author":[{"embeddable":true,"href":"https:\/\/www.iceagetv.com\/radiosite\/wp-json\/wp\/v2\/users\/2"}],"replies":[{"embeddable":true,"href":"https:\/\/www.iceagetv.com\/radiosite\/wp-json\/wp\/v2\/comments?post=20239"}],"version-history":[{"count":1,"href":"https:\/\/www.iceagetv.com\/radiosite\/wp-json\/wp\/v2\/posts\/20239\/revisions"}],"predecessor-version":[{"id":20241,"href":"https:\/\/www.iceagetv.com\/radiosite\/wp-json\/wp\/v2\/posts\/20239\/revisions\/20241"}],"wp:featuredmedia":[{"embeddable":true,"href":"https:\/\/www.iceagetv.com\/radiosite\/wp-json\/wp\/v2\/media\/20240"}],"wp:attachment":[{"href":"https:\/\/www.iceagetv.com\/radiosite\/wp-json\/wp\/v2\/media?parent=20239"}],"wp:term":[{"taxonomy":"category","embeddable":true,"href":"https:\/\/www.iceagetv.com\/radiosite\/wp-json\/wp\/v2\/categories?post=20239"},{"taxonomy":"post_tag","embeddable":true,"href":"https:\/\/www.iceagetv.com\/radiosite\/wp-json\/wp\/v2\/tags?post=20239"}],"curies":[{"name":"wp","href":"https:\/\/api.w.org\/{rel}","templated":true}]}}