{"id":20242,"date":"2022-01-29T08:14:00","date_gmt":"2022-01-29T08:14:00","guid":{"rendered":"http:\/\/www.iceagetv.com\/radiosite\/?p=20242"},"modified":"2022-01-29T08:14:00","modified_gmt":"2022-01-29T08:14:00","slug":"attention-le-gouvernement-modifie-discretement-le-pass-vaccinal-qui-ne-sera-valable-que-4-mois-et-non-plus-6-si-vous-avez-ete-infecte-par-le-virus-cette-decision-surprise-sera-retroactive-des-le-1","status":"publish","type":"post","link":"https:\/\/www.iceagetv.com\/radiosite\/attention-le-gouvernement-modifie-discretement-le-pass-vaccinal-qui-ne-sera-valable-que-4-mois-et-non-plus-6-si-vous-avez-ete-infecte-par-le-virus-cette-decision-surprise-sera-retroactive-des-le-1\/","title":{"rendered":"Attention : Le gouvernement modifie discr\u00e8tement le pass vaccinal qui ne sera valable que 4 mois et non plus 6 si vous avez \u00e9t\u00e9 infect\u00e9 par le virus &#8211; Cette d\u00e9cision surprise sera r\u00e9troactive d\u00e8s le 15 f\u00e9vrier"},"content":{"rendered":"\n<p>C&rsquo;est une annonce qui concerne des millions de Fran\u00e7ais, mais Olivier V\u00e9ran a d\u00e9cid\u00e9 de la glisser au milieu d&rsquo;une vid\u00e9o mise en ligne discr\u00e8tement sur les r\u00e9seaux sociaux.&nbsp;<\/p>\n\n\n\n<p>Olivier V\u00e9ran indique en effet dans cette vid\u00e9o \u00e0 voir ci-dessus que le justificatif de r\u00e9tablissement \u00e0 la suite d\u2019un test positif ne donnera droit au passe vaccinal, \u00e0 partir du 15 f\u00e9vrier, que durant quatre mois. Actuellement, ce d\u00e9lai est de six mois. Ce changement figure \u00e9galement dans une note d\u2019information du minist\u00e8re de la Sant\u00e9, mise en ligne ce jeudi.<\/p>\n\n\n\n<p><strong>En clair, si vous avez eu le COVID, vous aviez jusque l\u00e0 un pass vaccinal pour 6 mois, mais cette dur\u00e9e est brutalement r\u00e9duit \u00e0 4 mois et attention cette mesure est r\u00e9troactive \u00e0 partir du 15 f\u00e9vrier.<\/strong><\/p>\n\n\n\n<p>Contact\u00e9 par Le Parisien, l\u2019entourage d\u2019Olivier V\u00e9ran confirme ce double changement \u00e0 venir le 15 f\u00e9vrier. Le but est d\u2019\u00ab harmoniser les r\u00e8gles \u00bb pour les vaccin\u00e9s qui sont en attente de leur rappel, et pour les habitants qui ont \u00e9t\u00e9 infect\u00e9s.<\/p>\n\n\n\n<p>Le passe vaccinal est exig\u00e9 dans pratiquement tous les lieux o\u00f9 le passe sanitaire \u00e9tait n\u00e9cessaire : bars et restaurants, lieux culturels et de loisirs (cin\u00e9mas, th\u00e9\u00e2tres, mus\u00e9es, enceintes sportives, salles de sport et de spectacle&#8230;), foires et salons professionnels, grands centres commerciaux sur d\u00e9cision des pr\u00e9fets et pour les transports interr\u00e9gionaux (avions, trains, bus).<\/p>\n\n\n\n<p>Les professionnels travaillant dans ces \u00e9tablissements recevant du public sont \u00e9galement soumis \u00e0 l&rsquo;obligation de pr\u00e9senter un passe vaccinal.<\/p>\n","protected":false},"excerpt":{"rendered":"<p>C&rsquo;est une annonce qui concerne des millions de Fran\u00e7ais, mais Olivier V\u00e9ran a d\u00e9cid\u00e9 de la glisser au milieu d&rsquo;une vid\u00e9o mise en ligne discr\u00e8tement sur les r\u00e9seaux sociaux.&nbsp; Olivier V\u00e9ran indique en effet dans cette vid\u00e9o \u00e0 voir ci-dessus que le justificatif de r\u00e9tablissement \u00e0 la suite d\u2019un test positif ne donnera droit au [&hellip;]<\/p>\n","protected":false},"author":2,"featured_media":20243,"comment_status":"open","ping_status":"open","sticky":false,"template":"","format":"standard","meta":{"_jetpack_memberships_contains_paid_content":false,"footnotes":"","jetpack_publicize_message":"","jetpack_publicize_feature_enabled":true,"jetpack_social_post_already_shared":true,"jetpack_social_options":{"image_generator_settings":{"template":"highway","default_image_id":0,"font":"","enabled":false},"version":2},"_wpas_customize_per_network":false},"categories":[405],"tags":[],"class_list":["post-20242","post","type-post","status-publish","format-standard","has-post-thumbnail","hentry","category-actu-france-monde"],"jetpack_publicize_connections":[],"jetpack_featured_media_url":"https:\/\/i0.wp.com\/www.iceagetv.com\/radiosite\/wp-content\/uploads\/2022\/01\/Le-gouvernement-modifie-discretement-le-pass-vaccinal-qui-ne-sera-valable-que-4-mois.jpg?fit=920%2C397&ssl=1","jetpack_sharing_enabled":true,"_links":{"self":[{"href":"https:\/\/www.iceagetv.com\/radiosite\/wp-json\/wp\/v2\/posts\/20242","targetHints":{"allow":["GET"]}}],"collection":[{"href":"https:\/\/www.iceagetv.com\/radiosite\/wp-json\/wp\/v2\/posts"}],"about":[{"href":"https:\/\/www.iceagetv.com\/radiosite\/wp-json\/wp\/v2\/types\/post"}],"author":[{"embeddable":true,"href":"https:\/\/www.iceagetv.com\/radiosite\/wp-json\/wp\/v2\/users\/2"}],"replies":[{"embeddable":true,"href":"https:\/\/www.iceagetv.com\/radiosite\/wp-json\/wp\/v2\/comments?post=20242"}],"version-history":[{"count":1,"href":"https:\/\/www.iceagetv.com\/radiosite\/wp-json\/wp\/v2\/posts\/20242\/revisions"}],"predecessor-version":[{"id":20244,"href":"https:\/\/www.iceagetv.com\/radiosite\/wp-json\/wp\/v2\/posts\/20242\/revisions\/20244"}],"wp:featuredmedia":[{"embeddable":true,"href":"https:\/\/www.iceagetv.com\/radiosite\/wp-json\/wp\/v2\/media\/20243"}],"wp:attachment":[{"href":"https:\/\/www.iceagetv.com\/radiosite\/wp-json\/wp\/v2\/media?parent=20242"}],"wp:term":[{"taxonomy":"category","embeddable":true,"href":"https:\/\/www.iceagetv.com\/radiosite\/wp-json\/wp\/v2\/categories?post=20242"},{"taxonomy":"post_tag","embeddable":true,"href":"https:\/\/www.iceagetv.com\/radiosite\/wp-json\/wp\/v2\/tags?post=20242"}],"curies":[{"name":"wp","href":"https:\/\/api.w.org\/{rel}","templated":true}]}}