{"id":20300,"date":"2022-02-03T10:42:53","date_gmt":"2022-02-03T10:42:53","guid":{"rendered":"http:\/\/www.iceagetv.com\/radiosite\/?p=20300"},"modified":"2022-02-03T10:42:53","modified_gmt":"2022-02-03T10:42:53","slug":"la-ministre-du-travail-elisabeth-borne-indique-que-le-dialogue-devait-desormais-se-passer-au-sein-des-entreprises-pour-decider-des-regles-du-teletravail","status":"publish","type":"post","link":"https:\/\/www.iceagetv.com\/radiosite\/la-ministre-du-travail-elisabeth-borne-indique-que-le-dialogue-devait-desormais-se-passer-au-sein-des-entreprises-pour-decider-des-regles-du-teletravail\/","title":{"rendered":"La ministre du Travail \u00c9lisabeth Borne indique que le dialogue devait d\u00e9sormais se passer au sein des entreprises pour d\u00e9cider des r\u00e8gles du t\u00e9l\u00e9travail"},"content":{"rendered":"\n<p>La ministre du Travail \u00c9lisabeth Borne a indiqu\u00e9 jeudi que le dialogue devait d\u00e9sormais se passer au sein des entreprises pour d\u00e9cider des r\u00e8gles du t\u00e9l\u00e9travail, alors que depuis mercredi celui-ci n&rsquo;est plus impos\u00e9 mais seulement recommand\u00e9. \u00ab\u00a0On rend la main aux entreprises\u00a0\u00bb, a-t-elle dit sur RMC-BFMTV. Mercredi, la France a commenc\u00e9 \u00e0 lever des restrictions li\u00e9es au Covid-19, dont le t\u00e9l\u00e9travail, qui n&rsquo;est plus impos\u00e9 mais seulement recommand\u00e9.<\/p>\n\n\n\n<p>\u00ab\u00a0Beaucoup d&rsquo;entreprises ont sign\u00e9 des accords, c&rsquo;est le moment de les appliquer\u00a0\u00bb, a dit la ministre, incitant \u00e0 \u00ab\u00a0aller peut-\u00eatre un peu plus loin (que ces accords, ndlr) car l&rsquo;\u00e9pid\u00e9mie n&rsquo;est pas derri\u00e8re nous\u00a0\u00bb. \u00ab\u00a0Je souhaite que ce soit discut\u00e9 au sein des entreprises pour trouver le bon \u00e9quilibre\u00a0\u00bb, a soulign\u00e9 \u00c9lisabeth Borne.<\/p>\n\n\n\n<p>La ministre, qui avait r\u00e9cemment appel\u00e9 \u00e0 renforcer le t\u00e9l\u00e9travail pour freiner l&rsquo;\u00e9pid\u00e9mie, a dit avoir \u00e9t\u00e9 entendue. Selon la derni\u00e8re enqu\u00eate, \u00ab\u00a0en moyenne 65% des salari\u00e9s qui peuvent t\u00e9l\u00e9travailler l&rsquo;ont fait, 75% en \u00cele-de-France, c&rsquo;est 5 points de plus que d\u00e9but janvier\u00a0\u00bb, s&rsquo;est-elle r\u00e9jouie. Jusqu&rsquo;\u00e0 pr\u00e9sent, aucune entreprise n&rsquo;a \u00e9cop\u00e9 de sanction, a-t-elle ajout\u00e9.<\/p>\n\n\n\n<p>Interrog\u00e9e par ailleurs sur l&rsquo;id\u00e9e d&rsquo;instaurer une semaine de quatre jours, \u00e0 laquelle est notamment favorable Yannick Jadot, le candidat \u00e0 la pr\u00e9sidentielle \u00e9cologiste, Mme Borne n&rsquo;entend pas l&rsquo;encourager. \u00ab\u00a0Je pense que c&rsquo;est un choix des entreprises, \u00e7a peut se discuter\u00a0\u00bb au sein de certaines entreprises mais \u00ab\u00a0je ne pr\u00e9conise pas du tout\u00a0\u00bb cette mesure pour tous, a-t-elle dit. Le dirigeant du g\u00e9ant p\u00e9trolier Patrick Pouyann\u00e9 s&rsquo;\u00e9tait dit \u00ab\u00a0pr\u00eat \u00e0 regarder de pr\u00e8s\u00a0\u00bb le sujet, dans un entretien aux \u00c9chos fin janvier.<\/p>\n","protected":false},"excerpt":{"rendered":"<p>La ministre du Travail \u00c9lisabeth Borne a indiqu\u00e9 jeudi que le dialogue devait d\u00e9sormais se passer au sein des entreprises pour d\u00e9cider des r\u00e8gles du t\u00e9l\u00e9travail, alors que depuis mercredi celui-ci n&rsquo;est plus impos\u00e9 mais seulement recommand\u00e9. \u00ab\u00a0On rend la main aux entreprises\u00a0\u00bb, a-t-elle dit sur RMC-BFMTV. Mercredi, la France a commenc\u00e9 \u00e0 lever des [&hellip;]<\/p>\n","protected":false},"author":2,"featured_media":20301,"comment_status":"open","ping_status":"open","sticky":false,"template":"","format":"standard","meta":{"_jetpack_memberships_contains_paid_content":false,"footnotes":"","jetpack_publicize_message":"","jetpack_publicize_feature_enabled":true,"jetpack_social_post_already_shared":true,"jetpack_social_options":{"image_generator_settings":{"template":"highway","default_image_id":0,"font":"","enabled":false},"version":2},"_wpas_customize_per_network":false},"categories":[405],"tags":[],"class_list":["post-20300","post","type-post","status-publish","format-standard","has-post-thumbnail","hentry","category-actu-france-monde"],"jetpack_publicize_connections":[],"jetpack_featured_media_url":"https:\/\/i0.wp.com\/www.iceagetv.com\/radiosite\/wp-content\/uploads\/2022\/02\/La-ministre-du-Travail-Elisabeth-Borne.jpg?fit=680%2C294&ssl=1","jetpack_sharing_enabled":true,"_links":{"self":[{"href":"https:\/\/www.iceagetv.com\/radiosite\/wp-json\/wp\/v2\/posts\/20300","targetHints":{"allow":["GET"]}}],"collection":[{"href":"https:\/\/www.iceagetv.com\/radiosite\/wp-json\/wp\/v2\/posts"}],"about":[{"href":"https:\/\/www.iceagetv.com\/radiosite\/wp-json\/wp\/v2\/types\/post"}],"author":[{"embeddable":true,"href":"https:\/\/www.iceagetv.com\/radiosite\/wp-json\/wp\/v2\/users\/2"}],"replies":[{"embeddable":true,"href":"https:\/\/www.iceagetv.com\/radiosite\/wp-json\/wp\/v2\/comments?post=20300"}],"version-history":[{"count":1,"href":"https:\/\/www.iceagetv.com\/radiosite\/wp-json\/wp\/v2\/posts\/20300\/revisions"}],"predecessor-version":[{"id":20302,"href":"https:\/\/www.iceagetv.com\/radiosite\/wp-json\/wp\/v2\/posts\/20300\/revisions\/20302"}],"wp:featuredmedia":[{"embeddable":true,"href":"https:\/\/www.iceagetv.com\/radiosite\/wp-json\/wp\/v2\/media\/20301"}],"wp:attachment":[{"href":"https:\/\/www.iceagetv.com\/radiosite\/wp-json\/wp\/v2\/media?parent=20300"}],"wp:term":[{"taxonomy":"category","embeddable":true,"href":"https:\/\/www.iceagetv.com\/radiosite\/wp-json\/wp\/v2\/categories?post=20300"},{"taxonomy":"post_tag","embeddable":true,"href":"https:\/\/www.iceagetv.com\/radiosite\/wp-json\/wp\/v2\/tags?post=20300"}],"curies":[{"name":"wp","href":"https:\/\/api.w.org\/{rel}","templated":true}]}}