{"id":20306,"date":"2022-02-03T15:54:15","date_gmt":"2022-02-03T15:54:15","guid":{"rendered":"http:\/\/www.iceagetv.com\/radiosite\/?p=20306"},"modified":"2022-02-03T15:54:15","modified_gmt":"2022-02-03T15:54:15","slug":"patrick-et-isabelle-balkany-sont-envoyes-en-prison-apres-la-revocation-definitive-de-leur-placement-sous-bracelet-electronique-isabelle-balkany-transportee-par-le-samu-apres-avoir-avale-une-boite-de","status":"publish","type":"post","link":"https:\/\/www.iceagetv.com\/radiosite\/patrick-et-isabelle-balkany-sont-envoyes-en-prison-apres-la-revocation-definitive-de-leur-placement-sous-bracelet-electronique-isabelle-balkany-transportee-par-le-samu-apres-avoir-avale-une-boite-de\/","title":{"rendered":"Patrick et Isabelle Balkany sont envoy\u00e9s en prison apr\u00e8s la r\u00e9vocation d\u00e9finitive de leur placement sous bracelet \u00e9lectronique &#8211; Isabelle Balkany transport\u00e9e par le Samu apr\u00e8s avoir aval\u00e9 une bo\u00eete de m\u00e9dicaments"},"content":{"rendered":"\n<p>Dans un communiqu\u00e9, les avocats d&rsquo;Isabelle Balkany d\u00e9noncent \u00ab\u00a0une nouvelle illustration d&rsquo;une justice symbole\u00a0\u00bb et ont insist\u00e9 sur l&rsquo;\u00e9tat de sant\u00e9 de leur cliente. \u00ab\u00a0Ag\u00e9e de 75 ans, dans un \u00e9tat physique et psychologique extr\u00eamement d\u00e9grad\u00e9, Isabelle Balkany a d\u00e9j\u00e0 tout perdu, au cours de cette proc\u00e9dure p\u00e9nale qui aura dur\u00e9 pr\u00e8s de dix ans\u00a0\u00bb, d\u00e9clarent Me Pierre-Olivier Sur et Clara G\u00e9rard-Rodriguez.\u00a0\u00bb<\/p>\n\n\n\n<p><strong>Patrick Balkany r\u00e9agit sur BFM TV: \u00ab\u00a0C&rsquo;est une d\u00e9cision injuste! Nous avons toujours respect\u00e9 nos obligations. Nous ne pouvions sortir que de 14h \u00e0 18h\u00a0\u00bb<\/strong><em>close<\/em><em>volume_off<\/em>https:\/\/www.dailymotion.com\/embed\/video\/x80m9qx?ads_params=main&amp;api=postMessage&amp;autoplay=true&amp;controls=false&amp;id=sw_infeed_v_el_x80m9qx&amp;mute=true&amp;origin=https%3A%2F%2Fwww.jeanmarcmorandini.com&amp;sharing-enable=false&amp;syndication=273773https:\/\/www.dailymotion.com\/embed\/video\/x81jsva?ads_params=main&amp;api=postMessage&amp;autoplay=true&amp;controls=false&amp;id=sw_infeed_v_el_x81jsva&amp;mute=true&amp;origin=https%3A%2F%2Fwww.jeanmarcmorandini.com&amp;sharing-enable=false&amp;syndication=273773https:\/\/www.dailymotion.com\/embed\/video\/x805o9t?ads_params=main&amp;api=postMessage&amp;autoplay=true&amp;controls=false&amp;id=sw_infeed_v_el_x805o9t&amp;mute=true&amp;origin=https%3A%2F%2Fwww.jeanmarcmorandini.com&amp;sharing-enable=false&amp;syndication=273773https:\/\/www.dailymotion.com\/embed\/video\/x87dx4k?ads_params=main&amp;api=postMessage&amp;autoplay=true&amp;controls=false&amp;id=sw_infeed_v_el_x87dx4k&amp;mute=true&amp;origin=https%3A%2F%2Fwww.jeanmarcmorandini.com&amp;sharing-enable=false&amp;syndication=273773<\/p>\n\n\n\n<p><strong>\u00ab\u00a0Le Samu est l\u00e0, ma femme repart avec eux! Elle a aval\u00e9 une bo\u00eete de m\u00e9dicaments\u00a0\u00bb, a-t-il annonc\u00e9.<\/strong><\/p>\n\n\n\n<p><strong>\u00ab\u00a0\u00a0\u00bbElle avait dit &lsquo;moi je ne vais pas en prison, je me supprime. J&rsquo;\u00e9tais en bas en train de parler \u00e0 mon avocat, elle a eu le sien, elle a aval\u00e9 une bo\u00eete de je-ne-sais-quoi.\u00a0\u00bb\u00a0\u00bb<\/strong><\/p>\n\n\n\n<p><strong>\u00ab\u00a0C&rsquo;est honteux, je vais porter plainte pour mise en danger d&rsquo;autrui! Et moi, j&rsquo;ai failli crever en prison! C&rsquo;est totalement injuste!\u00a0\u00bb<\/strong><\/p>\n\n\n\n<p>Sur sa page Facebook, Isabelle Balkany a publi\u00e9 un message: \u00ab\u00a0<\/p>\n\n\n\n<p>\u00ab\u00a0Je veux juste dormir, DORMIR&#8230;\u00c9puis\u00e9e par l&rsquo;\u00e2ge, le mien, la haine, des autres, l&rsquo;angoisse pour l&rsquo;Homme de ma vie, la blessure, ingu\u00e9rissable, du \u00ab\u00a0gommage\u00a0\u00bb de ce que j&rsquo;ai pu faire de positif&#8230;Merci \u00e0 ceux qui m&rsquo;ont fait le bonheur de m&rsquo;aimer&#8230; et \u00e0 mes amours \u00e0 4 pattes\u00a0\u00bb<\/p>\n","protected":false},"excerpt":{"rendered":"<p>Dans un communiqu\u00e9, les avocats d&rsquo;Isabelle Balkany d\u00e9noncent \u00ab\u00a0une nouvelle illustration d&rsquo;une justice symbole\u00a0\u00bb et ont insist\u00e9 sur l&rsquo;\u00e9tat de sant\u00e9 de leur cliente. \u00ab\u00a0Ag\u00e9e de 75 ans, dans un \u00e9tat physique et psychologique extr\u00eamement d\u00e9grad\u00e9, Isabelle Balkany a d\u00e9j\u00e0 tout perdu, au cours de cette proc\u00e9dure p\u00e9nale qui aura dur\u00e9 pr\u00e8s de dix ans\u00a0\u00bb, [&hellip;]<\/p>\n","protected":false},"author":2,"featured_media":20307,"comment_status":"open","ping_status":"open","sticky":false,"template":"","format":"standard","meta":{"_jetpack_memberships_contains_paid_content":false,"footnotes":"","jetpack_publicize_message":"","jetpack_publicize_feature_enabled":true,"jetpack_social_post_already_shared":true,"jetpack_social_options":{"image_generator_settings":{"template":"highway","default_image_id":0,"font":"","enabled":false},"version":2},"_wpas_customize_per_network":false},"categories":[405],"tags":[],"class_list":["post-20306","post","type-post","status-publish","format-standard","has-post-thumbnail","hentry","category-actu-france-monde"],"jetpack_publicize_connections":[],"jetpack_featured_media_url":"https:\/\/i0.wp.com\/www.iceagetv.com\/radiosite\/wp-content\/uploads\/2022\/02\/Patrick-et-Isabelle-Balkany-sont-envoyes-en-prison.jpeg?fit=680%2C294&ssl=1","jetpack_sharing_enabled":true,"_links":{"self":[{"href":"https:\/\/www.iceagetv.com\/radiosite\/wp-json\/wp\/v2\/posts\/20306","targetHints":{"allow":["GET"]}}],"collection":[{"href":"https:\/\/www.iceagetv.com\/radiosite\/wp-json\/wp\/v2\/posts"}],"about":[{"href":"https:\/\/www.iceagetv.com\/radiosite\/wp-json\/wp\/v2\/types\/post"}],"author":[{"embeddable":true,"href":"https:\/\/www.iceagetv.com\/radiosite\/wp-json\/wp\/v2\/users\/2"}],"replies":[{"embeddable":true,"href":"https:\/\/www.iceagetv.com\/radiosite\/wp-json\/wp\/v2\/comments?post=20306"}],"version-history":[{"count":1,"href":"https:\/\/www.iceagetv.com\/radiosite\/wp-json\/wp\/v2\/posts\/20306\/revisions"}],"predecessor-version":[{"id":20308,"href":"https:\/\/www.iceagetv.com\/radiosite\/wp-json\/wp\/v2\/posts\/20306\/revisions\/20308"}],"wp:featuredmedia":[{"embeddable":true,"href":"https:\/\/www.iceagetv.com\/radiosite\/wp-json\/wp\/v2\/media\/20307"}],"wp:attachment":[{"href":"https:\/\/www.iceagetv.com\/radiosite\/wp-json\/wp\/v2\/media?parent=20306"}],"wp:term":[{"taxonomy":"category","embeddable":true,"href":"https:\/\/www.iceagetv.com\/radiosite\/wp-json\/wp\/v2\/categories?post=20306"},{"taxonomy":"post_tag","embeddable":true,"href":"https:\/\/www.iceagetv.com\/radiosite\/wp-json\/wp\/v2\/tags?post=20306"}],"curies":[{"name":"wp","href":"https:\/\/api.w.org\/{rel}","templated":true}]}}