{"id":20316,"date":"2022-02-04T16:22:47","date_gmt":"2022-02-04T16:22:47","guid":{"rendered":"http:\/\/www.iceagetv.com\/radiosite\/?p=20316"},"modified":"2022-02-04T16:22:47","modified_gmt":"2022-02-04T16:22:47","slug":"coronavirus-lespagne-mettra-fin-mardi-prochain-a-lobligation-de-porter-un-masque-en-exterieur-une-mesure-reinstauree-fin-decembre","status":"publish","type":"post","link":"https:\/\/www.iceagetv.com\/radiosite\/coronavirus-lespagne-mettra-fin-mardi-prochain-a-lobligation-de-porter-un-masque-en-exterieur-une-mesure-reinstauree-fin-decembre\/","title":{"rendered":"Coronavirus &#8211; L\u2019Espagne mettra fin mardi prochain \u00e0 l\u2019obligation de porter un masque en ext\u00e9rieur, une mesure r\u00e9instaur\u00e9e fin d\u00e9cembre"},"content":{"rendered":"\n<p>L\u2019Espagne a annonc\u00e9 qu\u2019elle mettrait fin mardi prochain \u00e0 l\u2019obligation de porter un masque en ext\u00e9rieur, une mesure r\u00e9instaur\u00e9e fin d\u00e9cembre face \u00e0 la vague de cas de Covid-19 provoqu\u00e9e par le variant Omicron. Le gouvernement de Pedro S\u00e1nchez adoptera lors du conseil des ministre de mardi \u00ab&nbsp;le d\u00e9cret qui supprimera l\u2019obligation de l\u2019usage du masque en ext\u00e9rieur&nbsp;\u00bb, a affirm\u00e9 vendredi la ministre espagnole de la Sant\u00e9, Carolina Darias, \u00e0 la radio Cadena Ser.<\/p>\n\n\n\n<p>L\u2019Espagne avait r\u00e9instaur\u00e9 l\u2019obligation du port masque en ext\u00e9rieur le 22 d\u00e9cembre face \u00e0 une sixi\u00e8me vague de cas de cas de Covid-19 marqu\u00e9e par le contagieux variant Omicron. Mais \u00ab&nbsp;tous les indicateurs&nbsp;\u00bb sanitaires \u00ab&nbsp;sont en train de s\u2019am\u00e9liorer, &nbsp;\u00bbnotamment le taux d\u2019occupation\u00a0\u00bb dans les h\u00f4pitaux et le taux d\u2019incidence de cas a justifi\u00e9 la ministre de la Sant\u00e9.<\/p>\n","protected":false},"excerpt":{"rendered":"<p>L\u2019Espagne a annonc\u00e9 qu\u2019elle mettrait fin mardi prochain \u00e0 l\u2019obligation de porter un masque en ext\u00e9rieur, une mesure r\u00e9instaur\u00e9e fin d\u00e9cembre face \u00e0 la vague de cas de Covid-19 provoqu\u00e9e par le variant Omicron. Le gouvernement de Pedro S\u00e1nchez adoptera lors du conseil des ministre de mardi \u00ab&nbsp;le d\u00e9cret qui supprimera l\u2019obligation de l\u2019usage du [&hellip;]<\/p>\n","protected":false},"author":2,"featured_media":20317,"comment_status":"open","ping_status":"open","sticky":false,"template":"","format":"standard","meta":{"_jetpack_memberships_contains_paid_content":false,"footnotes":"","jetpack_publicize_message":"","jetpack_publicize_feature_enabled":true,"jetpack_social_post_already_shared":true,"jetpack_social_options":{"image_generator_settings":{"template":"highway","default_image_id":0,"font":"","enabled":false},"version":2},"_wpas_customize_per_network":false},"categories":[405],"tags":[],"class_list":["post-20316","post","type-post","status-publish","format-standard","has-post-thumbnail","hentry","category-actu-france-monde"],"jetpack_publicize_connections":[],"jetpack_featured_media_url":"https:\/\/i0.wp.com\/www.iceagetv.com\/radiosite\/wp-content\/uploads\/2022\/02\/LEspagne-mettra-fin-mardi-prochain-a-lobligation-de-porter-un-masque-en-exterieur.jpg?fit=680%2C294&ssl=1","jetpack_sharing_enabled":true,"_links":{"self":[{"href":"https:\/\/www.iceagetv.com\/radiosite\/wp-json\/wp\/v2\/posts\/20316","targetHints":{"allow":["GET"]}}],"collection":[{"href":"https:\/\/www.iceagetv.com\/radiosite\/wp-json\/wp\/v2\/posts"}],"about":[{"href":"https:\/\/www.iceagetv.com\/radiosite\/wp-json\/wp\/v2\/types\/post"}],"author":[{"embeddable":true,"href":"https:\/\/www.iceagetv.com\/radiosite\/wp-json\/wp\/v2\/users\/2"}],"replies":[{"embeddable":true,"href":"https:\/\/www.iceagetv.com\/radiosite\/wp-json\/wp\/v2\/comments?post=20316"}],"version-history":[{"count":1,"href":"https:\/\/www.iceagetv.com\/radiosite\/wp-json\/wp\/v2\/posts\/20316\/revisions"}],"predecessor-version":[{"id":20318,"href":"https:\/\/www.iceagetv.com\/radiosite\/wp-json\/wp\/v2\/posts\/20316\/revisions\/20318"}],"wp:featuredmedia":[{"embeddable":true,"href":"https:\/\/www.iceagetv.com\/radiosite\/wp-json\/wp\/v2\/media\/20317"}],"wp:attachment":[{"href":"https:\/\/www.iceagetv.com\/radiosite\/wp-json\/wp\/v2\/media?parent=20316"}],"wp:term":[{"taxonomy":"category","embeddable":true,"href":"https:\/\/www.iceagetv.com\/radiosite\/wp-json\/wp\/v2\/categories?post=20316"},{"taxonomy":"post_tag","embeddable":true,"href":"https:\/\/www.iceagetv.com\/radiosite\/wp-json\/wp\/v2\/tags?post=20316"}],"curies":[{"name":"wp","href":"https:\/\/api.w.org\/{rel}","templated":true}]}}