{"id":20319,"date":"2022-02-04T19:30:53","date_gmt":"2022-02-04T19:30:53","guid":{"rendered":"http:\/\/www.iceagetv.com\/radiosite\/?p=20319"},"modified":"2022-02-04T19:30:53","modified_gmt":"2022-02-04T19:30:53","slug":"convoi-de-la-liberte-les-anti-passe-vaccinal-francais-sorganisent-sur-le-modele-du-canada","status":"publish","type":"post","link":"https:\/\/www.iceagetv.com\/radiosite\/convoi-de-la-liberte-les-anti-passe-vaccinal-francais-sorganisent-sur-le-modele-du-canada\/","title":{"rendered":"Convoi de la libert\u00e9 \u00bb : les anti-passe vaccinal fran\u00e7ais s\u2019organisent sur le mod\u00e8le du Canada"},"content":{"rendered":"\n<p>Cr\u00e9\u00e9 le 26 janvier, un\u00a0<a rel=\"noreferrer noopener\" href=\"https:\/\/www.ouest-france.fr\/high-tech\/facebook\/\" target=\"_blank\">groupe Facebook, baptis\u00e9 \u00ab Le convoi de la libert\u00e9 \u00bb<\/a>, compte d\u00e9j\u00e0 plus de 195 000 abonn\u00e9s en France. Son objectif ? Rassembler les Fran\u00e7ais\u00a0<a rel=\"noreferrer noopener\" href=\"https:\/\/www.ouest-france.fr\/sante\/virus\/coronavirus\/pass-vaccinal\/\" target=\"_blank\">oppos\u00e9s au passe vaccinal<\/a>\u00a0sur\u00a0<a rel=\"noreferrer noopener\" href=\"https:\/\/www.ouest-france.fr\/monde\/canada\/canada-la-contestation-se-poursuit-mais-trudeau-exclut-l-intervention-de-l-armee-61360fa9-e8b7-4a01-87e3-0978d4b795fd\" target=\"_blank\">le mod\u00e8le du mouvement des camionneurs canadiens<\/a>, \u00e0 une exception pr\u00e8s : en France, tous les citoyens sont invit\u00e9s \u00e0 participer.<\/p>\n\n\n\n<p>Des consignes et des cartes sont propos\u00e9es. Beaucoup de dates circulent sur les r\u00e9seaux sociaux, parfois contradictoires. Les participants des villes les plus \u00e9loign\u00e9es de Paris sont ainsi invit\u00e9s \u00e0 prendre le d\u00e9part d\u00e8s le mercredi 9 f\u00e9vrier, puis le jeudi 10 et le vendredi 11 f\u00e9vrier.<\/p>\n\n\n\n<p><strong>\u00ab Vous avez tous entendu tout un tas de dates qui circulent, c\u2019est bien normal. \u00c0 l\u2019approche de chaque grand \u00e9v\u00e8nement, une multitude de dates sont lanc\u00e9es pour noyer le poisson. [\u2026] Alors conjointement, en discussion avec plusieurs groupements actifs sur le terrain, nous avons pris la d\u00e9cision de nous rejoindre le 13 f\u00e9vrier, dans la capitale, \u00e0 Paris \u00bb<\/strong>, indique R\u00e9mi Monde, une des figures du mouvement, dans&nbsp;<a href=\"https:\/\/www.lexpress.fr\/actualite\/societe\/comment-les-antivax-souhaitent-organiser-un-convoi-de-la-liberte-francais_2167325.html\" rel=\"noreferrer noopener\" target=\"_blank\"><em>L\u2019Express<\/em>&nbsp;<\/a>.<\/p>\n\n\n\n<h2 class=\"wp-block-heading\">Convois de France, d\u2019Allemagne\u2026 attendus \u00e0 Bruxelles<\/h2>\n\n\n\n<p>Mais il ne s\u2019agit pas l\u00e0 de la fin. Les manifestants sont invit\u00e9s \u00e0 ensuite rejoindre Bruxelles o\u00f9 d\u2019autres habitants de pays europ\u00e9ens devraient les rejoindre le 14 f\u00e9vrier. Diff\u00e9rents hashtags dans diff\u00e9rentes langues ont ainsi \u00e9t\u00e9 cr\u00e9\u00e9s sur Twitter pour appeler \u00e0 se rassembler et \u00e0 soutenir le mouvement.<\/p>\n\n\n\n<p>Contrairement au mouvement canadien qui est n\u00e9 de l\u2019obligation vaccinale pour les camionneurs transfrontaliers, en France, les chauffeurs routiers fran\u00e7ais ne sont pas \u00e0 l\u2019initiative du convoi.,&nbsp;<strong>\u00ab S\u2019ils nous rejoignent, c\u2019est une bonne chose, mais nous savons qu\u2019ils sont pris par leurs syndicats \u00bb,&nbsp;<\/strong>explique R\u00e9mi Monde dans&nbsp;<em>L\u2019Express<\/em><\/p>\n\n\n\n<h2 class=\"wp-block-heading\">Pouvoir d\u2019achat et revendications des Gilets Jaunes aussi<\/h2>\n\n\n\n<p>Cette absence de mobilisation syndicale devrait handicaper le convoi. C\u2019est en tout cas l\u2019avis des renseignements territoriaux, qui estiment que le risque de blocage est&nbsp;<strong>\u00ab faible \u00bb<\/strong>, indique&nbsp;<a href=\"https:\/\/www.francetvinfo.fr\/sante\/maladie\/coronavirus\/pass-vaccinal\/protestation-contre-le-pass-vaccinal-un-convoi-de-la-liberte-s-organise-en-france_4942170.html\" rel=\"noreferrer noopener\" target=\"_blank\"><em>France Info<\/em>&nbsp;<\/a>.<\/p>\n\n\n\n<p>Si le passe vaccinal et les restrictions sanitaires font partie des revendications, celles-ci sont aussi plus larges et rejoignent celles que portaient, notamment, les Gilets Jaunes. Beaucoup parlent de pouvoir d\u2019achat sur les r\u00e9seaux sociaux. La flamb\u00e9e des prix de l\u2019essence ces derniers jours est r\u00e9guli\u00e8rement cit\u00e9e.<\/p>\n","protected":false},"excerpt":{"rendered":"<p>Cr\u00e9\u00e9 le 26 janvier, un\u00a0groupe Facebook, baptis\u00e9 \u00ab Le convoi de la libert\u00e9 \u00bb, compte d\u00e9j\u00e0 plus de 195 000 abonn\u00e9s en France. Son objectif ? Rassembler les Fran\u00e7ais\u00a0oppos\u00e9s au passe vaccinal\u00a0sur\u00a0le mod\u00e8le du mouvement des camionneurs canadiens, \u00e0 une exception pr\u00e8s : en France, tous les citoyens sont invit\u00e9s \u00e0 participer. Des consignes et [&hellip;]<\/p>\n","protected":false},"author":2,"featured_media":20320,"comment_status":"open","ping_status":"open","sticky":false,"template":"","format":"standard","meta":{"_jetpack_memberships_contains_paid_content":false,"footnotes":"","jetpack_publicize_message":"","jetpack_publicize_feature_enabled":true,"jetpack_social_post_already_shared":true,"jetpack_social_options":{"image_generator_settings":{"template":"highway","default_image_id":0,"font":"","enabled":false},"version":2},"_wpas_customize_per_network":false},"categories":[405],"tags":[],"class_list":["post-20319","post","type-post","status-publish","format-standard","has-post-thumbnail","hentry","category-actu-france-monde"],"jetpack_publicize_connections":[],"jetpack_featured_media_url":"https:\/\/i0.wp.com\/www.iceagetv.com\/radiosite\/wp-content\/uploads\/2022\/02\/Convoi-de-la-liberte.png?fit=833%2C474&ssl=1","jetpack_sharing_enabled":true,"_links":{"self":[{"href":"https:\/\/www.iceagetv.com\/radiosite\/wp-json\/wp\/v2\/posts\/20319","targetHints":{"allow":["GET"]}}],"collection":[{"href":"https:\/\/www.iceagetv.com\/radiosite\/wp-json\/wp\/v2\/posts"}],"about":[{"href":"https:\/\/www.iceagetv.com\/radiosite\/wp-json\/wp\/v2\/types\/post"}],"author":[{"embeddable":true,"href":"https:\/\/www.iceagetv.com\/radiosite\/wp-json\/wp\/v2\/users\/2"}],"replies":[{"embeddable":true,"href":"https:\/\/www.iceagetv.com\/radiosite\/wp-json\/wp\/v2\/comments?post=20319"}],"version-history":[{"count":1,"href":"https:\/\/www.iceagetv.com\/radiosite\/wp-json\/wp\/v2\/posts\/20319\/revisions"}],"predecessor-version":[{"id":20321,"href":"https:\/\/www.iceagetv.com\/radiosite\/wp-json\/wp\/v2\/posts\/20319\/revisions\/20321"}],"wp:featuredmedia":[{"embeddable":true,"href":"https:\/\/www.iceagetv.com\/radiosite\/wp-json\/wp\/v2\/media\/20320"}],"wp:attachment":[{"href":"https:\/\/www.iceagetv.com\/radiosite\/wp-json\/wp\/v2\/media?parent=20319"}],"wp:term":[{"taxonomy":"category","embeddable":true,"href":"https:\/\/www.iceagetv.com\/radiosite\/wp-json\/wp\/v2\/categories?post=20319"},{"taxonomy":"post_tag","embeddable":true,"href":"https:\/\/www.iceagetv.com\/radiosite\/wp-json\/wp\/v2\/tags?post=20319"}],"curies":[{"name":"wp","href":"https:\/\/api.w.org\/{rel}","templated":true}]}}