{"id":20322,"date":"2022-02-05T08:07:39","date_gmt":"2022-02-05T08:07:39","guid":{"rendered":"http:\/\/www.iceagetv.com\/radiosite\/?p=20322"},"modified":"2022-02-05T08:07:39","modified_gmt":"2022-02-05T08:07:39","slug":"affaire-jubillar-les-fouilles-de-grande-ampleur-menees-depuis-trois-semaines-dans-le-tarn-avec-lappui-de-larmee-ont-pris-fin-discretement-hier-sans-aucun-resultat","status":"publish","type":"post","link":"https:\/\/www.iceagetv.com\/radiosite\/affaire-jubillar-les-fouilles-de-grande-ampleur-menees-depuis-trois-semaines-dans-le-tarn-avec-lappui-de-larmee-ont-pris-fin-discretement-hier-sans-aucun-resultat\/","title":{"rendered":"Affaire Jubillar : Les fouilles de grande ampleur men\u00e9es depuis trois semaines dans le Tarn, avec l&rsquo;appui de l&rsquo;arm\u00e9e, ont pris fin discr\u00e8tement hier, sans aucun r\u00e9sultat"},"content":{"rendered":"\n<p>Des fouilles de grande ampleur men\u00e9es depuis trois semaines dans le Tarn, avec l&rsquo;appui de l&rsquo;arm\u00e9e, ont pris fin hier, sans que les enqu\u00eateurs aient trouv\u00e9 un indice d\u00e9terminant ou le corps de Delphine Jubillar, selon une source proche de l&rsquo;enqu\u00eate. \u00abCes recherches \u00e9taient n\u00e9cessaires, il y avait des v\u00e9rifications \u00e0 faire, nous avons engag\u00e9 des moyens importants. Ces fouilles sont rest\u00e9es vaines, mais l&rsquo;enqu\u00eate continue\u00bb, a d\u00e9clar\u00e9 cette source \u00e0 l&rsquo;AFP.<\/p>\n\n\n\n<p>Les forces de l&rsquo;ordre et les experts ont quadrill\u00e9 plusieurs secteurs bois\u00e9s, escarp\u00e9s, avec des radars hypersensibles, des d\u00e9tecteurs de m\u00e9taux.<em>close<\/em><em>volume_off<\/em><\/p>\n\n\n\n<p>Delphine Jubillar, 33 ans, a disparu dans la nuit du 15 au 16 d\u00e9cembre 2020, en plein couvre-feu sanitaire. Son mari avait donn\u00e9 l&rsquo;alerte aux gendarmes au petit matin, affirmant qu&rsquo;elle \u00e9tait all\u00e9e promener leurs chiens la veille au soir et n&rsquo;\u00e9tait pas rentr\u00e9e. Les enqu\u00eateurs s&rsquo;\u00e9taient orient\u00e9s sur les environs de la ferme, \u00e0 la suite de d\u00e9clarations d&rsquo;un voisin de cellule du mari, \u00e0 la maison d&rsquo;arr\u00eat de Seysses, pr\u00e8s de Toulouse.<\/p>\n\n\n\n<p>Ce d\u00e9tenu a affirm\u00e9 aux enqu\u00eateurs que C\u00e9dric Jubillar, principal suspect dans cette affaire, lui avait d\u00e9clar\u00e9 avoir enterr\u00e9 le corps de son \u00e9pouse aux abords d&rsquo;une ferme de ce hameau.<\/p>\n\n\n\n<p>D\u00e9but 2021, les gendarmes avaient d\u00e9j\u00e0 inspect\u00e9 une partie de ces lieux et ont cette fois approfondi les recherches dans ce p\u00e9rim\u00e8tre.<\/p>\n\n\n\n<p>Depuis la disparition de Delphine Jubillar, son mari clame son innocence, d\u00e9nonce une d\u00e9tention injustifi\u00e9e. Il est \u00e0 nouveau convoqu\u00e9 par ses juges le 11 f\u00e9vrier.<\/p>\n\n\n\n<p>Ses diverses demandes de mise en libert\u00e9 ont \u00e9t\u00e9 rejet\u00e9es, la justice estimant avoir suffisamment d&rsquo;\u00e9l\u00e9ments \u00e0 charge contre lui. Il est en d\u00e9tention provisoire depuis le 18 juin 2021, date de sa mise en examen. Au moment de la disparition, le couple \u00e9tait en instance de divorce, une s\u00e9paration \u00e0 l&rsquo;initiative de l&rsquo;infirmi\u00e8re que C\u00e9dric Jubillar avait du mal \u00e0 accepter, selon les enqu\u00eateurs.<\/p>\n","protected":false},"excerpt":{"rendered":"<p>Des fouilles de grande ampleur men\u00e9es depuis trois semaines dans le Tarn, avec l&rsquo;appui de l&rsquo;arm\u00e9e, ont pris fin hier, sans que les enqu\u00eateurs aient trouv\u00e9 un indice d\u00e9terminant ou le corps de Delphine Jubillar, selon une source proche de l&rsquo;enqu\u00eate. \u00abCes recherches \u00e9taient n\u00e9cessaires, il y avait des v\u00e9rifications \u00e0 faire, nous avons engag\u00e9 [&hellip;]<\/p>\n","protected":false},"author":2,"featured_media":20323,"comment_status":"open","ping_status":"open","sticky":false,"template":"","format":"standard","meta":{"_jetpack_memberships_contains_paid_content":false,"footnotes":"","jetpack_publicize_message":"","jetpack_publicize_feature_enabled":true,"jetpack_social_post_already_shared":true,"jetpack_social_options":{"image_generator_settings":{"template":"highway","default_image_id":0,"font":"","enabled":false},"version":2},"_wpas_customize_per_network":false},"categories":[405],"tags":[],"class_list":["post-20322","post","type-post","status-publish","format-standard","has-post-thumbnail","hentry","category-actu-france-monde"],"jetpack_publicize_connections":[],"jetpack_featured_media_url":"https:\/\/i0.wp.com\/www.iceagetv.com\/radiosite\/wp-content\/uploads\/2022\/02\/Les-fouilles-de-grande-ampleur-menees-depuis-trois-semaines-dans-le-Tarn.jpg?fit=680%2C294&ssl=1","jetpack_sharing_enabled":true,"_links":{"self":[{"href":"https:\/\/www.iceagetv.com\/radiosite\/wp-json\/wp\/v2\/posts\/20322","targetHints":{"allow":["GET"]}}],"collection":[{"href":"https:\/\/www.iceagetv.com\/radiosite\/wp-json\/wp\/v2\/posts"}],"about":[{"href":"https:\/\/www.iceagetv.com\/radiosite\/wp-json\/wp\/v2\/types\/post"}],"author":[{"embeddable":true,"href":"https:\/\/www.iceagetv.com\/radiosite\/wp-json\/wp\/v2\/users\/2"}],"replies":[{"embeddable":true,"href":"https:\/\/www.iceagetv.com\/radiosite\/wp-json\/wp\/v2\/comments?post=20322"}],"version-history":[{"count":1,"href":"https:\/\/www.iceagetv.com\/radiosite\/wp-json\/wp\/v2\/posts\/20322\/revisions"}],"predecessor-version":[{"id":20324,"href":"https:\/\/www.iceagetv.com\/radiosite\/wp-json\/wp\/v2\/posts\/20322\/revisions\/20324"}],"wp:featuredmedia":[{"embeddable":true,"href":"https:\/\/www.iceagetv.com\/radiosite\/wp-json\/wp\/v2\/media\/20323"}],"wp:attachment":[{"href":"https:\/\/www.iceagetv.com\/radiosite\/wp-json\/wp\/v2\/media?parent=20322"}],"wp:term":[{"taxonomy":"category","embeddable":true,"href":"https:\/\/www.iceagetv.com\/radiosite\/wp-json\/wp\/v2\/categories?post=20322"},{"taxonomy":"post_tag","embeddable":true,"href":"https:\/\/www.iceagetv.com\/radiosite\/wp-json\/wp\/v2\/tags?post=20322"}],"curies":[{"name":"wp","href":"https:\/\/api.w.org\/{rel}","templated":true}]}}