{"id":20336,"date":"2022-02-06T15:22:22","date_gmt":"2022-02-06T15:22:22","guid":{"rendered":"http:\/\/www.iceagetv.com\/radiosite\/?p=20336"},"modified":"2022-02-06T15:22:22","modified_gmt":"2022-02-06T15:22:22","slug":"dix-faits-qui-ont-marque-les-70-ans-de-regne-de-la-reine-elizabeth-ii","status":"publish","type":"post","link":"https:\/\/www.iceagetv.com\/radiosite\/dix-faits-qui-ont-marque-les-70-ans-de-regne-de-la-reine-elizabeth-ii\/","title":{"rendered":"Dix faits qui ont marqu\u00e9 les 70 ans de r\u00e8gne de la reine Elizabeth II"},"content":{"rendered":"\n<p>La reine Elizabeth II f\u00eate ce dimanche 6\u00a0f\u00e9vrier 2022 le 70<sup>e<\/sup>\u00a0anniversaire de son accession au tr\u00f4ne.\u00a0Elle devient la premi\u00e8re des monarques britanniques \u00e0 atteindre soixante-dix ann\u00e9es de r\u00e8gne \u00e0 la t\u00eate du Royaume-Uni, de 14\u00a0pays du Commonwealth et de 14\u00a0territoires d\u2019outre-mer. Voici les dix \u00e9v\u00e9nements qui ont marqu\u00e9 ces sept d\u00e9cennies.<\/p>\n\n\n\n<p>1. Elizabeth II monte sur le tr\u00f4ne<\/p>\n\n\n\n<p>Il y a 70\u00a0ans, le 6\u00a0f\u00e9vrier 1952, la reine\u00a0<a rel=\"noreferrer noopener\" href=\"https:\/\/www.ouest-france.fr\/culture\/people\/elizabeth-ii\/\" target=\"_blank\">Elizabeth II<\/a>\u00a0est mont\u00e9e sur le tr\u00f4ne\u00a0<a rel=\"noreferrer noopener\" href=\"https:\/\/www.ouest-france.fr\/europe\/grande-bretagne\/\" target=\"_blank\">britannique<\/a>, \u00e0 l\u2019\u00e2ge de 25\u00a0ans, apr\u00e8s le d\u00e9c\u00e8s de son p\u00e8re le roi George VI.<\/p>\n\n\n\n<p>2. Le couronnementSon couronnement, s\u2019est d\u00e9roul\u00e9 plus d\u2019un an plus tard, le 2\u00a0juin 1953. La c\u00e9r\u00e9monie, \u00e0 l\u2019abbaye de Westminster, est le premier couronnement \u00e0 \u00eatre retransmis en direct \u00e0 la t\u00e9l\u00e9vision, et cela en 44\u00a0langues.<\/p>\n\n\n\n<p>3. Son jubil\u00e9 d\u2019argent<\/p>\n\n\n\n<p>En 1977, la reine f\u00eate son jubil\u00e9 d\u2019argent, soit ses 25&nbsp;ans de r\u00e8gne. La c\u00e9r\u00e9monie qui a lieu au Parlement est suivie \u00e0 la t\u00e9l\u00e9vision par 500&nbsp;millions de t\u00e9l\u00e9spectateurs \u00e0 travers le monde.<\/p>\n\n\n\n<p>4. Sa premi\u00e8re rencontre avec le pape<\/p>\n\n\n\n<p>En 1980, la reine Elizabeth II rencontre le pape Jean-Paul II au cours de la premi\u00e8re visite d\u2019\u00c9tat au Vatican d\u2019un monarque britannique. Le pape Jean-Paul II s\u2019est ensuite rendu, deux\u00a0ans plus tard, en Grande-Bretagne.<\/p>\n\n\n\n<p>5. La reine sort indemne d\u2019attentats<\/p>\n\n\n\n<p>En mai&nbsp;1981, Elizabeth sort indemne d\u2019un attentat \u00e0 la bombe attribu\u00e9 \u00e0 l\u2019Arm\u00e9e r\u00e9publicaine irlandaise (IRA), lors de l\u2019inauguration d\u2019un terminal p\u00e9trolier aux \u00eeles Shetland. Si tout au long de son r\u00e8gne, elle conna\u00eetra d\u2019autres attentats, cette ann\u00e9e 1981, six balles \u00e0 blanc furent \u00e9galement tir\u00e9es au moment o\u00f9 Elizabeth II d\u00e9ambule sur son cheval lors d\u2019une c\u00e9r\u00e9monie \u00e0&nbsp;<a href=\"https:\/\/www.ouest-france.fr\/europe\/grande-bretagne\/londres\/\" target=\"_blank\" rel=\"noreferrer noopener\">Londres<\/a>. Puis, quelques mois plus tard, la monarque subit une tentative d\u2019assassinat en&nbsp;<a href=\"https:\/\/www.ouest-france.fr\/monde\/nouvelle-zelande\/\" target=\"_blank\" rel=\"noreferrer noopener\">Nouvelle-Z\u00e9lande<\/a>.<\/p>\n\n\n\n<p>6. 1992, \u00ab&nbsp;l\u2019annus horribilis&nbsp;\u00bb<\/p>\n\n\n\n<p>L\u2019ann\u00e9e 1992, est une ann\u00e9e noire pour la reine. Trois de ses enfants finissent par divorcer et une partie du ch\u00e2teau de Windsor est ravag\u00e9e par un incendie. Elle \u00e9voquera cette ann\u00e9e, en utilisant les termes \u00ab&nbsp;annus horribilis&nbsp;\u00bb, le 25&nbsp;d\u00e9cembre 1992, dans son traditionnel discours de No\u00ebl.<\/p>\n\n\n\n<p>7. Sa belle-fille, la princesse Diana d\u00e9c\u00e8de<\/p>\n\n\n\n<p>Le 31\u00a0ao\u00fbt 1997,\u00a0<a rel=\"noreferrer noopener\" href=\"https:\/\/www.ouest-france.fr\/europe\/angleterre\/en-images-lady-diana-dix-moments-qui-ont-construit-le-mythe-5211182\" target=\"_blank\">la princesse Diana<\/a>, sa belle-fille, trouve la mort dans un accident de voiture \u00e0 Paris. Alors que les Britanniques multiplient les hommages en d\u00e9posant des fleurs au palais de Buckingham, la reine elle reste tr\u00e8s discr\u00e8te. Une r\u00e9action qui a suscit\u00e9 de nombreuses critiques \u00e0 l\u2019\u00e9poque.<\/p>\n\n\n\n<p>8. La r\u00e9conciliation avec l\u2019Irlande<\/p>\n\n\n\n<p>En mai&nbsp;2011, la reine Elizabeth II passe quatre jours en&nbsp;<a href=\"https:\/\/www.ouest-france.fr\/europe\/irlande\/\" target=\"_blank\" rel=\"noreferrer noopener\">Irlande<\/a>. C\u2019est la premi\u00e8re fois qu\u2019un souverain britannique se rend dans ce pays depuis 1911, date de l\u2019ind\u00e9pendance de l\u2019Irlande.<\/p>\n\n\n\n<p>Cette visite marque la r\u00e9conciliation entre les deux nations qui n\u2019avaient toujours pas tourn\u00e9 la page du massacre des ind\u00e9pendantistes irlandais en 1916 par l\u2019arm\u00e9e britannique. La reine exprimera\u00a0<strong>\u00ab\u00a0sa profonde compassion\u00a0\u00bb<\/strong>, pour les victimes de l\u2019histoire commune troubl\u00e9e.<\/p>\n\n\n\n<p>9. Le jubil\u00e9 de diamantEn juin\u00a02012, les soixante ans de r\u00e8gne de la reine sont c\u00e9l\u00e9br\u00e9s en grande pompe, c\u2019est le jubil\u00e9 de diamant. L\u2019\u00e9v\u00e9nement est exceptionnel, c\u2019est la seconde fois seulement en mille ans qu\u2019un souverain anglais atteint une telle long\u00e9vit\u00e9 sur le tr\u00f4ne. La premi\u00e8re, c\u2019\u00e9tait en 1897, au temps de la reine-imp\u00e9ratrice Victoria.<\/p>\n\n\n\n<p>10. Le d\u00e9c\u00e8s du prince Philip<\/p>\n\n\n\n<p>En 2021, apr\u00e8s 73&nbsp;ann\u00e9es de mariage, la reine Elisabeth II voit s\u2019en aller son \u00e9poux, le prince Philip, \u00e0 l\u2019\u00e2ge de 99&nbsp;ans. Une disparition qui bouleversera la famille royale, mais aussi le peuple anglais. Un peuple qui sera au rendez-vous pour f\u00eater les 70&nbsp;ans de r\u00e8gne de leur reine.<\/p>\n","protected":false},"excerpt":{"rendered":"<p>La reine Elizabeth II f\u00eate ce dimanche 6\u00a0f\u00e9vrier 2022 le 70e\u00a0anniversaire de son accession au tr\u00f4ne.\u00a0Elle devient la premi\u00e8re des monarques britanniques \u00e0 atteindre soixante-dix ann\u00e9es de r\u00e8gne \u00e0 la t\u00eate du Royaume-Uni, de 14\u00a0pays du Commonwealth et de 14\u00a0territoires d\u2019outre-mer. Voici les dix \u00e9v\u00e9nements qui ont marqu\u00e9 ces sept d\u00e9cennies. 1. Elizabeth II monte [&hellip;]<\/p>\n","protected":false},"author":2,"featured_media":20337,"comment_status":"open","ping_status":"open","sticky":false,"template":"","format":"standard","meta":{"_jetpack_memberships_contains_paid_content":false,"footnotes":"","jetpack_publicize_message":"","jetpack_publicize_feature_enabled":true,"jetpack_social_post_already_shared":true,"jetpack_social_options":{"image_generator_settings":{"template":"highway","default_image_id":0,"font":"","enabled":false},"version":2},"_wpas_customize_per_network":false},"categories":[405],"tags":[],"class_list":["post-20336","post","type-post","status-publish","format-standard","has-post-thumbnail","hentry","category-actu-france-monde"],"jetpack_publicize_connections":[],"jetpack_featured_media_url":"https:\/\/i0.wp.com\/www.iceagetv.com\/radiosite\/wp-content\/uploads\/2022\/02\/Dix-faits-qui-ont-marque-les-70-ans-de-regne-de-la-reine-Elizabeth-II.jpg?fit=1000%2C666&ssl=1","jetpack_sharing_enabled":true,"_links":{"self":[{"href":"https:\/\/www.iceagetv.com\/radiosite\/wp-json\/wp\/v2\/posts\/20336","targetHints":{"allow":["GET"]}}],"collection":[{"href":"https:\/\/www.iceagetv.com\/radiosite\/wp-json\/wp\/v2\/posts"}],"about":[{"href":"https:\/\/www.iceagetv.com\/radiosite\/wp-json\/wp\/v2\/types\/post"}],"author":[{"embeddable":true,"href":"https:\/\/www.iceagetv.com\/radiosite\/wp-json\/wp\/v2\/users\/2"}],"replies":[{"embeddable":true,"href":"https:\/\/www.iceagetv.com\/radiosite\/wp-json\/wp\/v2\/comments?post=20336"}],"version-history":[{"count":1,"href":"https:\/\/www.iceagetv.com\/radiosite\/wp-json\/wp\/v2\/posts\/20336\/revisions"}],"predecessor-version":[{"id":20338,"href":"https:\/\/www.iceagetv.com\/radiosite\/wp-json\/wp\/v2\/posts\/20336\/revisions\/20338"}],"wp:featuredmedia":[{"embeddable":true,"href":"https:\/\/www.iceagetv.com\/radiosite\/wp-json\/wp\/v2\/media\/20337"}],"wp:attachment":[{"href":"https:\/\/www.iceagetv.com\/radiosite\/wp-json\/wp\/v2\/media?parent=20336"}],"wp:term":[{"taxonomy":"category","embeddable":true,"href":"https:\/\/www.iceagetv.com\/radiosite\/wp-json\/wp\/v2\/categories?post=20336"},{"taxonomy":"post_tag","embeddable":true,"href":"https:\/\/www.iceagetv.com\/radiosite\/wp-json\/wp\/v2\/tags?post=20336"}],"curies":[{"name":"wp","href":"https:\/\/api.w.org\/{rel}","templated":true}]}}