{"id":20339,"date":"2022-02-07T19:54:29","date_gmt":"2022-02-07T19:54:29","guid":{"rendered":"http:\/\/www.iceagetv.com\/radiosite\/?p=20339"},"modified":"2022-02-07T19:54:29","modified_gmt":"2022-02-07T19:54:29","slug":"roubaix-le-parquet-annonce-louverture-dune-enquete-pour-menaces-de-mort-contre-la-journaliste-de-zone-interdite-ophelie-meunier-dm6","status":"publish","type":"post","link":"https:\/\/www.iceagetv.com\/radiosite\/roubaix-le-parquet-annonce-louverture-dune-enquete-pour-menaces-de-mort-contre-la-journaliste-de-zone-interdite-ophelie-meunier-dm6\/","title":{"rendered":"Roubaix : Le parquet annonce l&rsquo;ouverture d&rsquo;une enqu\u00eate pour menaces de mort contre la journaliste de \u00ab\u00a0Zone interdite\u00a0\u00bb Oph\u00e9lie Meunier d&rsquo;M6"},"content":{"rendered":"\n<p>Une enqu\u00eate a \u00e9t\u00e9 ouverte pour menaces de mort contre la journaliste de \u00ab\u00a0Zone interdite\u00a0\u00bb sur M6 Oph\u00e9lie Meunier, plac\u00e9e sous protection polici\u00e8re apr\u00e8s avoir \u00e9t\u00e9 menac\u00e9e \u00e0 la suite d&rsquo;un reportage sur l&rsquo;islamisme, a-t-on appris lundi aupr\u00e8s du parquet de Nanterre sollicit\u00e9 par l&rsquo;AFP. Les investigations ont \u00e9t\u00e9 confi\u00e9es \u00e0 la Brigade de r\u00e9pression de la d\u00e9linquance contre la personne fin janvier, apr\u00e8s la plainte d\u00e9pos\u00e9e au commissariat de Neuilly-sur-Seine (Hauts-de-Seine) par Oph\u00e9lie Meunier le 26 janvier.<\/p>\n\n\n\n<p>La journaliste a pr\u00e9sent\u00e9 le 23 janvier un num\u00e9ro de \u00ab\u00a0Zone Interdite\u00a0\u00bb consacr\u00e9 \u00e0 la mont\u00e9e de l&rsquo;islam radical notamment \u00e0 Roubaix, suscitant de vives r\u00e9actions sur les r\u00e9seaux sociaux et des menaces.\u00a0Parmi les images les plus frappantes: la vente de poup\u00e9es sans visage dans un magasin musulman de Roubaix (la vendeuse assurant que l&rsquo;islam interdisait de repr\u00e9senter les traits humains) ou des fillettes voil\u00e9es et s\u00e9par\u00e9es des gar\u00e7ons dans une \u00e9cole priv\u00e9e de Marseille. Certains y ont vu une description fid\u00e8le et alarmante de la mont\u00e9e de l&rsquo;islamisme, d&rsquo;autres une pr\u00e9sentation alarmiste et stigmatisante de l&rsquo;ensemble des musulmans. Apr\u00e8s avoir re\u00e7u ces menaces, Oph\u00e9lie Meunier et un jeune originaire de Roubaix, Amine Elbahi, t\u00e9moin dans l&rsquo;\u00e9mission et qui d\u00e9non\u00e7ait la mont\u00e9e de l&rsquo;islamisme, ont \u00e9t\u00e9 plac\u00e9s sous protection polici\u00e8re. \u00ab\u00a0Ce que j&rsquo;ai dit d\u00e9range. Je dois avoir vis\u00e9 juste au regard des menaces\u00a0\u00bb, avait d\u00e9clar\u00e9 \u00e0 l&rsquo;AFP Amine <\/p>\n\n\n\n<p>A Paris, une enqu\u00eate a \u00e9t\u00e9 ouverte vendredi des chefs d&rsquo;appels t\u00e9l\u00e9phoniques malveillants et menaces de mort contre ce Roubaisien, a indiqu\u00e9 \u00e0 l&rsquo;AFP le parquet de Paris.Celui-ci a confi\u00e9 les investigations \u00e0 l&rsquo;Office central de lutte contre les crimes contre l&rsquo;humanit\u00e9, les g\u00e9nocides et les crimes de guerre (OCLCH) Depuis la diffusion du reportage, des soci\u00e9t\u00e9s de journaliste (SDJ) et des m\u00e9dias en leur nom propre, comme France T\u00e9l\u00e9visions, ont apport\u00e9 leur soutien \u00e0 Oph\u00e9lie Meunier. Comme les magazines L&rsquo;Express ou Le Point, Le Monde a consacr\u00e9 la semaine derni\u00e8re un \u00e9ditorial \u00e0 l&rsquo;affaire. Il y pointe le danger que ces menaces font peser sur \u00ab\u00a0la libert\u00e9 d&rsquo;expression et d&rsquo;information\u00a0\u00bb. \u00ab\u00a0Je veux, au nom de tout le gouvernement, adresser notre plein et entier soutien\u00a0\u00bb \u00e0 Oph\u00e9lie Meunier, avait r\u00e9agi pour sa part la ministre d\u00e9l\u00e9gu\u00e9e \u00e0 la Citoyennet\u00e9, Marl\u00e8ne Schiappa, devant l&rsquo;Assembl\u00e9e nationale et le S\u00e9nat<\/p>\n","protected":false},"excerpt":{"rendered":"<p>Une enqu\u00eate a \u00e9t\u00e9 ouverte pour menaces de mort contre la journaliste de \u00ab\u00a0Zone interdite\u00a0\u00bb sur M6 Oph\u00e9lie Meunier, plac\u00e9e sous protection polici\u00e8re apr\u00e8s avoir \u00e9t\u00e9 menac\u00e9e \u00e0 la suite d&rsquo;un reportage sur l&rsquo;islamisme, a-t-on appris lundi aupr\u00e8s du parquet de Nanterre sollicit\u00e9 par l&rsquo;AFP. Les investigations ont \u00e9t\u00e9 confi\u00e9es \u00e0 la Brigade de r\u00e9pression [&hellip;]<\/p>\n","protected":false},"author":2,"featured_media":20340,"comment_status":"open","ping_status":"open","sticky":false,"template":"","format":"standard","meta":{"_jetpack_memberships_contains_paid_content":false,"footnotes":"","jetpack_publicize_message":"","jetpack_publicize_feature_enabled":true,"jetpack_social_post_already_shared":true,"jetpack_social_options":{"image_generator_settings":{"template":"highway","default_image_id":0,"font":"","enabled":false},"version":2},"_wpas_customize_per_network":false},"categories":[405],"tags":[],"class_list":["post-20339","post","type-post","status-publish","format-standard","has-post-thumbnail","hentry","category-actu-france-monde"],"jetpack_publicize_connections":[],"jetpack_featured_media_url":"https:\/\/i0.wp.com\/www.iceagetv.com\/radiosite\/wp-content\/uploads\/2022\/02\/Le-parquet-annonce-louverture-dune-enquete-pour-menaces-de-mort.jpg?fit=680%2C294&ssl=1","jetpack_sharing_enabled":true,"_links":{"self":[{"href":"https:\/\/www.iceagetv.com\/radiosite\/wp-json\/wp\/v2\/posts\/20339","targetHints":{"allow":["GET"]}}],"collection":[{"href":"https:\/\/www.iceagetv.com\/radiosite\/wp-json\/wp\/v2\/posts"}],"about":[{"href":"https:\/\/www.iceagetv.com\/radiosite\/wp-json\/wp\/v2\/types\/post"}],"author":[{"embeddable":true,"href":"https:\/\/www.iceagetv.com\/radiosite\/wp-json\/wp\/v2\/users\/2"}],"replies":[{"embeddable":true,"href":"https:\/\/www.iceagetv.com\/radiosite\/wp-json\/wp\/v2\/comments?post=20339"}],"version-history":[{"count":1,"href":"https:\/\/www.iceagetv.com\/radiosite\/wp-json\/wp\/v2\/posts\/20339\/revisions"}],"predecessor-version":[{"id":20341,"href":"https:\/\/www.iceagetv.com\/radiosite\/wp-json\/wp\/v2\/posts\/20339\/revisions\/20341"}],"wp:featuredmedia":[{"embeddable":true,"href":"https:\/\/www.iceagetv.com\/radiosite\/wp-json\/wp\/v2\/media\/20340"}],"wp:attachment":[{"href":"https:\/\/www.iceagetv.com\/radiosite\/wp-json\/wp\/v2\/media?parent=20339"}],"wp:term":[{"taxonomy":"category","embeddable":true,"href":"https:\/\/www.iceagetv.com\/radiosite\/wp-json\/wp\/v2\/categories?post=20339"},{"taxonomy":"post_tag","embeddable":true,"href":"https:\/\/www.iceagetv.com\/radiosite\/wp-json\/wp\/v2\/tags?post=20339"}],"curies":[{"name":"wp","href":"https:\/\/api.w.org\/{rel}","templated":true}]}}