{"id":20348,"date":"2022-02-09T15:07:36","date_gmt":"2022-02-09T15:07:36","guid":{"rendered":"http:\/\/www.iceagetv.com\/radiosite\/?p=20348"},"modified":"2022-02-09T15:07:36","modified_gmt":"2022-02-09T15:07:36","slug":"espagne-le-roi-felipe-vi-positif-au-covid-19-avec-des-symptomes-legers","status":"publish","type":"post","link":"https:\/\/www.iceagetv.com\/radiosite\/espagne-le-roi-felipe-vi-positif-au-covid-19-avec-des-symptomes-legers\/","title":{"rendered":"Espagne: le roi Felipe VI positif au Covid-19 avec \u00ab\u00a0des sympt\u00f4mes l\u00e9gers"},"content":{"rendered":"\n<p>Sa Majest\u00e9 le roi a pr\u00e9sent\u00e9 un r\u00e9sultat positif au test du Covid-19 auquel il s&rsquo;est soumis ce matin (mercredi), apr\u00e8s avoir pr\u00e9sent\u00e9 la nuit derni\u00e8re&nbsp;des sympt\u00f4mes l\u00e9gers\u00a0\u00bb, a indiqu\u00e9 la Maison royale dans un communiqu\u00e9.<\/p>\n\n\n\n<p>\u00ab\u00a0L&rsquo;\u00e9tat g\u00e9n\u00e9ral de sant\u00e9 de Sa Majest\u00e9 le roi est bon et il continuera son activit\u00e9 institutionnelle depuis sa r\u00e9sidence\u00a0\u00bb, pr\u00e9cise le communiqu\u00e9.<\/p>\n\n\n\n<p>Son \u00e9pouse et sa fille, la reine Letizia et l&rsquo;infante Sofia, ne pr\u00e9sentent en revanche pas de sympt\u00f4mes, pourront poursuivre \u00ab\u00a0leurs activit\u00e9s\u00a0\u00bb et suivront le protocole indiqu\u00e9 \u00ab\u00a0dans ce genre de situation\u00a0\u00bb, ajoute la Maison royale.<\/p>\n\n\n\n<p>Sur Twitter, le Premier ministre Pedro Sanchez lui a souhait\u00e9 \u00ab\u00a0un rapide r\u00e9tablissement\u00a0\u00bb.<\/p>\n\n\n\n<p>Le souverain a assist\u00e9 ces derniers jours \u00e0 plusieurs rencontres publiques (colloque scientifique, d\u00e9jeuner, etc) et devait rencontrer mercredi midi, d&rsquo;apr\u00e8s son agenda, Zeljko Komsic, le membre croate de la pr\u00e9sidence coll\u00e9giale de Bosnie.<\/p>\n\n\n\n<p>Felipe VI avait re\u00e7u sa premi\u00e8re dose de vaccin fin mai 2021. Interrog\u00e9e par l&rsquo;AFP sur le sujet, la Maison royale n&rsquo;a pas indiqu\u00e9 si le roi avait depuis re\u00e7u des doses compl\u00e9mentaires.<\/p>\n\n\n\n<p>A partir de jeudi, l&rsquo;Espagne va abandonner le port du masque obligatoire \u00e0 l&rsquo;ext\u00e9rieur \u00e0 la faveur d&rsquo;une am\u00e9lioration de la situation sanitaire globale dans le pays.<\/p>\n","protected":false},"excerpt":{"rendered":"<p>Sa Majest\u00e9 le roi a pr\u00e9sent\u00e9 un r\u00e9sultat positif au test du Covid-19 auquel il s&rsquo;est soumis ce matin (mercredi), apr\u00e8s avoir pr\u00e9sent\u00e9 la nuit derni\u00e8re&nbsp;des sympt\u00f4mes l\u00e9gers\u00a0\u00bb, a indiqu\u00e9 la Maison royale dans un communiqu\u00e9. \u00ab\u00a0L&rsquo;\u00e9tat g\u00e9n\u00e9ral de sant\u00e9 de Sa Majest\u00e9 le roi est bon et il continuera son activit\u00e9 institutionnelle depuis sa [&hellip;]<\/p>\n","protected":false},"author":2,"featured_media":20349,"comment_status":"open","ping_status":"open","sticky":false,"template":"","format":"standard","meta":{"_jetpack_memberships_contains_paid_content":false,"footnotes":"","jetpack_publicize_message":"","jetpack_publicize_feature_enabled":true,"jetpack_social_post_already_shared":true,"jetpack_social_options":{"image_generator_settings":{"template":"highway","default_image_id":0,"font":"","enabled":false},"version":2},"_wpas_customize_per_network":false},"categories":[405],"tags":[],"class_list":["post-20348","post","type-post","status-publish","format-standard","has-post-thumbnail","hentry","category-actu-france-monde"],"jetpack_publicize_connections":[],"jetpack_featured_media_url":"https:\/\/i0.wp.com\/www.iceagetv.com\/radiosite\/wp-content\/uploads\/2022\/02\/813_afp-news_66d_05c_522dd085644bca770e31878b2d_000_9Z29UN-highDef.jpg?fit=1280%2C550&ssl=1","jetpack_sharing_enabled":true,"_links":{"self":[{"href":"https:\/\/www.iceagetv.com\/radiosite\/wp-json\/wp\/v2\/posts\/20348","targetHints":{"allow":["GET"]}}],"collection":[{"href":"https:\/\/www.iceagetv.com\/radiosite\/wp-json\/wp\/v2\/posts"}],"about":[{"href":"https:\/\/www.iceagetv.com\/radiosite\/wp-json\/wp\/v2\/types\/post"}],"author":[{"embeddable":true,"href":"https:\/\/www.iceagetv.com\/radiosite\/wp-json\/wp\/v2\/users\/2"}],"replies":[{"embeddable":true,"href":"https:\/\/www.iceagetv.com\/radiosite\/wp-json\/wp\/v2\/comments?post=20348"}],"version-history":[{"count":1,"href":"https:\/\/www.iceagetv.com\/radiosite\/wp-json\/wp\/v2\/posts\/20348\/revisions"}],"predecessor-version":[{"id":20350,"href":"https:\/\/www.iceagetv.com\/radiosite\/wp-json\/wp\/v2\/posts\/20348\/revisions\/20350"}],"wp:featuredmedia":[{"embeddable":true,"href":"https:\/\/www.iceagetv.com\/radiosite\/wp-json\/wp\/v2\/media\/20349"}],"wp:attachment":[{"href":"https:\/\/www.iceagetv.com\/radiosite\/wp-json\/wp\/v2\/media?parent=20348"}],"wp:term":[{"taxonomy":"category","embeddable":true,"href":"https:\/\/www.iceagetv.com\/radiosite\/wp-json\/wp\/v2\/categories?post=20348"},{"taxonomy":"post_tag","embeddable":true,"href":"https:\/\/www.iceagetv.com\/radiosite\/wp-json\/wp\/v2\/tags?post=20348"}],"curies":[{"name":"wp","href":"https:\/\/api.w.org\/{rel}","templated":true}]}}