{"id":20354,"date":"2022-02-09T16:04:16","date_gmt":"2022-02-09T16:04:16","guid":{"rendered":"http:\/\/www.iceagetv.com\/radiosite\/?p=20354"},"modified":"2022-02-09T16:04:16","modified_gmt":"2022-02-09T16:04:16","slug":"presidentielle-le-president-des-republicains-christian-jacob-demande-a-eric-woerth-de-quitter-le-parti-apres-son-soutien-a-emmanuel-macron","status":"publish","type":"post","link":"https:\/\/www.iceagetv.com\/radiosite\/presidentielle-le-president-des-republicains-christian-jacob-demande-a-eric-woerth-de-quitter-le-parti-apres-son-soutien-a-emmanuel-macron\/","title":{"rendered":"Pr\u00e9sidentielle: Le pr\u00e9sident des R\u00e9publicains Christian Jacob demande \u00e0 Eric Woerth de quitter le parti apr\u00e8s son soutien \u00e0 Emmanuel Macron"},"content":{"rendered":"\n<p>L\u2019ancien ministre sarkozyste Eric Woerth (LR) a annonc\u00e9 mercredi qu\u2019il soutiendrait Emmanuel Macron plut\u00f4t que Val\u00e9rie P\u00e9cresse pour la pr\u00e9sidentielle, suscitant la fureur du pr\u00e9sident des R\u00e9publicains Christian Jacob qui a lui a aussit\u00f4t demand\u00e9 de quitter le parti. Dans une interview au Parisien, M. Woerth, pr\u00e9sident de la Commission des finances \u00e0 l\u2019Assembl\u00e9e nationale, a estim\u00e9 que l\u2019actuel pr\u00e9sident, qui n\u2019a pas encore d\u00e9clar\u00e9 sa candidature, est \u00ab&nbsp;le mieux \u00e0 m\u00eame de d\u00e9fendre l\u2019int\u00e9r\u00eat de la France et des Fran\u00e7ais&nbsp;\u00bb<\/p>\n\n\n\n<p>\u00ab&nbsp;J\u2019ai du respect et de l\u2019amiti\u00e9 pour Val\u00e9rie P\u00e9cresse&nbsp;\u00bb et \u00ab&nbsp;ce n\u2019est pas une question personnelle&nbsp;\u00bb mais \u00ab&nbsp;je n\u2019adh\u00e8re pas au discours de LR&nbsp;\u00bb, qui d\u00e9crit une France \u00ab&nbsp;nostalgique, recroquevill\u00e9e sur elle-m\u00eame&nbsp;\u00bb, a ajout\u00e9 l\u2019ex-ministre. Le pr\u00e9sident de LR Christian Jacob a imm\u00e9diatement demand\u00e9 \u00e0 Eric Woerth de quitter la pr\u00e9sidence de la Commission des finances de l\u2019assembl\u00e9e. Il ne peut \u00ab&nbsp;en aucun cas&nbsp;\u00bb rester LR, a-t-il affirm\u00e9 \u00e0 l\u2019AFP, en disant sa \u00ab&nbsp;d\u00e9ception&nbsp;\u00bb et ses \u00ab&nbsp;regrets&nbsp;\u00bb.<em>close<\/em><em>volume_off<\/em><\/p>\n\n\n\n<p>\u00ab&nbsp;Il y a un minimum de dignit\u00e9 \u00e0 avoir envers ceux qui ont toujours \u00e9t\u00e9 \u00e0 ses c\u00f4t\u00e9s&nbsp;\u00bb, a affirm\u00e9 M. Jacob, selon qui \u00ab&nbsp;il faut relativiser: Eric Woerth est un parlementaire en fin de carri\u00e8re&nbsp;\u00bb. \u00ab&nbsp;Ses affaires judiciaires ont sans doute pes\u00e9&nbsp;\u00bb dans sa d\u00e9cision, a-t-il ajout\u00e9. Dans un communiqu\u00e9, Eric Woerth a dit se mettre \u00ab&nbsp;en cong\u00e9 de notre formation politique pour \u00eatre en coh\u00e9rence avec ma d\u00e9cision&nbsp;\u00bb. Au Parisien, il a dit qu\u2019il n\u2019adh\u00e9rait ni \u00e0 LREM \u00ab&nbsp;ni \u00e0 la majorit\u00e9 telle qu\u2019elle est constitu\u00e9e aujourd\u2019hui&nbsp;\u00bb.<\/p>\n\n\n\n<p>Cette d\u00e9cision, salu\u00e9e par plusieurs ministres ex-LR comme G\u00e9rald Darmanin et Bruno Le Maire, intervient alors que certains LR s\u2019inqui\u00e8tent d\u2019un faux plat de Val\u00e9rie P\u00e9cresse, qui marque le pas dans les sondages, et l\u2019appellent \u00e0 donner plus de chair \u00e0 sa campagne. M. Woerth a expliqu\u00e9 sa d\u00e9cision en affirmant qu\u2019\u00ab&nbsp;on ne peut pas n\u2019\u00eatre obnubil\u00e9 que par l\u2019islamisme radical, m\u00eame si c\u2019est fondamental&nbsp;\u00bb.<\/p>\n\n\n\n<p>\u00ab&nbsp;C\u2019est malheureusement ce qui ressort de (la) campagne&nbsp;\u00bb de Val\u00e9rie P\u00e9cresse, a-t-il ajout\u00e9, d\u00e9plorant \u00ab&nbsp;une forme de course-poursuite entre les candidats sur les sujets s\u00e9curitaires&nbsp;\u00bb, qui sont \u00ab&nbsp;importants&nbsp;\u00bb mais \u00ab&nbsp;ne peuvent \u00e0 eux seuls constituer un projet global&nbsp;\u00bb. \u00ab&nbsp;Je m\u2019int\u00e9resse plus \u00e0 la France de mes enfants qu\u2019\u00e0 celle de mon enfance&nbsp;\u00bb, a ajout\u00e9 M. Woerth, en s\u2019interrogeant: \u00ab&nbsp;o\u00f9 sont les perspectives?&nbsp;\u00bb<\/p>\n\n\n\n<p>Par contraste, \u00ab&nbsp;un second mandat d\u2019Emmanuel Macron serait une chance pour la France, comme \u00e7a aurait \u00e9t\u00e9 le cas pour Nicolas Sarkozy&nbsp;\u00bb, a-t-il affirm\u00e9, estimant que le chef de l\u2019Etat \u00ab&nbsp;a montr\u00e9 qu\u2019il savait g\u00e9rer les crises les plus graves&nbsp;\u00bb \u00e0 un moment o\u00f9 \u00ab&nbsp;nous avons besoin de r\u00e9formes et de stabilit\u00e9&nbsp;\u00bb.<\/p>\n","protected":false},"excerpt":{"rendered":"<p>L\u2019ancien ministre sarkozyste Eric Woerth (LR) a annonc\u00e9 mercredi qu\u2019il soutiendrait Emmanuel Macron plut\u00f4t que Val\u00e9rie P\u00e9cresse pour la pr\u00e9sidentielle, suscitant la fureur du pr\u00e9sident des R\u00e9publicains Christian Jacob qui a lui a aussit\u00f4t demand\u00e9 de quitter le parti. Dans une interview au Parisien, M. Woerth, pr\u00e9sident de la Commission des finances \u00e0 l\u2019Assembl\u00e9e nationale, [&hellip;]<\/p>\n","protected":false},"author":2,"featured_media":20355,"comment_status":"open","ping_status":"open","sticky":false,"template":"","format":"standard","meta":{"_jetpack_memberships_contains_paid_content":false,"footnotes":"","jetpack_publicize_message":"","jetpack_publicize_feature_enabled":true,"jetpack_social_post_already_shared":true,"jetpack_social_options":{"image_generator_settings":{"template":"highway","default_image_id":0,"font":"","enabled":false},"version":2},"_wpas_customize_per_network":false},"categories":[405],"tags":[],"class_list":["post-20354","post","type-post","status-publish","format-standard","has-post-thumbnail","hentry","category-actu-france-monde"],"jetpack_publicize_connections":[],"jetpack_featured_media_url":"https:\/\/i0.wp.com\/www.iceagetv.com\/radiosite\/wp-content\/uploads\/2022\/02\/capture_decran_2022-02-09_a_15.22.47_0.jpg?fit=680%2C294&ssl=1","jetpack_sharing_enabled":true,"_links":{"self":[{"href":"https:\/\/www.iceagetv.com\/radiosite\/wp-json\/wp\/v2\/posts\/20354","targetHints":{"allow":["GET"]}}],"collection":[{"href":"https:\/\/www.iceagetv.com\/radiosite\/wp-json\/wp\/v2\/posts"}],"about":[{"href":"https:\/\/www.iceagetv.com\/radiosite\/wp-json\/wp\/v2\/types\/post"}],"author":[{"embeddable":true,"href":"https:\/\/www.iceagetv.com\/radiosite\/wp-json\/wp\/v2\/users\/2"}],"replies":[{"embeddable":true,"href":"https:\/\/www.iceagetv.com\/radiosite\/wp-json\/wp\/v2\/comments?post=20354"}],"version-history":[{"count":1,"href":"https:\/\/www.iceagetv.com\/radiosite\/wp-json\/wp\/v2\/posts\/20354\/revisions"}],"predecessor-version":[{"id":20356,"href":"https:\/\/www.iceagetv.com\/radiosite\/wp-json\/wp\/v2\/posts\/20354\/revisions\/20356"}],"wp:featuredmedia":[{"embeddable":true,"href":"https:\/\/www.iceagetv.com\/radiosite\/wp-json\/wp\/v2\/media\/20355"}],"wp:attachment":[{"href":"https:\/\/www.iceagetv.com\/radiosite\/wp-json\/wp\/v2\/media?parent=20354"}],"wp:term":[{"taxonomy":"category","embeddable":true,"href":"https:\/\/www.iceagetv.com\/radiosite\/wp-json\/wp\/v2\/categories?post=20354"},{"taxonomy":"post_tag","embeddable":true,"href":"https:\/\/www.iceagetv.com\/radiosite\/wp-json\/wp\/v2\/tags?post=20354"}],"curies":[{"name":"wp","href":"https:\/\/api.w.org\/{rel}","templated":true}]}}