{"id":20360,"date":"2022-02-10T10:07:20","date_gmt":"2022-02-10T10:07:20","guid":{"rendered":"http:\/\/www.iceagetv.com\/radiosite\/?p=20360"},"modified":"2022-02-10T10:07:20","modified_gmt":"2022-02-10T10:07:20","slug":"protestation-contre-le-pass-vaccinal-les-convois-de-la-liberte-interdits-a-paris","status":"publish","type":"post","link":"https:\/\/www.iceagetv.com\/radiosite\/protestation-contre-le-pass-vaccinal-les-convois-de-la-liberte-interdits-a-paris\/","title":{"rendered":"Protestation contre le pass vaccinal : les \u00ab\u00a0convois de la libert\u00e9\u00a0\u00bb interdits \u00e0 Paris"},"content":{"rendered":"\n<p>Le pr\u00e9fet de police a annonc\u00e9, ce jeudi, interdire \u00e0 Paris\u00a0<a href=\"https:\/\/www.francebleu.fr\/infos\/societe\/protestation-contre-le-pass-vaccinal-ce-que-l-sait-du-convoi-de-la-liberte-porte-par-les-routiers-1644311125\">les \u00ab\u00a0convois de la libert\u00e9\u00a0\u00bb, inspir\u00e9s du mouvement lanc\u00e9 au Canada<\/a>\u00a0pour protester contre les restrictions sanitaires. Ces convois de v\u00e9hicules priv\u00e9s ou de camions\u00a0<strong>pr\u00e9voyaient de \u00ab\u00a0bloquer la capitale\u00a0\u00bb \u00e0 partir de vendredi.<\/strong>\u00a0Plusieurs d\u00e9fil\u00e9s sont partis de diff\u00e9rentes villes de Frances d\u00e8s mercredi, alors que plusieurs milliers d&rsquo;opposants au pass vaccinal se sont rassembl\u00e9s sur les r\u00e9seaux sociaux. Ils pr\u00e9voient de rallier Paris vendredi soir, et certains appellent ensuite \u00e0 rejoindre Bruxelles pour\u00a0<strong>une \u00ab\u00a0convergence europ\u00e9enne\u00a0\u00bb pr\u00e9vue ce lundi 14 f\u00e9vrier.<\/strong><\/p>\n\n\n\n<h2 class=\"wp-block-heading\">Les blocages de routes emp\u00each\u00e9s, les contrevenants verbalis\u00e9s&nbsp;<\/h2>\n\n\n\n<p><em>\u00ab\u00a0Un dispositif sp\u00e9cifique sera mis en place pour emp\u00eacher les blocages d&rsquo;axes routiers, verbaliser et interpeller les contrevenants \u00e0 cette interdiction\u00a0\u00bb<\/em>, a ajout\u00e9 la pr\u00e9fecture de police dans un communiqu\u00e9.<\/p>\n\n\n\n<p>Le pr\u00e9fet de police, qui a donn\u00e9&nbsp;<em>\u00ab\u00a0des consignes de fermet\u00e9\u00a0\u00bb<\/em>&nbsp;aux policiers, rappelle qu&rsquo;<strong>entraver la circulation est passible d&rsquo;une peine<\/strong>&nbsp;de deux ans d&#8217;emprisonnement, d&rsquo;une amende de 4.500 euros, de l&rsquo;immobilisation et de la mise en fourri\u00e8re du v\u00e9hicule, de la r\u00e9duction de moiti\u00e9 du nombre maximal de points du permis de conduire et de&nbsp;<strong>sa suspension pour une dur\u00e9e maximale de trois ans.<\/strong>&nbsp;<em>\u00ab\u00a0L&rsquo;organisateur d&rsquo;une manifestation interdite peut \u00eatre puni de six mois d&#8217;emprisonnement et de 7.500 euros d&rsquo;amende et les participants seront verbalis\u00e9s avec une contravention de quatri\u00e8me classe\u00a0\u00bb,<\/em>&nbsp;soit 135 euros, ajoute la pr\u00e9fecture.<\/p>\n","protected":false},"excerpt":{"rendered":"<p>Le pr\u00e9fet de police a annonc\u00e9, ce jeudi, interdire \u00e0 Paris\u00a0les \u00ab\u00a0convois de la libert\u00e9\u00a0\u00bb, inspir\u00e9s du mouvement lanc\u00e9 au Canada\u00a0pour protester contre les restrictions sanitaires. Ces convois de v\u00e9hicules priv\u00e9s ou de camions\u00a0pr\u00e9voyaient de \u00ab\u00a0bloquer la capitale\u00a0\u00bb \u00e0 partir de vendredi.\u00a0Plusieurs d\u00e9fil\u00e9s sont partis de diff\u00e9rentes villes de Frances d\u00e8s mercredi, alors que plusieurs [&hellip;]<\/p>\n","protected":false},"author":2,"featured_media":20361,"comment_status":"open","ping_status":"open","sticky":false,"template":"","format":"standard","meta":{"_jetpack_memberships_contains_paid_content":false,"footnotes":"","jetpack_publicize_message":"","jetpack_publicize_feature_enabled":true,"jetpack_social_post_already_shared":true,"jetpack_social_options":{"image_generator_settings":{"template":"highway","default_image_id":0,"font":"","enabled":false},"version":2},"_wpas_customize_per_network":false},"categories":[405],"tags":[],"class_list":["post-20360","post","type-post","status-publish","format-standard","has-post-thumbnail","hentry","category-actu-france-monde"],"jetpack_publicize_connections":[],"jetpack_featured_media_url":"https:\/\/i0.wp.com\/www.iceagetv.com\/radiosite\/wp-content\/uploads\/2022\/02\/Protestation-contre-le-pass-vaccinal.png?fit=733%2C419&ssl=1","jetpack_sharing_enabled":true,"_links":{"self":[{"href":"https:\/\/www.iceagetv.com\/radiosite\/wp-json\/wp\/v2\/posts\/20360","targetHints":{"allow":["GET"]}}],"collection":[{"href":"https:\/\/www.iceagetv.com\/radiosite\/wp-json\/wp\/v2\/posts"}],"about":[{"href":"https:\/\/www.iceagetv.com\/radiosite\/wp-json\/wp\/v2\/types\/post"}],"author":[{"embeddable":true,"href":"https:\/\/www.iceagetv.com\/radiosite\/wp-json\/wp\/v2\/users\/2"}],"replies":[{"embeddable":true,"href":"https:\/\/www.iceagetv.com\/radiosite\/wp-json\/wp\/v2\/comments?post=20360"}],"version-history":[{"count":1,"href":"https:\/\/www.iceagetv.com\/radiosite\/wp-json\/wp\/v2\/posts\/20360\/revisions"}],"predecessor-version":[{"id":20362,"href":"https:\/\/www.iceagetv.com\/radiosite\/wp-json\/wp\/v2\/posts\/20360\/revisions\/20362"}],"wp:featuredmedia":[{"embeddable":true,"href":"https:\/\/www.iceagetv.com\/radiosite\/wp-json\/wp\/v2\/media\/20361"}],"wp:attachment":[{"href":"https:\/\/www.iceagetv.com\/radiosite\/wp-json\/wp\/v2\/media?parent=20360"}],"wp:term":[{"taxonomy":"category","embeddable":true,"href":"https:\/\/www.iceagetv.com\/radiosite\/wp-json\/wp\/v2\/categories?post=20360"},{"taxonomy":"post_tag","embeddable":true,"href":"https:\/\/www.iceagetv.com\/radiosite\/wp-json\/wp\/v2\/tags?post=20360"}],"curies":[{"name":"wp","href":"https:\/\/api.w.org\/{rel}","templated":true}]}}