{"id":20365,"date":"2022-02-10T17:17:38","date_gmt":"2022-02-10T17:17:38","guid":{"rendered":"http:\/\/www.iceagetv.com\/radiosite\/?p=20365"},"modified":"2022-02-10T17:17:38","modified_gmt":"2022-02-10T17:17:38","slug":"le-professeur-luc-montagnier-est-mort","status":"publish","type":"post","link":"https:\/\/www.iceagetv.com\/radiosite\/le-professeur-luc-montagnier-est-mort\/","title":{"rendered":"Le professeur Luc Montagnier est mort"},"content":{"rendered":"\n<p>Mercredi 9 f\u00e9vrier, le site&nbsp;<em>FranceSoir<\/em>&nbsp;a annonc\u00e9 le d\u00e9c\u00e8s du professeur Luc Montagnier, prix Nobel de m\u00e9decine 2008 (partag\u00e9 avec la professeure Fran\u00e7oise Barr\u00e9-Sinoussi) pour ses travaux sur la d\u00e9couverte du virus du sida en 1983. Selon&nbsp;<em>FranceSoir<\/em>, Luc Montagnier&nbsp;<em>\u00abs\u2019est \u00e9teint \u00e0 l\u2019h\u00f4pital am\u00e9ricain de Neuilly-sur-Seine\u00bb,<\/em>&nbsp;le 8 f\u00e9vrier 2022,&nbsp;<em>\u00aben pr\u00e9sence de ses enfants\u00bb<\/em>.<\/p>\n\n\n\n<p>Une information diffus\u00e9e \u00e9galement ce jeudi par le professeur Didier Raoult (IHU de Marseille) sur son compte Twitter, mais reprise par aucun autre m\u00e9dia en dehors de Sud Radio. D\u00e8s lors, vous nous demandez si cette information est vraie.<\/p>\n\n\n\n<p>Selon deux sources diff\u00e9rentes, l\u2019une m\u00e9dicale, l\u2019autre politique, Luc Montagnier est bien d\u00e9c\u00e9d\u00e9, mardi, \u00e0 l\u2019\u00e2ge de 89 ans, \u00e0 l\u2019h\u00f4pital am\u00e9ricain de Neuilly. Contact\u00e9e par&nbsp;<em>CheckNews<\/em>, la docteure B\u00e9atrice Milbert (avec qui il avait \u00e9t\u00e9 question qu\u2019il organise un colloque \u00e0 Gen\u00e8ve en janvier 2021) nous a \u00e9galement confirm\u00e9 son d\u00e9c\u00e8s. La mairie de Neuilly, enfin, nous a confirm\u00e9 le d\u00e9p\u00f4t du certificat de d\u00e9c\u00e8s.<\/p>\n\n\n\n<h2 class=\"wp-block-heading\">Papaye, autisme, vaccins: des d\u00e9saveux de la communaut\u00e9 scientifique<\/h2>\n\n\n\n<p>Malgr\u00e9 son prix Nobel, Luc Montagnier avait fait l\u2019objet de\u00a0<a href=\"https:\/\/www.liberation.fr\/france\/2017\/11\/07\/du-mauvais-theatre-contre-les-vaccins_1608462\/?redirected=1\">plusieurs d\u00e9saveux<\/a>\u00a0au sein de la communaut\u00e9 scientifique. Cette d\u00e9rive d\u2019un \u00e9minent scientifique avait commenc\u00e9 dans les ann\u00e9es 2000, avec\u00a0<a rel=\"noreferrer noopener\" href=\"https:\/\/www.liberation.fr\/societe\/2004\/03\/18\/la-papaye-panacee-qui-paye_472875\/\" target=\"_blank\">la papaye ferment\u00e9e<\/a>\u00a0comme traitement de la maladie de Parkinson. En 2009 \u2013 l\u2019ann\u00e9e suivant la r\u00e9ception du Nobel \u2013, il d\u00e9fend l\u2019id\u00e9e qu\u2019un bon syst\u00e8me immunitaire permet de se d\u00e9barrasser du VIH\u00a0<em>\u00aben quelques semaines\u00bb<\/em>\u00a0et qu\u2019une bonne alimentation riche en anti-oxydants permet d\u2019\u00eatre expos\u00e9 au virus sans \u00eatre infect\u00e9 de mani\u00e8re chronique. Cette m\u00eame ann\u00e9e, il soutient l\u2019id\u00e9e selon laquelle l\u2019ADN peut imprimer une empreinte \u00e9lectromagn\u00e9tique aux mol\u00e9cules d\u2019eau, propri\u00e9t\u00e9 qu\u2019il pr\u00e9tendra pouvoir \u00eatre mise \u00e0 profit pour des tests diagnostics du sida ou de la maladie de Lyme. Montagnier soutient par la suite que les troubles du spectre autistique sont d\u2019origine bact\u00e9rienne et\u00a0<a href=\"https:\/\/www.sciencesetavenir.fr\/sante\/autisme-et-microbes-l-academie-de-medecine-se-demarque-du-pr-montagnier_12787\">peuvent se traiter par antibiotiques<\/a>. En 2017, il se fait le relais de\u00a0<a rel=\"noreferrer noopener\" href=\"https:\/\/www.allodocteurs.fr\/se-soigner-vaccins-vaccination-obligatoire-les-arguments-douteux-des-experts-autoproclames-23583.html\" target=\"_blank\">plusieurs th\u00e8ses anti-vaccinales<\/a>, comme le lien entre vaccination et mort subite du nourrisson, pourtant\u00a0<a href=\"https:\/\/www.bmj.com\/content\/bmj\/322\/7290\/822.full.pdf\">invalid\u00e9e de longue date<\/a>\u00a0par la recherche scientifique. Un collectif de 106 acad\u00e9miciens de m\u00e9decine et sciences lui avait alors reproch\u00e9 de\u00a0<em>\u00abdiffuser, hors du champ de ses comp\u00e9tences, des messages dangereux pour la sant\u00e9, au m\u00e9pris de l\u2019\u00e9thique qui doit pr\u00e9sider \u00e0 la science et \u00e0 la m\u00e9decine\u00bb<\/em>. Au cours de la crise du Covid-19, il s\u2019\u00e9tait \u00e9galement oppos\u00e9 \u00e0 la vaccination, jug\u00e9e dangereuse, ce qui lui a valu de nombreuses invitations de la part du site\u00a0<em>FranceSoir<\/em>.<\/p>\n\n\n\n<h2 class=\"wp-block-heading\">Pourquoi l\u2019information de \u00abFranceSoir\u00bb n\u2019a pas \u00e9t\u00e9 crue\u2009?<\/h2>\n\n\n\n<p>En l\u2019absence de relais dans les m\u00e9dias classiques, certaines internautes ont dout\u00e9 de la v\u00e9racit\u00e9 de ce d\u00e9c\u00e8s. Mercredi apr\u00e8s-midi, l\u2019avocat Fabrice Di Vizio, caution juridique des antivax et anti pass sanitaire, s\u2019est d\u2019abord dit&nbsp;<em>\u00absurpris\u00bb<\/em>&nbsp;sur Twitter en d\u00e9couvrant l\u2019annonce de&nbsp;<em>FranceSoir,<\/em>&nbsp;avant de noter quelques heures plus tard que&nbsp;<em>\u00abla mort de Luc Montagnier n\u2019a fait l\u2019objet d\u2019aucun d\u00e9menti\u00bb<\/em>&nbsp;.<\/p>\n\n\n\n<p>Ce doute a ensuite \u00e9t\u00e9 renforc\u00e9 par la publication d\u2019un article du site&nbsp;<em>M\u00e9diamass<\/em>, qui affirme que Luc Montagnier a \u00e9t\u00e9&nbsp;<em>\u00abvictime d\u2019une inf\u00e2me rumeur\u00bb<\/em>. Se voulant rassurant, il indique\u2009:&nbsp;<em>\u00abPas de panique, \u00e0 89 ans, Luc Montagnier est toujours vivant et bien portant.\u00bb&nbsp;<\/em>Un d\u00e9menti peu cr\u00e9dible puisque,&nbsp;<em>M\u00e9diamass<\/em>&nbsp;se d\u00e9finissant comme un site dont les articles sont&nbsp;<em>\u00abpar nature imaginaires mais bas\u00e9s sur la presse \u201cr\u00e9elle\u201d\u00bb:<\/em>&nbsp;\u00ab<em>Ainsi la possibilit\u00e9 th\u00e9orique des histoires, multipli\u00e9es par les milliers de c\u00e9l\u00e9brit\u00e9s, rend statistiquement in\u00e9vitable que nos articles tombent parfois juste.\u00bb<\/em><\/p>\n\n\n\n<p>A cette zizanie s\u2019est \u00e9galement ajout\u00e9 un tweet de la Minute Ricardo, chronique tenue par Richard Boutry, ancien journaliste devenu figure de proue des antivax. Dans un message publi\u00e9 le 9 f\u00e9vrier, son compte Twitter affirme que&nbsp;<em>\u00able professeur Montagnier n\u2019est pas mort\u00bb.<\/em><\/p>\n","protected":false},"excerpt":{"rendered":"<p>Mercredi 9 f\u00e9vrier, le site&nbsp;FranceSoir&nbsp;a annonc\u00e9 le d\u00e9c\u00e8s du professeur Luc Montagnier, prix Nobel de m\u00e9decine 2008 (partag\u00e9 avec la professeure Fran\u00e7oise Barr\u00e9-Sinoussi) pour ses travaux sur la d\u00e9couverte du virus du sida en 1983. Selon&nbsp;FranceSoir, Luc Montagnier&nbsp;\u00abs\u2019est \u00e9teint \u00e0 l\u2019h\u00f4pital am\u00e9ricain de Neuilly-sur-Seine\u00bb,&nbsp;le 8 f\u00e9vrier 2022,&nbsp;\u00aben pr\u00e9sence de ses enfants\u00bb. Une information diffus\u00e9e \u00e9galement [&hellip;]<\/p>\n","protected":false},"author":2,"featured_media":20366,"comment_status":"open","ping_status":"open","sticky":false,"template":"","format":"standard","meta":{"_jetpack_memberships_contains_paid_content":false,"footnotes":"","jetpack_publicize_message":"","jetpack_publicize_feature_enabled":true,"jetpack_social_post_already_shared":true,"jetpack_social_options":{"image_generator_settings":{"template":"highway","default_image_id":0,"font":"","enabled":false},"version":2},"_wpas_customize_per_network":false},"categories":[405],"tags":[],"class_list":["post-20365","post","type-post","status-publish","format-standard","has-post-thumbnail","hentry","category-actu-france-monde"],"jetpack_publicize_connections":[],"jetpack_featured_media_url":"https:\/\/i0.wp.com\/www.iceagetv.com\/radiosite\/wp-content\/uploads\/2022\/02\/Le-professeur-Luc-Montagnier-est-mort.jpg?fit=800%2C532&ssl=1","jetpack_sharing_enabled":true,"_links":{"self":[{"href":"https:\/\/www.iceagetv.com\/radiosite\/wp-json\/wp\/v2\/posts\/20365","targetHints":{"allow":["GET"]}}],"collection":[{"href":"https:\/\/www.iceagetv.com\/radiosite\/wp-json\/wp\/v2\/posts"}],"about":[{"href":"https:\/\/www.iceagetv.com\/radiosite\/wp-json\/wp\/v2\/types\/post"}],"author":[{"embeddable":true,"href":"https:\/\/www.iceagetv.com\/radiosite\/wp-json\/wp\/v2\/users\/2"}],"replies":[{"embeddable":true,"href":"https:\/\/www.iceagetv.com\/radiosite\/wp-json\/wp\/v2\/comments?post=20365"}],"version-history":[{"count":1,"href":"https:\/\/www.iceagetv.com\/radiosite\/wp-json\/wp\/v2\/posts\/20365\/revisions"}],"predecessor-version":[{"id":20367,"href":"https:\/\/www.iceagetv.com\/radiosite\/wp-json\/wp\/v2\/posts\/20365\/revisions\/20367"}],"wp:featuredmedia":[{"embeddable":true,"href":"https:\/\/www.iceagetv.com\/radiosite\/wp-json\/wp\/v2\/media\/20366"}],"wp:attachment":[{"href":"https:\/\/www.iceagetv.com\/radiosite\/wp-json\/wp\/v2\/media?parent=20365"}],"wp:term":[{"taxonomy":"category","embeddable":true,"href":"https:\/\/www.iceagetv.com\/radiosite\/wp-json\/wp\/v2\/categories?post=20365"},{"taxonomy":"post_tag","embeddable":true,"href":"https:\/\/www.iceagetv.com\/radiosite\/wp-json\/wp\/v2\/tags?post=20365"}],"curies":[{"name":"wp","href":"https:\/\/api.w.org\/{rel}","templated":true}]}}