{"id":20368,"date":"2022-02-11T13:19:13","date_gmt":"2022-02-11T13:19:13","guid":{"rendered":"http:\/\/www.iceagetv.com\/radiosite\/?p=20368"},"modified":"2022-02-11T13:19:13","modified_gmt":"2022-02-11T13:19:13","slug":"protocole-sanitaire-a-lecole-un-seul-test-fini-le-masque-en-exterieur-ce-quil-faut-retenir-des-assouplissements","status":"publish","type":"post","link":"https:\/\/www.iceagetv.com\/radiosite\/protocole-sanitaire-a-lecole-un-seul-test-fini-le-masque-en-exterieur-ce-quil-faut-retenir-des-assouplissements\/","title":{"rendered":"Protocole sanitaire \u00e0 l\u2019\u00e9cole : un seul test, fini le masque en ext\u00e9rieur&#8230; ce qu\u2019il faut retenir des assouplissements"},"content":{"rendered":"\n<p>\u00ab Le plus dur est derri\u00e8re nous \u00bb, s\u2019est r\u00e9joui ce vendredi matin le minist\u00e8re de l\u2019Education Jean-Michel Blanquer. Suite \u00e0 l\u2019avis du Haut conseil de la sant\u00e9 rendu public ce vendredi et apr\u00e8s s\u2019\u00eatre concert\u00e9, le 8 f\u00e9vrier, avec&nbsp;<a href=\"https:\/\/www.leparisien.fr\/societe\/protocole-anti-covid-a-lecole-fin-du-masque-depistage-moins-contraignant-les-pistes-dallegement-06-02-2022-S6DKLRMFPFDSJKGOD3TRCE5T24.php\" target=\"_blank\" rel=\"noreferrer noopener\">les syndicats d\u2019enseignants et les associations de parents d\u2019\u00e9l\u00e8ves,<\/a>&nbsp;il a annonc\u00e9 des mesures d\u2019assouplissement dans les \u00e9coles \u00e9l\u00e9mentaires. Les nouvelles r\u00e8gles s\u2019appliqueront progressivement \u00e0 partir de la rentr\u00e9e du 21 f\u00e9vrier pour les \u00e9l\u00e8ves de la zone B (Aix-Marseille, Amiens, Caen, Lille, Nancy-Metz, Nantes, Nice, Orl\u00e9ans-Tours, Reims, Rennes, Rouen et Strasbourg), les premiers \u00e0 avoir \u00e9t\u00e9 en vacances d\u2019hiver. \u00ab Un certain nombre de r\u00e8gles du quotidien vont \u00e9voluer significativement pour nos enfants, ce sont des all\u00e8gements cons\u00e9quents et je m\u2019en r\u00e9jouis \u00bb, a soulign\u00e9 le ministre de l\u2019Education<\/p>\n\n\n\n<ul class=\"wp-block-list\"><li><strong>Fin du port du masque en ext\u00e9rieur<\/strong><\/li><\/ul>\n\n\n\n<p>Les \u00e9l\u00e8ves de l\u2019\u00e9cole \u00e9l\u00e9mentaire et les personnels n\u2019auront plus l\u2019obligation de porter le masque en ext\u00e9rieur \u00e0 partir du 28 f\u00e9vrier (date de la rentr\u00e9e des \u00e9l\u00e8ves de la zone A (Besan\u00e7on, Bordeaux, Clermont-Ferrand, Dijon, Grenoble, Limoges, Lyon et Poitiers). Ils auront aussi la possibilit\u00e9 de pratiquer \u00e0 nouveau des activit\u00e9s physiques et sportives en int\u00e9rieur sans porter le masque (mais tout en respectant une distanciation : les sports de contact ne sont donc pas autoris\u00e9s sans masque).<\/p>\n\n\n\n<p>Toujours \u00e0 partir du 28 f\u00e9vrier, soit quatre semaines apr\u00e8s le pic \u00e9pid\u00e9mique, le dispositif de d\u00e9pistage des \u00e9l\u00e8ves ayant eu un contact avec un cas confirm\u00e9 sera all\u00e9g\u00e9. Les \u00e9l\u00e8ves, comme les personnels des \u00e9coles, n\u2019auront plus \u00e0 r\u00e9aliser qu\u2019un seul test (autotest ou test antig\u00e9nique) \u00e0 J + 2 au lieu, auparavant, de trois (\u00e0 J0, J + 2 et J + 4) . Ce qui va grandement&nbsp;<a href=\"https:\/\/www.leparisien.fr\/societe\/ma-fille-a-du-faire-trois-tests-en-48-heures-face-au-nouveau-protocole-sanitaire-a-lecole-des-parents-depites-06-01-2022-QQ2MVXB4DZEVRNRLUROCR3X74E.php\" target=\"_blank\" rel=\"noreferrer noopener\">simplifier la vie des parents.&nbsp;<\/a>\u00abL\u2019habitude est prise de ces autotests mais cela permettra beaucoup plus de souplesse \u00bb, confirme Jean-Michel Blanquer.<\/p>\n\n\n\n<ul class=\"wp-block-list\"><li><strong>La fin des attestations<\/strong><\/li><\/ul>\n\n\n\n<p>D\u00e8s le 21 f\u00e9vrier, la pr\u00e9sentation d\u2019une d\u00e9claration sur l\u2019honneur des parents d\u2019\u00e9l\u00e8ves attestant de la r\u00e9alisation des tests ne sera plus exig\u00e9e. \u00ab On sera dans un syst\u00e8me de confiance. Il va all\u00e9ger \u00e0 la fois la vie des parents d\u2019\u00e9l\u00e8ves et celle des professeurs \u00bb, s\u2019est f\u00e9licit\u00e9 le minist\u00e8re de l\u2019Education\u00a0Les brassages resteront limit\u00e9s non plus par classes mais par niveaux \u00bb, a assur\u00e9 le ministre. Des r\u00e8gles de limitation du brassage (par niveau ou groupe de classes), notamment pendant les temps de restauration, dans les cantines, resteront n\u00e9anmoins appliqu\u00e9es mais les r\u00e8gles seront assouplies dans les classes.<\/p>\n","protected":false},"excerpt":{"rendered":"<p>\u00ab Le plus dur est derri\u00e8re nous \u00bb, s\u2019est r\u00e9joui ce vendredi matin le minist\u00e8re de l\u2019Education Jean-Michel Blanquer. Suite \u00e0 l\u2019avis du Haut conseil de la sant\u00e9 rendu public ce vendredi et apr\u00e8s s\u2019\u00eatre concert\u00e9, le 8 f\u00e9vrier, avec&nbsp;les syndicats d\u2019enseignants et les associations de parents d\u2019\u00e9l\u00e8ves,&nbsp;il a annonc\u00e9 des mesures d\u2019assouplissement dans les [&hellip;]<\/p>\n","protected":false},"author":2,"featured_media":20369,"comment_status":"open","ping_status":"open","sticky":false,"template":"","format":"standard","meta":{"_jetpack_memberships_contains_paid_content":false,"footnotes":"","jetpack_publicize_message":"","jetpack_publicize_feature_enabled":true,"jetpack_social_post_already_shared":true,"jetpack_social_options":{"image_generator_settings":{"template":"highway","default_image_id":0,"font":"","enabled":false},"version":2},"_wpas_customize_per_network":false},"categories":[405],"tags":[],"class_list":["post-20368","post","type-post","status-publish","format-standard","has-post-thumbnail","hentry","category-actu-france-monde"],"jetpack_publicize_connections":[],"jetpack_featured_media_url":"https:\/\/i0.wp.com\/www.iceagetv.com\/radiosite\/wp-content\/uploads\/2022\/02\/Protocole-sanitaire-a-lecole.png?fit=667%2C424&ssl=1","jetpack_sharing_enabled":true,"_links":{"self":[{"href":"https:\/\/www.iceagetv.com\/radiosite\/wp-json\/wp\/v2\/posts\/20368","targetHints":{"allow":["GET"]}}],"collection":[{"href":"https:\/\/www.iceagetv.com\/radiosite\/wp-json\/wp\/v2\/posts"}],"about":[{"href":"https:\/\/www.iceagetv.com\/radiosite\/wp-json\/wp\/v2\/types\/post"}],"author":[{"embeddable":true,"href":"https:\/\/www.iceagetv.com\/radiosite\/wp-json\/wp\/v2\/users\/2"}],"replies":[{"embeddable":true,"href":"https:\/\/www.iceagetv.com\/radiosite\/wp-json\/wp\/v2\/comments?post=20368"}],"version-history":[{"count":1,"href":"https:\/\/www.iceagetv.com\/radiosite\/wp-json\/wp\/v2\/posts\/20368\/revisions"}],"predecessor-version":[{"id":20370,"href":"https:\/\/www.iceagetv.com\/radiosite\/wp-json\/wp\/v2\/posts\/20368\/revisions\/20370"}],"wp:featuredmedia":[{"embeddable":true,"href":"https:\/\/www.iceagetv.com\/radiosite\/wp-json\/wp\/v2\/media\/20369"}],"wp:attachment":[{"href":"https:\/\/www.iceagetv.com\/radiosite\/wp-json\/wp\/v2\/media?parent=20368"}],"wp:term":[{"taxonomy":"category","embeddable":true,"href":"https:\/\/www.iceagetv.com\/radiosite\/wp-json\/wp\/v2\/categories?post=20368"},{"taxonomy":"post_tag","embeddable":true,"href":"https:\/\/www.iceagetv.com\/radiosite\/wp-json\/wp\/v2\/tags?post=20368"}],"curies":[{"name":"wp","href":"https:\/\/api.w.org\/{rel}","templated":true}]}}