{"id":20379,"date":"2022-02-12T16:25:48","date_gmt":"2022-02-12T16:25:48","guid":{"rendered":"http:\/\/www.iceagetv.com\/radiosite\/?p=20379"},"modified":"2022-02-12T16:25:48","modified_gmt":"2022-02-12T16:25:48","slug":"covid-19-la-france-allege-son-protocole-de-controle-aux-frontieres-des-ce-samedi","status":"publish","type":"post","link":"https:\/\/www.iceagetv.com\/radiosite\/covid-19-la-france-allege-son-protocole-de-controle-aux-frontieres-des-ce-samedi\/","title":{"rendered":"Covid-19 : La France all\u00e8ge son protocole de contr\u00f4le aux fronti\u00e8res d\u00e8s ce samedi"},"content":{"rendered":"\n<p>L&rsquo;\u00e9tau se desserre. Apr\u00e8s plusieurs semaines de tour de vis, le dispositif de contr\u00f4le aux fronti\u00e8res est all\u00e9g\u00e9 \u00e0 compter de ce samedi 12 f\u00e9vrier, a indiqu\u00e9 vendredi dans un communiqu\u00e9 le minist\u00e8re de l&rsquo;Int\u00e9rieur. Moins de restrictions pour les voyageurs \u00e0 l&rsquo;arriv\u00e9e en France, gr\u00e2ce \u00e0 une<em>\u00a0\u00ab\u00a0nouvelle phase de l&rsquo;\u00e9pid\u00e9mie\u00a0\u00bb<\/em>, port\u00e9e par\u00a0<em>\u00ab\u00a0par la pr\u00e9dominance du variant Omicron et un niveau \u00e9lev\u00e9 de vaccination\u00a0\u00bb<\/em>\u00a0permettant ainsi d&rsquo;assouplir le protocole sanitaire des d\u00e9placements internationaux.\u00a0<\/p>\n\n\n\n<p>Ces all\u00e8gements compl\u00e8tent le calendrier de&nbsp;<a href=\"https:\/\/www.tf1info.fr\/societe\/covid-19-calendrier-de-levees-des-restrictions-les-principales-dates-pour-les-discotheques-bar-concerts-jauges-masque-teletravail-2207763.html\" target=\"_blank\" rel=\"noreferrer noopener\">lev\u00e9e des restrictions nationales<\/a>, compl\u00e9t\u00e9es vendredi par de&nbsp;<a href=\"https:\/\/www.tf1info.fr\/sante\/video-le-protocole-sanitaire-s-allege-2210597.html\" target=\"_blank\" rel=\"noreferrer noopener\">nouvelles annonces<\/a>, dont la fin du port du masque dans les lieux soumis au pass vaccinal d\u00e8s le 28 f\u00e9vrier. D\u00e9sormais, les contr\u00f4les aux fronti\u00e8res sont \u00e9galement all\u00e9g\u00e9s, apr\u00e8s avoir \u00e9t\u00e9 durcis pour tenter de&nbsp;<a href=\"https:\/\/www.tf1info.fr\/international\/video-tf1-covid-19-fermer-les-frontieres-de-la-france-et-l-europe-contre-le-variant-omicron-une-strategie-efficace-2203128.html\" target=\"_blank\" rel=\"noreferrer noopener\">contenir la propagation du variant Omicron<\/a>, d\u00e9couvert en novembre.&nbsp;<\/p>\n\n\n\n<h2 class=\"wp-block-heading\">Plus de test obligatoire pour les voyageurs vaccin\u00e9s<\/h2>\n\n\n\n<p>\u00c0 compter de samedi, les voyageurs vaccin\u00e9s n&rsquo;auront plus besoin de faire de test au d\u00e9part,&nbsp;<em>\u00ab\u00a0quel que soit le pays de provenance\u00a0\u00bb<\/em>, indique Matignon dans un communiqu\u00e9 publi\u00e9 sur&nbsp;<a href=\"https:\/\/www.diplomatie.gouv.fr\/fr\/conseils-aux-voyageurs\/informations-pratiques\/article\/coronavirus-covid-19\" target=\"_blank\" rel=\"noreferrer noopener\">son site<\/a>. Seul un sch\u00e9ma vaccinal complet est d\u00e9sormais suffisant,<em>&nbsp;\u00ab\u00a0comme c&rsquo;\u00e9tait le cas avant la diffusion du variant Omicron\u00a0\u00bb<\/em>. Les voyageurs non-vaccin\u00e9s devront en revanche toujours pr\u00e9senter un test n\u00e9gatif pour entrer sur le territoire fran\u00e7ais, mais ils ne seront plus soumis \u00e0 un test suppl\u00e9mentaire \u00e0 l&rsquo;arriv\u00e9e ni m\u00eame \u00e0 l&rsquo;isolement, d\u00e8s lors qu&rsquo;ils viennent de pays class\u00e9s&nbsp;<em>\u00ab\u00a0verts\u00a0\u00bb<\/em>&nbsp;par le gouvernement, \u00e0 savoir l\u00e0 o\u00f9 la circulation du virus est limit\u00e9e.&nbsp;<\/p>\n\n\n\n<p>Si des voyageurs non vaccin\u00e9s sont au d\u00e9part d&rsquo;un pays issu de la liste&nbsp;<em>\u00ab\u00a0orange\u00a0\u00bb<\/em>, ils seront par contre toujours oblig\u00e9s de pr\u00e9senter un motif imp\u00e9rieux pour expliquer leur venue en France m\u00e9tropolitaine et peuvent s&rsquo;attendre \u00e0 un<em>&nbsp;\u00ab\u00a0test al\u00e9atoire\u00a0\u00bb<\/em>&nbsp;\u00e0 leur arriv\u00e9e. Ceux qui seraient test\u00e9s positifs devront alors&nbsp;<a href=\"https:\/\/www.tf1info.fr\/sante\/video-isolement-les-nouvelles-regles-pour-les-cas-positifs-et-contacts-2206169.html\" target=\"_blank\" rel=\"noreferrer noopener\">s&rsquo;isoler selon les consignes de l&rsquo;Assurance Maladie<\/a>&nbsp;: un isolement de sept jours pour les personnes non-vaccin\u00e9es, qui peut \u00eatre prolong\u00e9 de trois jours en cas de test \u00e0 nouveau positif au terme de cette semaine.&nbsp;<\/p>\n\n\n\n<p>Actuellement, la quasi-totalit\u00e9 des pays d&rsquo;Europe sont class\u00e9s sur liste verte, \u00e0 l&rsquo;exception notable du Royaume-Uni et de certains pays d&rsquo;Europe de l&rsquo;Est, comme la Croatie et la Bosnie, class\u00e9s<em>&nbsp;\u00ab\u00a0orange\u00a0\u00bb<\/em>. Dans le reste du monde en revanche, l&rsquo;ensemble des pays sont r\u00e9pertori\u00e9s<em>&nbsp;\u00ab\u00a0orange\u00a0\u00bb<\/em>, hormis quelques \u00c9tats&nbsp;<em>\u00ab\u00a0verts\u00a0\u00bb&nbsp;<\/em>comme l&rsquo;Arabie Saoudite, le Japon, la Nouvelle-Z\u00e9lande ou encore l&rsquo;Indon\u00e9sie. La carte est \u00e0 retrouver dans le communiqu\u00e9 de Matignon.<\/p>\n","protected":false},"excerpt":{"rendered":"<p>L&rsquo;\u00e9tau se desserre. Apr\u00e8s plusieurs semaines de tour de vis, le dispositif de contr\u00f4le aux fronti\u00e8res est all\u00e9g\u00e9 \u00e0 compter de ce samedi 12 f\u00e9vrier, a indiqu\u00e9 vendredi dans un communiqu\u00e9 le minist\u00e8re de l&rsquo;Int\u00e9rieur. Moins de restrictions pour les voyageurs \u00e0 l&rsquo;arriv\u00e9e en France, gr\u00e2ce \u00e0 une\u00a0\u00ab\u00a0nouvelle phase de l&rsquo;\u00e9pid\u00e9mie\u00a0\u00bb, port\u00e9e par\u00a0\u00ab\u00a0par la pr\u00e9dominance [&hellip;]<\/p>\n","protected":false},"author":2,"featured_media":20380,"comment_status":"open","ping_status":"open","sticky":false,"template":"","format":"standard","meta":{"_jetpack_memberships_contains_paid_content":false,"footnotes":"","jetpack_publicize_message":"","jetpack_publicize_feature_enabled":true,"jetpack_social_post_already_shared":true,"jetpack_social_options":{"image_generator_settings":{"template":"highway","default_image_id":0,"font":"","enabled":false},"version":2},"_wpas_customize_per_network":false},"categories":[405],"tags":[],"class_list":["post-20379","post","type-post","status-publish","format-standard","has-post-thumbnail","hentry","category-actu-france-monde"],"jetpack_publicize_connections":[],"jetpack_featured_media_url":"https:\/\/i0.wp.com\/www.iceagetv.com\/radiosite\/wp-content\/uploads\/2022\/02\/La-France-allege-son-protocole-de-controle-aux-frontieres-des-ce-samedi.jpg?fit=680%2C383&ssl=1","jetpack_sharing_enabled":true,"_links":{"self":[{"href":"https:\/\/www.iceagetv.com\/radiosite\/wp-json\/wp\/v2\/posts\/20379","targetHints":{"allow":["GET"]}}],"collection":[{"href":"https:\/\/www.iceagetv.com\/radiosite\/wp-json\/wp\/v2\/posts"}],"about":[{"href":"https:\/\/www.iceagetv.com\/radiosite\/wp-json\/wp\/v2\/types\/post"}],"author":[{"embeddable":true,"href":"https:\/\/www.iceagetv.com\/radiosite\/wp-json\/wp\/v2\/users\/2"}],"replies":[{"embeddable":true,"href":"https:\/\/www.iceagetv.com\/radiosite\/wp-json\/wp\/v2\/comments?post=20379"}],"version-history":[{"count":1,"href":"https:\/\/www.iceagetv.com\/radiosite\/wp-json\/wp\/v2\/posts\/20379\/revisions"}],"predecessor-version":[{"id":20381,"href":"https:\/\/www.iceagetv.com\/radiosite\/wp-json\/wp\/v2\/posts\/20379\/revisions\/20381"}],"wp:featuredmedia":[{"embeddable":true,"href":"https:\/\/www.iceagetv.com\/radiosite\/wp-json\/wp\/v2\/media\/20380"}],"wp:attachment":[{"href":"https:\/\/www.iceagetv.com\/radiosite\/wp-json\/wp\/v2\/media?parent=20379"}],"wp:term":[{"taxonomy":"category","embeddable":true,"href":"https:\/\/www.iceagetv.com\/radiosite\/wp-json\/wp\/v2\/categories?post=20379"},{"taxonomy":"post_tag","embeddable":true,"href":"https:\/\/www.iceagetv.com\/radiosite\/wp-json\/wp\/v2\/tags?post=20379"}],"curies":[{"name":"wp","href":"https:\/\/api.w.org\/{rel}","templated":true}]}}