{"id":20386,"date":"2022-02-13T16:34:02","date_gmt":"2022-02-13T16:34:02","guid":{"rendered":"http:\/\/www.iceagetv.com\/radiosite\/?p=20386"},"modified":"2022-02-13T16:34:02","modified_gmt":"2022-02-13T16:34:02","slug":"lamelioration-de-la-qualite-de-lair-en-ile-de-france-a-permis-deviter-des-milliers-de-morts-en-10-ans-avec-une-baisse-de-la-mortalite-attribuable-a-certains-polluants-pouvant-atteindre-40-selo","status":"publish","type":"post","link":"https:\/\/www.iceagetv.com\/radiosite\/lamelioration-de-la-qualite-de-lair-en-ile-de-france-a-permis-deviter-des-milliers-de-morts-en-10-ans-avec-une-baisse-de-la-mortalite-attribuable-a-certains-polluants-pouvant-atteindre-40-selo\/","title":{"rendered":"L&rsquo;am\u00e9lioration de la qualit\u00e9 de l&rsquo;air en Ile-de-France a permis d&rsquo;\u00e9viter des milliers de morts en 10 ans, avec une baisse de la mortalit\u00e9 attribuable \u00e0 certains polluants pouvant atteindre 40%, selon une \u00e9tude"},"content":{"rendered":"\n<p>L&rsquo;am\u00e9lioration de la qualit\u00e9 de l&rsquo;air en Ile-de-France a permis d&rsquo;\u00e9viter des milliers de morts en 10 ans, avec une baisse de la mortalit\u00e9 attribuable \u00e0 certains polluants pouvant atteindre 40%, selon une \u00e9tude.&nbsp;Ainsi pour les particules fines PM2,5 (diam\u00e8tre inf\u00e9rieur \u00e0 2,5 microm\u00e8tres), \u00ab\u00a0entre 2010 et 2019, le nombre annuel de d\u00e9c\u00e8s attribuables \u00e0 l&rsquo;exposition prolong\u00e9e est pass\u00e9 de 10.350 \u00e0 6.220 soit une baisse de 40%\u00a0\u00bb, selon cette \u00ab\u00a0\u00c9valuation quantitative des impacts sur la sant\u00e9\u00a0\u00bb r\u00e9alis\u00e9e par l&rsquo;Observatoire r\u00e9gional de la sant\u00e9 (ORS) d&rsquo;Ile-de-France, en collaboration avec Airparif, observatoire r\u00e9gional de la qualit\u00e9 de l&rsquo;air.<\/p>\n\n\n\n<p>Pour l&rsquo;exposition prolong\u00e9e au dioxyde d&rsquo;azote (NO2), produit principalement par les v\u00e9hicules et les centrales thermiques ou le chauffage, le nombre de d\u00e9c\u00e8s annuel \u00ab\u00a0est pass\u00e9 de 4 520 \u00e0 3.680 soit une baisse de pr\u00e8s de 19%\u00a0\u00bb.<\/p>\n\n\n\n<p>Pour r\u00e9aliser ces \u00e9valuations -qui ne prennent pas en compte l&rsquo;ann\u00e9e 2020 et les fortes baisses de pollution li\u00e9es aux confinements- l&rsquo;ORS s&rsquo;est bas\u00e9e sur un calcul du \u00ab\u00a0risque attribuable\u00a0\u00bb, estimation statistique rapportant \u00e0 l&rsquo;ensemble des d\u00e9c\u00e8s enregistr\u00e9s ceux attribuables \u00e0 la pollution atmosph\u00e9rique.<\/p>\n\n\n\n<p>Les donn\u00e9es de population de l&rsquo;Insee ont ainsi \u00e9t\u00e9 crois\u00e9es avec des mod\u00e9lisations \u00e0 partir des donn\u00e9es d&rsquo;Airparif, avec une r\u00e9solution par carr\u00e9 de 50 m\u00e8tres de c\u00f4t\u00e9.<\/p>\n\n\n\n<p>Ce qui met en \u00e9vidence que les gains de mortalit\u00e9 concernent \u00ab\u00a0tous les territoires y compris les territoires ruraux mais sont plus marqu\u00e9es dans la zone dense, \u00e0 la fois plus pollu\u00e9e et plus peupl\u00e9e\u00a0\u00bb. Le \u00ab\u00a0b\u00e9n\u00e9fice (est) particuli\u00e8rement marqu\u00e9 \u00e0 Paris\u00a0\u00bb, avec \u00ab\u00a0un gain brut d\u2019esp\u00e9rance de vie (de) pr\u00e8s de 10 mois\u00a0\u00bb.<\/p>\n","protected":false},"excerpt":{"rendered":"<p>L&rsquo;am\u00e9lioration de la qualit\u00e9 de l&rsquo;air en Ile-de-France a permis d&rsquo;\u00e9viter des milliers de morts en 10 ans, avec une baisse de la mortalit\u00e9 attribuable \u00e0 certains polluants pouvant atteindre 40%, selon une \u00e9tude.&nbsp;Ainsi pour les particules fines PM2,5 (diam\u00e8tre inf\u00e9rieur \u00e0 2,5 microm\u00e8tres), \u00ab\u00a0entre 2010 et 2019, le nombre annuel de d\u00e9c\u00e8s attribuables \u00e0 [&hellip;]<\/p>\n","protected":false},"author":2,"featured_media":20387,"comment_status":"open","ping_status":"open","sticky":false,"template":"","format":"standard","meta":{"_jetpack_memberships_contains_paid_content":false,"footnotes":"","jetpack_publicize_message":"","jetpack_publicize_feature_enabled":true,"jetpack_social_post_already_shared":true,"jetpack_social_options":{"image_generator_settings":{"template":"highway","default_image_id":0,"font":"","enabled":false},"version":2},"_wpas_customize_per_network":false},"categories":[405],"tags":[],"class_list":["post-20386","post","type-post","status-publish","format-standard","has-post-thumbnail","hentry","category-actu-france-monde"],"jetpack_publicize_connections":[],"jetpack_featured_media_url":"https:\/\/i0.wp.com\/www.iceagetv.com\/radiosite\/wp-content\/uploads\/2022\/02\/Lamelioration-de-la-qualite-de-lair-en-Ile-de-France-a-permis-deviter-des-milliers-de-morts-en-10-ans.jpg?fit=680%2C294&ssl=1","jetpack_sharing_enabled":true,"_links":{"self":[{"href":"https:\/\/www.iceagetv.com\/radiosite\/wp-json\/wp\/v2\/posts\/20386","targetHints":{"allow":["GET"]}}],"collection":[{"href":"https:\/\/www.iceagetv.com\/radiosite\/wp-json\/wp\/v2\/posts"}],"about":[{"href":"https:\/\/www.iceagetv.com\/radiosite\/wp-json\/wp\/v2\/types\/post"}],"author":[{"embeddable":true,"href":"https:\/\/www.iceagetv.com\/radiosite\/wp-json\/wp\/v2\/users\/2"}],"replies":[{"embeddable":true,"href":"https:\/\/www.iceagetv.com\/radiosite\/wp-json\/wp\/v2\/comments?post=20386"}],"version-history":[{"count":1,"href":"https:\/\/www.iceagetv.com\/radiosite\/wp-json\/wp\/v2\/posts\/20386\/revisions"}],"predecessor-version":[{"id":20388,"href":"https:\/\/www.iceagetv.com\/radiosite\/wp-json\/wp\/v2\/posts\/20386\/revisions\/20388"}],"wp:featuredmedia":[{"embeddable":true,"href":"https:\/\/www.iceagetv.com\/radiosite\/wp-json\/wp\/v2\/media\/20387"}],"wp:attachment":[{"href":"https:\/\/www.iceagetv.com\/radiosite\/wp-json\/wp\/v2\/media?parent=20386"}],"wp:term":[{"taxonomy":"category","embeddable":true,"href":"https:\/\/www.iceagetv.com\/radiosite\/wp-json\/wp\/v2\/categories?post=20386"},{"taxonomy":"post_tag","embeddable":true,"href":"https:\/\/www.iceagetv.com\/radiosite\/wp-json\/wp\/v2\/tags?post=20386"}],"curies":[{"name":"wp","href":"https:\/\/api.w.org\/{rel}","templated":true}]}}