{"id":20396,"date":"2022-02-14T16:51:46","date_gmt":"2022-02-14T16:51:46","guid":{"rendered":"http:\/\/www.iceagetv.com\/radiosite\/?p=20396"},"modified":"2022-02-14T16:51:46","modified_gmt":"2022-02-14T16:51:46","slug":"attaque-au-couteau-ce-matin-gare-du-nord-les-policiers-ouvrent-le-feu-sur-un-individu-qui-est-decede-aucun-blesse-parmi-les-voyageurs-selon-cnews-le-couteau-portait-un-slogan-anti-police-acab","status":"publish","type":"post","link":"https:\/\/www.iceagetv.com\/radiosite\/attaque-au-couteau-ce-matin-gare-du-nord-les-policiers-ouvrent-le-feu-sur-un-individu-qui-est-decede-aucun-blesse-parmi-les-voyageurs-selon-cnews-le-couteau-portait-un-slogan-anti-police-acab\/","title":{"rendered":"Attaque au couteau ce matin Gare du Nord : Les policiers ouvrent le feu sur un individu qui est d\u00e9c\u00e9d\u00e9 &#8211; Aucun bless\u00e9 parmi les voyageurs &#8211; Selon CNews, le couteau portait un slogan anti-police : ACAB"},"content":{"rendered":"\n<p><strong>Le point sur ce que l&rsquo;on sait<\/strong><\/p>\n\n\n\n<p>Un homme a \u00e9t\u00e9 tu\u00e9 lundi \u00e0 la gare du Nord \u00e0 Paris par deux policiers qu&rsquo;il est suspect\u00e9 d&rsquo;avoir menac\u00e9s avec un couteau portant un slogan anti-police, un acte d\u00e9nonc\u00e9 par le ministre de l&rsquo;Int\u00e9rieur G\u00e9rald Darmanin et les syndicats.<\/p>\n\n\n\n<p>Vers 06h50, les deux policiers de la brigade des r\u00e9seaux franciliens patrouillaient \u00e0 l&rsquo;heure de pointe dans cette grande gare parisienne, d&rsquo;o\u00f9 partent et arrivent les trains \u00e0 destination et en provenance du nord de la France et de l&rsquo;Europe.<\/p>\n\n\n\n<p>Ils \u00ab\u00a0ont \u00e9t\u00e9 pris \u00e0 partie, menac\u00e9s par un assaillant qui avait un couteau et qui a voulu manifestement atteindre les policiers, les blesser, les tuer, et ils ont utilis\u00e9 leurs armes administratives pour le neutraliser et \u00e9videmment cet assaillant est d\u00e9c\u00e9d\u00e9\u00a0\u00bb, a d\u00e9taill\u00e9 \u00e0 la presse M. Darmanin lors d&rsquo;un d\u00e9placement dans un commissariat de Montpellier (H\u00e9rault).<\/p>\n\n\n\n<p>Selon une source polici\u00e8re, leur agresseur, n\u00e9 1991, n&rsquo;\u00e9tait pas connu des services de police.<\/p>\n\n\n\n<p>\u00ab\u00a0Le couteau trouv\u00e9 \u00e0 proximit\u00e9 de la sc\u00e8ne et susceptible d&rsquo;avoir \u00e9t\u00e9 en possession de l&rsquo;homme d\u00e9c\u00e9d\u00e9 est porteur des lettres ACAB\u00a0\u00bb (All cops are bastards, \u00ab\u00a0tous les flics sont des b\u00e2tards\u00a0\u00bb), a pr\u00e9cis\u00e9 le parquet de Paris.<\/p>\n\n\n\n<p>La piste terroriste a \u00e9t\u00e9 rapidement \u00e9cart\u00e9e.<\/p>\n\n\n\n<p>Sollicit\u00e9 par l&rsquo;AFP, le parquet national anti-terroriste (PNAT) a r\u00e9pondu qu&rsquo;il n&rsquo;\u00e9tait pas saisi de l&rsquo;enqu\u00eate.<\/p>\n\n\n\n<p>L&rsquo;homme n&rsquo;a fait \u00ab\u00a0aucune all\u00e9gation, aucune revendication terroriste, et n&rsquo;avait aucun document d&rsquo;identit\u00e9 sur le coup\u00a0\u00bb, a confirm\u00e9 le ministre de l&rsquo;Int\u00e9rieur.<\/p>\n\n\n\n<p>\u00ab\u00a0Mais nous avons vu sur le couteau la marque ACAB (&#8230;) c&rsquo;est manifestement une d\u00e9monstration que cette personne voulait s&rsquo;attaquer directement \u00e0 des policiers parce qu&rsquo;ils \u00e9taient policiers\u00a0\u00bb, a affirm\u00e9 M. Darmanin, \u00e9voquant un \u00ab\u00a0acte de terreur\u00a0\u00bb.<\/p>\n\n\n\n<p>L&rsquo;enqu\u00eate pour tentative d&rsquo;homicide volontaire a \u00e9t\u00e9 confi\u00e9e par le parquet de Paris au 2e DPJ de Paris et la \u00ab\u00a0police des polices\u00a0\u00bb (IGPN) a \u00e9t\u00e9 saisie comme c&rsquo;est le cas lorsqu&rsquo;un fonctionnaire de police fait usage de son arme pour \u00ab\u00a0d\u00e9terminer les conditions\u00a0\u00bb de l&#8217;emploi de celle-ci.<\/p>\n\n\n\n<p>Le pr\u00e9fet de police de Paris, Didier Lallement, a \u00ab\u00a0salu\u00e9\u00a0\u00bb dans un tweet \u00ab\u00a0le courage des policiers qui ont su r\u00e9agir avec sang froid \u00e0 une l\u00e2che attaque\u00a0\u00bb.<\/p>\n\n\n\n<p>Dans un communiqu\u00e9, Alliance, un des principaux syndicats de police, a qualifi\u00e9 l&rsquo;agresseur de \u00ab\u00a0terroriste anti-flics\u00a0\u00bb, qui a pris les fonctionnaires \u00ab\u00a0pour cible arm\u00e9 d&rsquo;un couteau pour les tuer\u00a0\u00bb.<\/p>\n\n\n\n<p>\u00ab\u00a0Cet attentat envers les protecteurs de la R\u00e9publique montre une nouvelle fois qu&rsquo;aujourd&rsquo;hui nos coll\u00e8gues risquent leur vie au coin d&rsquo;une rue, le parvis d&rsquo;une \u00e9glise, ou dans une mission du quotidien au sein d&rsquo;une gare\u00a0\u00bb, a poursuivi le syndicat.<\/p>\n\n\n\n<p>Ces derniers mois, plusieurs fonctionnaires de police ont \u00e9t\u00e9 vis\u00e9s par des attaques \u00e0 l&rsquo;arme blanche.<\/p>\n\n\n\n<p>En novembre dernier, un ressortissant alg\u00e9rien avait port\u00e9 des coups de couteau \u00e0 deux policiers du commissariat de Cannes qui en \u00e9taient ressortis indemnes, prot\u00e9g\u00e9s par leur gilet pare-balle. La piste terroriste n&rsquo;avait pas \u00e9t\u00e9 retenue.<\/p>\n\n\n\n<p>La porte-parole du syndicat Unit\u00e9 SGP-police, Linda Kebbab, a soulign\u00e9 sur Twitter que l&rsquo;attaque de lundi \u00ab\u00a0laiss(ait) peu de place au doute sur la nature haineuse qui a anim\u00e9 l&rsquo;auteur\u00a0\u00bb.<\/p>\n\n\n\n<p>Le syndicat des commissaires de police (SCPN) a pour sa part, dans un tweet, \u00ab\u00a0son soutien\u00a0\u00bb et exprim\u00e9 \u00ab\u00a0sa reconnaissance \u00e0 nos policiers qui nous prot\u00e8gent\u00a0\u00bb. \u00ab\u00a0Lorsqu&rsquo;un individu arm\u00e9 menace et attaque, s&rsquo;il n&rsquo;obtemp\u00e8re pas, il doit \u00eatre neutralis\u00e9\u00a0\u00bb, a soulign\u00e9 le SCPN.Linda Kebbab, porte-parole de Unit\u00e9 SGP police, a estim\u00e9 sur Twitter que cette \u00ab\u00a0attaque au cri laiss(ait) peu de place au doute sur la nature haineuse qui a anim\u00e9 l&rsquo;auteur\u00a0\u00bb. \u00ab\u00a0Tir de d\u00e9fense, neutralisation. Courage \u00e0 vous coll\u00e8gues\u00a0\u00bb, a-t-elle ajout\u00e9.<br>Le syndicat des commissaires de police (SCPN) a apport\u00e9, dans un tweet, \u00ab\u00a0son soutien\u00a0\u00bb et exprim\u00e9 \u00ab\u00a0sa reconnaissance \u00e0 nos policiers qui nous prot\u00e8gent\u00a0\u00bb. \u00ab\u00a0Lorsqu&rsquo;un individu arm\u00e9 menace et attaque, s&rsquo;il n&rsquo;obtemp\u00e8re pas, il doit \u00eatre neutralis\u00e9\u00a0\u00bb, souligne le syndicat.Dans un communiqu\u00e9, Alliance, un des principaux syndicats de police, a qualifi\u00e9 l&rsquo;agresseur de \u00ab\u00a0terroriste anti-flics\u00a0\u00bb, qui a pris les policiers \u00ab\u00a0pour cible arm\u00e9 d&rsquo;un couteau pour les tuer\u00a0\u00bb. Pour Alliance, \u00ab\u00a0cet attentat envers les protecteurs de la R\u00e9publique montre une nouvelle fois qu&rsquo;aujourd&rsquo;hui nos coll\u00e8gues risquent leur vie au coin d&rsquo;une rue, le parvis d&rsquo;une \u00e9glise, ou dans une mission du quotidien au sein d&rsquo;une gare\u00a0\u00bb. \u00ab\u00a0La menace est bien r\u00e9elle, le bleu dans la rue est une cible privil\u00e9gi\u00e9e et l&rsquo;acte terroriste anti-flic clairement identifi\u00e9\u00a0\u00bb, a ajout\u00e9 le syndicat.<\/p>\n","protected":false},"excerpt":{"rendered":"<p>Le point sur ce que l&rsquo;on sait Un homme a \u00e9t\u00e9 tu\u00e9 lundi \u00e0 la gare du Nord \u00e0 Paris par deux policiers qu&rsquo;il est suspect\u00e9 d&rsquo;avoir menac\u00e9s avec un couteau portant un slogan anti-police, un acte d\u00e9nonc\u00e9 par le ministre de l&rsquo;Int\u00e9rieur G\u00e9rald Darmanin et les syndicats. Vers 06h50, les deux policiers de la [&hellip;]<\/p>\n","protected":false},"author":2,"featured_media":20397,"comment_status":"open","ping_status":"open","sticky":false,"template":"","format":"standard","meta":{"_jetpack_memberships_contains_paid_content":false,"footnotes":"","jetpack_publicize_message":"","jetpack_publicize_feature_enabled":true,"jetpack_social_post_already_shared":true,"jetpack_social_options":{"image_generator_settings":{"template":"highway","default_image_id":0,"font":"","enabled":false},"version":2},"_wpas_customize_per_network":false},"categories":[405],"tags":[],"class_list":["post-20396","post","type-post","status-publish","format-standard","has-post-thumbnail","hentry","category-actu-france-monde"],"jetpack_publicize_connections":[],"jetpack_featured_media_url":"https:\/\/i0.wp.com\/www.iceagetv.com\/radiosite\/wp-content\/uploads\/2022\/02\/Attaque-au-couteau-ce-matin-Gare-du-Nord.jpg?fit=680%2C294&ssl=1","jetpack_sharing_enabled":true,"_links":{"self":[{"href":"https:\/\/www.iceagetv.com\/radiosite\/wp-json\/wp\/v2\/posts\/20396","targetHints":{"allow":["GET"]}}],"collection":[{"href":"https:\/\/www.iceagetv.com\/radiosite\/wp-json\/wp\/v2\/posts"}],"about":[{"href":"https:\/\/www.iceagetv.com\/radiosite\/wp-json\/wp\/v2\/types\/post"}],"author":[{"embeddable":true,"href":"https:\/\/www.iceagetv.com\/radiosite\/wp-json\/wp\/v2\/users\/2"}],"replies":[{"embeddable":true,"href":"https:\/\/www.iceagetv.com\/radiosite\/wp-json\/wp\/v2\/comments?post=20396"}],"version-history":[{"count":1,"href":"https:\/\/www.iceagetv.com\/radiosite\/wp-json\/wp\/v2\/posts\/20396\/revisions"}],"predecessor-version":[{"id":20398,"href":"https:\/\/www.iceagetv.com\/radiosite\/wp-json\/wp\/v2\/posts\/20396\/revisions\/20398"}],"wp:featuredmedia":[{"embeddable":true,"href":"https:\/\/www.iceagetv.com\/radiosite\/wp-json\/wp\/v2\/media\/20397"}],"wp:attachment":[{"href":"https:\/\/www.iceagetv.com\/radiosite\/wp-json\/wp\/v2\/media?parent=20396"}],"wp:term":[{"taxonomy":"category","embeddable":true,"href":"https:\/\/www.iceagetv.com\/radiosite\/wp-json\/wp\/v2\/categories?post=20396"},{"taxonomy":"post_tag","embeddable":true,"href":"https:\/\/www.iceagetv.com\/radiosite\/wp-json\/wp\/v2\/tags?post=20396"}],"curies":[{"name":"wp","href":"https:\/\/api.w.org\/{rel}","templated":true}]}}