{"id":20403,"date":"2022-02-14T19:51:31","date_gmt":"2022-02-14T19:51:31","guid":{"rendered":"http:\/\/www.iceagetv.com\/radiosite\/?p=20403"},"modified":"2022-02-14T19:51:31","modified_gmt":"2022-02-14T19:51:31","slug":"une-enquete-preliminaire-pour-delit-dinitie-a-ete-ouverte-pour-etudier-la-revente-dactions-par-lex-directeur-general-du-groupe-orpea-avant-la-parution-dun-livre-sca","status":"publish","type":"post","link":"https:\/\/www.iceagetv.com\/radiosite\/une-enquete-preliminaire-pour-delit-dinitie-a-ete-ouverte-pour-etudier-la-revente-dactions-par-lex-directeur-general-du-groupe-orpea-avant-la-parution-dun-livre-sca\/","title":{"rendered":"Une enqu\u00eate pr\u00e9liminaire pour d\u00e9lit d\u2019initi\u00e9 a \u00e9t\u00e9 ouverte pour \u00e9tudier la revente d\u2019actions par l\u2019ex-directeur g\u00e9n\u00e9ral du groupe Orpea avant la parution d\u2019un livre-scandale sur les maltraitances en Ehpad"},"content":{"rendered":"\n<p>Une enqu\u00eate pr\u00e9liminaire du chef de \u00ab d\u00e9lit d\u2019initi\u00e9 \u00bb a \u00e9t\u00e9 ouverte pour \u00e9tudier la revente d\u2019actions par l\u2019ex-directeur g\u00e9n\u00e9ral du groupe Orpea avant la parution d\u2019un livre-scandale sur les maltraitances en Ehpad, a indiqu\u00e9 lundi 14 f\u00e9vrier le parquet national financier.<\/p>\n\n\n\n<p>Le Canard encha\u00een\u00e9 avait indiqu\u00e9 le 2 f\u00e9vrier qu\u2019Yves Le Masne, directeur g\u00e9n\u00e9ral du groupe pendant plus de dix ans et r\u00e9cemment limog\u00e9, avait revendu en juillet des actions pour pr\u00e8s de 600 000 euros \u00ab trois semaines seulement apr\u00e8s que la direction d\u2019Orpea a \u00e9t\u00e9 inform\u00e9e de la parution prochaine du livre \u00bb de Victor Castanet Les Fossoyeurs. Des informations que l\u2019ex-directeur g\u00e9n\u00e9ral a r\u00e9fut\u00e9 \u00ab vivement \u00bb.<\/p>\n\n\n\n<p>Dans un communiqu\u00e9 transmis \u00e0 l\u2019Agence France-Presse par son avocat apr\u00e8s les r\u00e9v\u00e9lations du Canard, il assure que la vente d\u2019\u00ab environ un tiers de (ses) actions \u00bb n\u2019a \u00ab rien \u00e0 voir avec le livre de M. Castanet, qui ne cr\u00e9ait pas pour nous d\u2019inqui\u00e9tude particuli\u00e8re \u00bb.<\/p>\n\n\n\n<p>Il assurait n\u2019avoir \u00ab aucune raison \u00bb de c\u00e9der davantage d\u2019actions, \u00ab ayant pleinement confiance en l\u2019avenir de la soci\u00e9t\u00e9 \u00bb.<\/p>\n\n\n\n<p>\u00ab Le milieu de l\u2019\u00e9t\u00e9 est la p\u00e9riode \u00e0 laquelle je vends habituellement des actions, comme le montrent mes d\u00e9clarations publi\u00e9es ant\u00e9rieurement \u00bb et \u00ab j\u2019ai toujours effectu\u00e9 mes ventes d\u2019actions dans les p\u00e9riodes autoris\u00e9es et fait toutes les d\u00e9clarations r\u00e9glementaires aux autorit\u00e9s comp\u00e9tentes \u00bb.<\/p>\n\n\n\n<p>Directeur g\u00e9n\u00e9ral d\u2019Orpea pendant dix ans, Yves Le Masne a \u00e9t\u00e9 limog\u00e9 le 30 janvier par le conseil d\u2019administration d\u2019Orpea apr\u00e8s ces r\u00e9v\u00e9lations. Il a \u00e9t\u00e9 remplac\u00e9 par Philippe Charrier, promu de pr\u00e9sident non<\/p>\n","protected":false},"excerpt":{"rendered":"<p>Une enqu\u00eate pr\u00e9liminaire du chef de \u00ab d\u00e9lit d\u2019initi\u00e9 \u00bb a \u00e9t\u00e9 ouverte pour \u00e9tudier la revente d\u2019actions par l\u2019ex-directeur g\u00e9n\u00e9ral du groupe Orpea avant la parution d\u2019un livre-scandale sur les maltraitances en Ehpad, a indiqu\u00e9 lundi 14 f\u00e9vrier le parquet national financier. Le Canard encha\u00een\u00e9 avait indiqu\u00e9 le 2 f\u00e9vrier qu\u2019Yves Le Masne, directeur [&hellip;]<\/p>\n","protected":false},"author":2,"featured_media":20404,"comment_status":"open","ping_status":"open","sticky":false,"template":"","format":"standard","meta":{"_jetpack_memberships_contains_paid_content":false,"footnotes":"","jetpack_publicize_message":"","jetpack_publicize_feature_enabled":true,"jetpack_social_post_already_shared":true,"jetpack_social_options":{"image_generator_settings":{"template":"highway","default_image_id":0,"font":"","enabled":false},"version":2},"_wpas_customize_per_network":false},"categories":[405],"tags":[],"class_list":["post-20403","post","type-post","status-publish","format-standard","has-post-thumbnail","hentry","category-actu-france-monde"],"jetpack_publicize_connections":[],"jetpack_featured_media_url":"https:\/\/i0.wp.com\/www.iceagetv.com\/radiosite\/wp-content\/uploads\/2022\/02\/Une-enquete-preliminaire-pour-delit-dinitie-a-ete-ouverte-pour-etudier-la-revente.jpg?fit=680%2C294&ssl=1","jetpack_sharing_enabled":true,"_links":{"self":[{"href":"https:\/\/www.iceagetv.com\/radiosite\/wp-json\/wp\/v2\/posts\/20403","targetHints":{"allow":["GET"]}}],"collection":[{"href":"https:\/\/www.iceagetv.com\/radiosite\/wp-json\/wp\/v2\/posts"}],"about":[{"href":"https:\/\/www.iceagetv.com\/radiosite\/wp-json\/wp\/v2\/types\/post"}],"author":[{"embeddable":true,"href":"https:\/\/www.iceagetv.com\/radiosite\/wp-json\/wp\/v2\/users\/2"}],"replies":[{"embeddable":true,"href":"https:\/\/www.iceagetv.com\/radiosite\/wp-json\/wp\/v2\/comments?post=20403"}],"version-history":[{"count":1,"href":"https:\/\/www.iceagetv.com\/radiosite\/wp-json\/wp\/v2\/posts\/20403\/revisions"}],"predecessor-version":[{"id":20405,"href":"https:\/\/www.iceagetv.com\/radiosite\/wp-json\/wp\/v2\/posts\/20403\/revisions\/20405"}],"wp:featuredmedia":[{"embeddable":true,"href":"https:\/\/www.iceagetv.com\/radiosite\/wp-json\/wp\/v2\/media\/20404"}],"wp:attachment":[{"href":"https:\/\/www.iceagetv.com\/radiosite\/wp-json\/wp\/v2\/media?parent=20403"}],"wp:term":[{"taxonomy":"category","embeddable":true,"href":"https:\/\/www.iceagetv.com\/radiosite\/wp-json\/wp\/v2\/categories?post=20403"},{"taxonomy":"post_tag","embeddable":true,"href":"https:\/\/www.iceagetv.com\/radiosite\/wp-json\/wp\/v2\/tags?post=20403"}],"curies":[{"name":"wp","href":"https:\/\/api.w.org\/{rel}","templated":true}]}}