{"id":20410,"date":"2022-02-15T19:53:34","date_gmt":"2022-02-15T19:53:34","guid":{"rendered":"http:\/\/www.iceagetv.com\/radiosite\/?p=20410"},"modified":"2022-02-15T19:53:34","modified_gmt":"2022-02-15T19:53:34","slug":"novak-djokovic-nest-pas-anti-vaccin-mais-est-pret-a-renoncer-a-roland-garros-au-nom-de-ses-convictions","status":"publish","type":"post","link":"https:\/\/www.iceagetv.com\/radiosite\/novak-djokovic-nest-pas-anti-vaccin-mais-est-pret-a-renoncer-a-roland-garros-au-nom-de-ses-convictions\/","title":{"rendered":"Novak Djokovic n&rsquo;est pas \u00abanti-vaccin\u00bb, mais est pr\u00eat \u00ab\u00e0 renoncer \u00e0 Roland-Garros\u00bb au nom de ses convictions"},"content":{"rendered":"\n<p>Le num\u00e9ro un mondial rompt le silence et clarifie (enfin) sa position un peu moins d&rsquo;un mois apr\u00e8s avoir \u00e9t\u00e9 exclu d&rsquo;Australie en raison de sa situation vaccinale. Ce n&rsquo;est pas un scoop, c&rsquo;est une confirmation. Pour la premi\u00e8re fois, le Serbe reconna\u00eet publiquement qu&rsquo;il n&rsquo;\u00e9tait pas vaccin\u00e9 contre le Covid-19, mettant en avant sa libert\u00e9 de choisir.\u00a0<a href=\"https:\/\/www.lefigaro.fr\/sports\/tennis\/open-australie\/djokovic-une-quete-d-exemption-de-vaccin-qui-passe-mal-20220103\">Malgr\u00e9 une exemption m\u00e9dicale<\/a>(apr\u00e8s avoir contract\u00e9 le covid), Djokovic\u00a0<a href=\"https:\/\/www.lefigaro.fr\/flash-actu\/open-d-australie-la-justice-rejette-le-recours-de-novak-djokovic-contre-son-expulsion-20220116\">a vu son visa annul\u00e9 par le ministre de l&rsquo;Immigration de l&rsquo;Australie<\/a>, Alex Hawke, au motif que sa pr\u00e9sence pourrait inciter \u00e0 des \u00ab<em>troubles civils<\/em>\u00bb et encourager un sentiment anti-vaccin. Si le natif de Belgrade souhaite ne pas \u00eatre associ\u00e9 au mouvement &lsquo;anti-vax&rsquo;,\u00a0<a href=\"https:\/\/www.lefigaro.fr\/sports\/tennis\/open-australie\/novak-djokovic-un-fiasco-sans-fin-20220114\">il soutient le droit des individus \u00e0 choisir<\/a>\u00a0: \u00ab<em>Je comprends les critiques. Mais je n&rsquo;ai jamais \u00e9t\u00e9 contre la vaccination. J&rsquo;ai toujours soutenu la libert\u00e9 de choisir ce que l&rsquo;on met dans son propre corps. Ce principe est plus important pour moi que n&rsquo;importe quel titre. J&rsquo;essaie d&rsquo;\u00eatre en phase avec mon corps autant que possible.<\/em>\u00bb Il confie m\u00eame avoir d\u00e9j\u00e0 \u00e9t\u00e9 vaccin\u00e9, dans sa jeunesse. Mais au nom de ses convictions tr\u00e8s ancr\u00e9es, l&rsquo;homme aux 20 titres du Grand Chelem\u00a0<a href=\"https:\/\/www.lefigaro.fr\/sports\/tennis\/roland-garros-nouveau-casse-tete-en-vue-pour-novak-djokovic-20220117\">est pr\u00eat \u00e0 manquer Roland-Garros et Wimbledon.<\/a>\u00ab<em>Oui, c&rsquo;est le prix que je suis pr\u00eat \u00e0 payer<\/em>\u00bb, a dit le Serbe sur l&rsquo;\u00e9ventualit\u00e9 d&rsquo;une absence aux tournois parisien et londonien.Un v\u0153u pieux\u00a0? Le num\u00e9ro 1 mondial esp\u00e8re que les exigences en mati\u00e8re de vaccination vont changer \u00e0 travers le monde et qu&rsquo;il pourra \u00ab<em>jouer encore pendant de nombreuses ann\u00e9es<\/em>\u00bb. Car il a toujours dans le viseur, le record de titres du Grand Chelem. Gr\u00e2ce \u00e0 son succ\u00e8s \u00e0 l&rsquo;Open d&rsquo;Australie, Rafael Nadal lui est pass\u00e9 devant avec 21 sacres au compteur. Le Djoker ouvre d&rsquo;ailleurs la porte \u00e0 une \u00e9ventuelle vaccination, dans l&rsquo;avenir, \u00ab<em>parce que nous cherchons tous, collectivement, la meilleure solution possible pour mettre fin au Covid<\/em>\u00bb.<\/p>\n","protected":false},"excerpt":{"rendered":"<p>Le num\u00e9ro un mondial rompt le silence et clarifie (enfin) sa position un peu moins d&rsquo;un mois apr\u00e8s avoir \u00e9t\u00e9 exclu d&rsquo;Australie en raison de sa situation vaccinale. Ce n&rsquo;est pas un scoop, c&rsquo;est une confirmation. Pour la premi\u00e8re fois, le Serbe reconna\u00eet publiquement qu&rsquo;il n&rsquo;\u00e9tait pas vaccin\u00e9 contre le Covid-19, mettant en avant sa [&hellip;]<\/p>\n","protected":false},"author":2,"featured_media":20411,"comment_status":"open","ping_status":"open","sticky":false,"template":"","format":"standard","meta":{"_jetpack_memberships_contains_paid_content":false,"footnotes":"","jetpack_publicize_message":"","jetpack_publicize_feature_enabled":true,"jetpack_social_post_already_shared":true,"jetpack_social_options":{"image_generator_settings":{"template":"highway","default_image_id":0,"font":"","enabled":false},"version":2},"_wpas_customize_per_network":false},"categories":[405],"tags":[],"class_list":["post-20410","post","type-post","status-publish","format-standard","has-post-thumbnail","hentry","category-actu-france-monde"],"jetpack_publicize_connections":[],"jetpack_featured_media_url":"https:\/\/i0.wp.com\/www.iceagetv.com\/radiosite\/wp-content\/uploads\/2022\/02\/Novak-Djokovic-nest-pas-anti-vaccin.jpg?fit=616%2C347&ssl=1","jetpack_sharing_enabled":true,"_links":{"self":[{"href":"https:\/\/www.iceagetv.com\/radiosite\/wp-json\/wp\/v2\/posts\/20410","targetHints":{"allow":["GET"]}}],"collection":[{"href":"https:\/\/www.iceagetv.com\/radiosite\/wp-json\/wp\/v2\/posts"}],"about":[{"href":"https:\/\/www.iceagetv.com\/radiosite\/wp-json\/wp\/v2\/types\/post"}],"author":[{"embeddable":true,"href":"https:\/\/www.iceagetv.com\/radiosite\/wp-json\/wp\/v2\/users\/2"}],"replies":[{"embeddable":true,"href":"https:\/\/www.iceagetv.com\/radiosite\/wp-json\/wp\/v2\/comments?post=20410"}],"version-history":[{"count":1,"href":"https:\/\/www.iceagetv.com\/radiosite\/wp-json\/wp\/v2\/posts\/20410\/revisions"}],"predecessor-version":[{"id":20412,"href":"https:\/\/www.iceagetv.com\/radiosite\/wp-json\/wp\/v2\/posts\/20410\/revisions\/20412"}],"wp:featuredmedia":[{"embeddable":true,"href":"https:\/\/www.iceagetv.com\/radiosite\/wp-json\/wp\/v2\/media\/20411"}],"wp:attachment":[{"href":"https:\/\/www.iceagetv.com\/radiosite\/wp-json\/wp\/v2\/media?parent=20410"}],"wp:term":[{"taxonomy":"category","embeddable":true,"href":"https:\/\/www.iceagetv.com\/radiosite\/wp-json\/wp\/v2\/categories?post=20410"},{"taxonomy":"post_tag","embeddable":true,"href":"https:\/\/www.iceagetv.com\/radiosite\/wp-json\/wp\/v2\/tags?post=20410"}],"curies":[{"name":"wp","href":"https:\/\/api.w.org\/{rel}","templated":true}]}}