{"id":20413,"date":"2022-02-16T12:17:42","date_gmt":"2022-02-16T12:17:42","guid":{"rendered":"http:\/\/www.iceagetv.com\/radiosite\/?p=20413"},"modified":"2022-02-16T12:17:42","modified_gmt":"2022-02-16T12:17:42","slug":"olivier-veran-prevoit-une-fin-du-port-du-masque-en-interieur-et-un-allegement-du-pass-vaccinal-a-la-mi-mars-si-la-situation-le-permet","status":"publish","type":"post","link":"https:\/\/www.iceagetv.com\/radiosite\/olivier-veran-prevoit-une-fin-du-port-du-masque-en-interieur-et-un-allegement-du-pass-vaccinal-a-la-mi-mars-si-la-situation-le-permet\/","title":{"rendered":"Olivier V\u00e9ran pr\u00e9voit une fin du port du masque en int\u00e9rieur et un all\u00e8gement du pass vaccinal \u00e0 la mi-mars, si la situation le permet"},"content":{"rendered":"\n<p>Notre strat\u00e9gie d&rsquo;all\u00e8gements progressifs proportionn\u00e9e \u00e0 la charge virale \u00e9tait la bonne\u00a0\u00bb, se f\u00e9licite&nbsp;le ministre de la Sant\u00e9.<\/p>\n\n\n\n<p><em>\u00ab\u00a0Si on continue sur cette dynamique-l\u00e0, on pourra sortir totalement de la vague d&rsquo;ici \u00e0 quelques semaines\u00a0\u00bb<\/em>, a assur\u00e9 Olivier V\u00e9ran, ministre de la Sant\u00e9, mercredi 16 f\u00e9vrier sur franceinfo.\u00a0<em>\u00ab\u00a0\u00c7a s&rsquo;am\u00e9liore nettement partout\u00a0\u00bb<\/em>\u00a0m\u00eame s<em>&lsquo;\u00a0\u00bbil y a encore beaucoup de malades \u00e0 l&rsquo;h\u00f4pital\u00a0\u00bb<\/em>, a-t-il expliqu\u00e9.\u00a0<em>\u00ab\u00a0Notre strat\u00e9gie d&rsquo;all\u00e8gements progressifs proportionn\u00e9e \u00e0 la charge virale \u00e9tait la bonne\u00a0\u00bb<\/em>, se f\u00e9licite\u00a0le ministre de la Sant\u00e9.<\/p>\n\n\n\n<p><em>Probablement qu&rsquo;\u00e0 la mi-mars, si les conditions sont r\u00e9unies, on pourra all\u00e9ger \u00e0 nouveau\u00a0\u00bb<\/em>&nbsp;les restrictions sanitaires, annonce le ministre de la Sant\u00e9.&nbsp;<em>\u00ab\u00a0Les conditions r\u00e9unies, \u00e7a veut dire que l&rsquo;h\u00f4pital est en \u00e9tat de fonctionnement normal, qu&rsquo;on n&rsquo;est plus oblig\u00e9s de d\u00e9programmer des soins, que la charge sanitaire en r\u00e9animation n&rsquo;exc\u00e8de pas 1&nbsp;000-1&nbsp;500&nbsp;malades. Ce que nous disent les mod\u00e9lisations aujourd&rsquo;hui&nbsp;c&rsquo;est que la circulation du virus se poursuit, mais qu&rsquo;elle est tr\u00e8s faible dans notre pays\u00a0\u00bb<\/em>, a-t-il pr\u00e9cis\u00e9.<\/p>\n\n\n\n<p><em>\u00ab\u00a0Si on suit cette dynamique, 15 jours apr\u00e8s le 28 f\u00e9vrier, \u00e7a nous am\u00e8ne \u00e0 la mi-mars, on pourrait commencer \u00e0 se poser s\u00e9rieusement la question du port du masque en int\u00e9rieur, chez les adultes et les enfants\u00a0\u00bb<\/em>,&nbsp;indique Olivier V\u00e9ran. \u00ab\u00a0<em>On pourrait \u00e9galement commencer \u00e0 all\u00e9ger le pass vaccinal\u00a0\u00bb<\/em>&nbsp;\u00e0 la mi-mars&nbsp;<em>\u00ab\u00a0mais le conserver dans les endroits qui sont tr\u00e8s \u00e0 risque, comme par exemple&nbsp;<a href=\"https:\/\/www.francetvinfo.fr\/sante\/maladie\/coronavirus\/covid-19-reouverture-des-discotheques-avec-cette-excitation-de-savoir-que-le-public-est-derriere-la-porte_4963254.html\" target=\"_blank\" rel=\"noreferrer noopener\">les discoth\u00e8ques<\/a>&nbsp;et l\u00e0 ce serait jusque fin mars, d\u00e9but avril<\/em>\u00ab\u00a0, a-t-il expliqu\u00e9.<\/p>\n\n\n\n<p>Le ministre a aussi insist\u00e9 sur le contraste entre la situation sanitaire en France et celle dans des pays qui ont fait des choix diff\u00e9rents pour lutter contre le Covid-19, comme&nbsp;<a href=\"https:\/\/www.francetvinfo.fr\/sante\/maladie\/coronavirus\/variant-omicron\/covid-19-le-danemark-leve-ses-restrictions-malgre-des-cas-record_4930645.html\" target=\"_blank\" rel=\"noreferrer noopener\">le Danemark<\/a>, aujourd&rsquo;hui&nbsp;<em>\u00ab\u00a0en difficult\u00e9\u00a0\u00bb.<\/em>&nbsp;Le pays&nbsp;<em>\u00ab\u00a0avait tout supprim\u00e9 d&rsquo;un coup, et il reste avec un taux d&rsquo;incidence \u00e0 7 000 et une mortalit\u00e9 tr\u00e8s nettement sup\u00e9rieure \u00e0 la n\u00f4tre\u00a0\u00bb<\/em>, a-t-il soulign\u00e9.<\/p>\n","protected":false},"excerpt":{"rendered":"<p>Notre strat\u00e9gie d&rsquo;all\u00e8gements progressifs proportionn\u00e9e \u00e0 la charge virale \u00e9tait la bonne\u00a0\u00bb, se f\u00e9licite&nbsp;le ministre de la Sant\u00e9. \u00ab\u00a0Si on continue sur cette dynamique-l\u00e0, on pourra sortir totalement de la vague d&rsquo;ici \u00e0 quelques semaines\u00a0\u00bb, a assur\u00e9 Olivier V\u00e9ran, ministre de la Sant\u00e9, mercredi 16 f\u00e9vrier sur franceinfo.\u00a0\u00ab\u00a0\u00c7a s&rsquo;am\u00e9liore nettement partout\u00a0\u00bb\u00a0m\u00eame s&lsquo;\u00a0\u00bbil y a encore [&hellip;]<\/p>\n","protected":false},"author":2,"featured_media":20414,"comment_status":"open","ping_status":"open","sticky":false,"template":"","format":"standard","meta":{"_jetpack_memberships_contains_paid_content":false,"footnotes":"","jetpack_publicize_message":"","jetpack_publicize_feature_enabled":true,"jetpack_social_post_already_shared":true,"jetpack_social_options":{"image_generator_settings":{"template":"highway","default_image_id":0,"font":"","enabled":false},"version":2},"_wpas_customize_per_network":false},"categories":[405],"tags":[],"class_list":["post-20413","post","type-post","status-publish","format-standard","has-post-thumbnail","hentry","category-actu-france-monde"],"jetpack_publicize_connections":[],"jetpack_featured_media_url":"https:\/\/i0.wp.com\/www.iceagetv.com\/radiosite\/wp-content\/uploads\/2022\/02\/Olivier-Veran-prevoit-une-fin-du-port-du-masque-en-interieur-et-un-allegement-du-pass-vaccinal-a-la-mi-mars.png?fit=629%2C300&ssl=1","jetpack_sharing_enabled":true,"_links":{"self":[{"href":"https:\/\/www.iceagetv.com\/radiosite\/wp-json\/wp\/v2\/posts\/20413","targetHints":{"allow":["GET"]}}],"collection":[{"href":"https:\/\/www.iceagetv.com\/radiosite\/wp-json\/wp\/v2\/posts"}],"about":[{"href":"https:\/\/www.iceagetv.com\/radiosite\/wp-json\/wp\/v2\/types\/post"}],"author":[{"embeddable":true,"href":"https:\/\/www.iceagetv.com\/radiosite\/wp-json\/wp\/v2\/users\/2"}],"replies":[{"embeddable":true,"href":"https:\/\/www.iceagetv.com\/radiosite\/wp-json\/wp\/v2\/comments?post=20413"}],"version-history":[{"count":1,"href":"https:\/\/www.iceagetv.com\/radiosite\/wp-json\/wp\/v2\/posts\/20413\/revisions"}],"predecessor-version":[{"id":20415,"href":"https:\/\/www.iceagetv.com\/radiosite\/wp-json\/wp\/v2\/posts\/20413\/revisions\/20415"}],"wp:featuredmedia":[{"embeddable":true,"href":"https:\/\/www.iceagetv.com\/radiosite\/wp-json\/wp\/v2\/media\/20414"}],"wp:attachment":[{"href":"https:\/\/www.iceagetv.com\/radiosite\/wp-json\/wp\/v2\/media?parent=20413"}],"wp:term":[{"taxonomy":"category","embeddable":true,"href":"https:\/\/www.iceagetv.com\/radiosite\/wp-json\/wp\/v2\/categories?post=20413"},{"taxonomy":"post_tag","embeddable":true,"href":"https:\/\/www.iceagetv.com\/radiosite\/wp-json\/wp\/v2\/tags?post=20413"}],"curies":[{"name":"wp","href":"https:\/\/api.w.org\/{rel}","templated":true}]}}