{"id":20419,"date":"2022-02-16T16:56:46","date_gmt":"2022-02-16T16:56:46","guid":{"rendered":"http:\/\/www.iceagetv.com\/radiosite\/?p=20419"},"modified":"2022-02-16T16:56:46","modified_gmt":"2022-02-16T16:56:46","slug":"greve-a-la-ratp-vendredi-le-trafic-sera-tres-fortement-perturbe-sur-les-reseaux-metro-rer-et-bus-8-lignes-de-metro-seront-fermees-voici-tous-les-details-ici","status":"publish","type":"post","link":"https:\/\/www.iceagetv.com\/radiosite\/greve-a-la-ratp-vendredi-le-trafic-sera-tres-fortement-perturbe-sur-les-reseaux-metro-rer-et-bus-8-lignes-de-metro-seront-fermees-voici-tous-les-details-ici\/","title":{"rendered":"Gr\u00e8ve \u00e0 la RATP vendredi : Le trafic sera \u00abtr\u00e8s fortement perturb\u00e9\u00bb sur les r\u00e9seaux m\u00e9tro, RER et bus &#8211; 8 lignes de m\u00e9tro seront ferm\u00e9es &#8211; Voici tous les d\u00e9tails ICI"},"content":{"rendered":"\n<p>Les agents RATP sont appel\u00e9s \u00e0 se mobiliser en Ile-de-France pour une journ\u00e9e de&nbsp;gr\u00e8ve non reconductible, ce vendredi, jour de d\u00e9parts en vacances avec notamment pour revendication&nbsp;les hausses de salaire.<\/p>\n\n\n\n<p>La RATP annonce un trafic \u00ab&nbsp;tr\u00e8s fortement perturb\u00e9&nbsp;\u00bb , avec 8 lignes de m\u00e9tro ferm\u00e9es et des stations de m\u00e9tro \u00ab&nbsp;partiellement ouvertes en heures de pointe&nbsp;\u00bb (6h30- 9h30\/16h30 -19h30).<em>close<\/em><em>volume_off<\/em><\/p>\n\n\n\n<p>Egalement, la RATP&nbsp;\u00ab\u00a0invite tous les voyageurs qui en ont la possibilit\u00e9 \u00e0 diff\u00e9rer leur&nbsp;d\u00e9placement\u00a0\u00bb.<\/p>\n\n\n\n<p><strong>Lignes enti\u00e8rement ferm\u00e9es<\/strong>&nbsp;:&nbsp;2, 3 bis, 5, 7 bis, 8, 10, 11 et 12.<\/p>\n\n\n\n<p><strong>Lignes 1 et 14&nbsp;<\/strong>: trafic normal avec risque de saturation<\/p>\n\n\n\n<p><strong>Ligne 3<\/strong>&nbsp;: 1 train sur 4 uniquement entre Pont de Levallois et Havre-Caumartin<\/p>\n\n\n\n<p><strong>Ligne 4&nbsp;:<\/strong>&nbsp;1 train sur 2<\/p>\n\n\n\n<p><strong>Ligne 6<\/strong>&nbsp;:&nbsp;1 train sur 3 uniquement entre Nation et Bercy<\/p>\n\n\n\n<p><strong>Ligne 7<\/strong>&nbsp;:&nbsp;1 train sur 3<\/p>\n\n\n\n<p><strong>Ligne 9<\/strong>&nbsp;:&nbsp;1 train sur 3<\/p>\n\n\n\n<p><strong>Ligne 13&nbsp;<\/strong>: 1 train sur 3<\/p>\n\n\n\n<p><strong>R\u00e9seau RER<\/strong><\/p>\n\n\n\n<p>Les trains circuleront entre 6h30 et 20h30. Les gares RATP seront ferm\u00e9es en de hors de ces horaires.<\/p>\n\n\n\n<p>RER A&nbsp;:&nbsp;trafic fortement perturb\u00e9, 1 sur 2 aux heures de pointe et 1 train sur 3 aux heures creuses. Interconnexion maintenue \u00e0 Nanterre-Pr\u00e9fecture.<\/p>\n\n\n\n<p>RER&nbsp;B&nbsp;: trafic fortement perturb\u00e9, 1 sur 2 aux heures de pointe et 1 train sur 3 aux heures creuses. Interconnexion maintenue \u00e0 Gare du Nord.<\/p>\n\n\n\n<p><strong>Bus et tramway<\/strong><\/p>\n\n\n\n<p>En moyenne 1 tramway sur 3<\/p>\n\n\n\n<p>En moyenne 2 bus sur 3, selon les secteurs et pouvant aller jusqu\u2019\u00e0 des fermetures de lignes.<\/p>\n","protected":false},"excerpt":{"rendered":"<p>Les agents RATP sont appel\u00e9s \u00e0 se mobiliser en Ile-de-France pour une journ\u00e9e de&nbsp;gr\u00e8ve non reconductible, ce vendredi, jour de d\u00e9parts en vacances avec notamment pour revendication&nbsp;les hausses de salaire. La RATP annonce un trafic \u00ab&nbsp;tr\u00e8s fortement perturb\u00e9&nbsp;\u00bb , avec 8 lignes de m\u00e9tro ferm\u00e9es et des stations de m\u00e9tro \u00ab&nbsp;partiellement ouvertes en heures de [&hellip;]<\/p>\n","protected":false},"author":2,"featured_media":20420,"comment_status":"open","ping_status":"open","sticky":false,"template":"","format":"standard","meta":{"_jetpack_memberships_contains_paid_content":false,"footnotes":"","jetpack_publicize_message":"","jetpack_publicize_feature_enabled":true,"jetpack_social_post_already_shared":true,"jetpack_social_options":{"image_generator_settings":{"template":"highway","default_image_id":0,"font":"","enabled":false},"version":2},"_wpas_customize_per_network":false},"categories":[405],"tags":[],"class_list":["post-20419","post","type-post","status-publish","format-standard","has-post-thumbnail","hentry","category-actu-france-monde"],"jetpack_publicize_connections":[],"jetpack_featured_media_url":"https:\/\/i0.wp.com\/www.iceagetv.com\/radiosite\/wp-content\/uploads\/2022\/02\/Greve-a-la-RATP-vendredi.jpg?fit=680%2C294&ssl=1","jetpack_sharing_enabled":true,"_links":{"self":[{"href":"https:\/\/www.iceagetv.com\/radiosite\/wp-json\/wp\/v2\/posts\/20419","targetHints":{"allow":["GET"]}}],"collection":[{"href":"https:\/\/www.iceagetv.com\/radiosite\/wp-json\/wp\/v2\/posts"}],"about":[{"href":"https:\/\/www.iceagetv.com\/radiosite\/wp-json\/wp\/v2\/types\/post"}],"author":[{"embeddable":true,"href":"https:\/\/www.iceagetv.com\/radiosite\/wp-json\/wp\/v2\/users\/2"}],"replies":[{"embeddable":true,"href":"https:\/\/www.iceagetv.com\/radiosite\/wp-json\/wp\/v2\/comments?post=20419"}],"version-history":[{"count":1,"href":"https:\/\/www.iceagetv.com\/radiosite\/wp-json\/wp\/v2\/posts\/20419\/revisions"}],"predecessor-version":[{"id":20421,"href":"https:\/\/www.iceagetv.com\/radiosite\/wp-json\/wp\/v2\/posts\/20419\/revisions\/20421"}],"wp:featuredmedia":[{"embeddable":true,"href":"https:\/\/www.iceagetv.com\/radiosite\/wp-json\/wp\/v2\/media\/20420"}],"wp:attachment":[{"href":"https:\/\/www.iceagetv.com\/radiosite\/wp-json\/wp\/v2\/media?parent=20419"}],"wp:term":[{"taxonomy":"category","embeddable":true,"href":"https:\/\/www.iceagetv.com\/radiosite\/wp-json\/wp\/v2\/categories?post=20419"},{"taxonomy":"post_tag","embeddable":true,"href":"https:\/\/www.iceagetv.com\/radiosite\/wp-json\/wp\/v2\/tags?post=20419"}],"curies":[{"name":"wp","href":"https:\/\/api.w.org\/{rel}","templated":true}]}}