{"id":20427,"date":"2022-02-17T09:15:55","date_gmt":"2022-02-17T09:15:55","guid":{"rendered":"http:\/\/www.iceagetv.com\/radiosite\/?p=20427"},"modified":"2022-02-17T09:15:55","modified_gmt":"2022-02-17T09:15:55","slug":"la-france-ses-partenaires-europeens-et-le-canada-annoncent-un-retrait-coordonne-de-leurs-forces-armees-au-mali","status":"publish","type":"post","link":"https:\/\/www.iceagetv.com\/radiosite\/la-france-ses-partenaires-europeens-et-le-canada-annoncent-un-retrait-coordonne-de-leurs-forces-armees-au-mali\/","title":{"rendered":"La France, ses partenaires europ\u00e9ens et le Canada annoncent un \u00ab\u00a0retrait coordonn\u00e9\u00a0\u00bb de leurs forces arm\u00e9es au Mali"},"content":{"rendered":"\n<p>Pouss\u00e9s dehors par les \u00ab\u00a0obstructions\u00a0\u00bb de la junte au pouvoir \u00e0 Bamako, la France et ses partenaires europ\u00e9ens ont officialis\u00e9 jeudi leur retrait militaire du Mali au terme de neuf ans de lutte antijihadiste men\u00e9e par Paris. \u00ab\u00a0En raison des multiples obstructions des autorit\u00e9s de transition maliennes, le Canada et les \u00e9tats Europ\u00e9ens op\u00e9rant aux c\u00f4t\u00e9s de l&rsquo;op\u00e9ration (fran\u00e7aise) Barkhane et au sein de la Task Force Takuba estiment que les conditions ne sont plus r\u00e9unies pour poursuivre efficacement leur engagement militaire actuel dans la lutte contre le terrorisme au Mali et ont donc d\u00e9cid\u00e9 d&rsquo;entamer le retrait coordonn\u00e9 du territoire malien de leurs moyens militaires respectifs d\u00e9di\u00e9s \u00e0 ces op\u00e9rations\u00a0\u00bb, soulignent-ils dans une d\u00e9claration conjointe.<\/p>\n\n\n\n<p>Paris et ses partenaires souhaitent toutefois \u00ab\u00a0rester engag\u00e9s dans la r\u00e9gion\u00a0\u00bb sah\u00e9lienne et \u00ab\u00a0\u00e9tendre leur soutien aux pays voisins du Golfe de Guin\u00e9e et d&rsquo;Afrique de l&rsquo;Ouest\u00a0\u00bb pour contenir la menace jihadiste. Les \u00ab\u00a0param\u00e8tres\u00a0\u00bb de cette r\u00e9organisation seront arr\u00eat\u00e9s \u00ab\u00a0d&rsquo;ici juin 2022\u00a0\u00bb.<\/p>\n\n\n\n<p>La France est militairement pr\u00e9sente depuis 2013 au Mali, proie des groupes jihadistes qui s\u00e9vissent aussi dans d&rsquo;autres Etats sah\u00e9liens. Paris est intervenu pour enrayer la progression des groupes islamistes radicaux mena\u00e7ant Bamako et a ensuite mis sur pied une vaste op\u00e9ration r\u00e9gionale, Barkhane, d\u00e9ployant des milliers de soldats pour lutter contre les franchises locales d&rsquo;Al-Qa\u00efda et du groupe Etat islamique. Mais malgr\u00e9 des victoires tactiques, le terrain n&rsquo;a jamais \u00e9t\u00e9 v\u00e9ritablement repris par l&rsquo;Etat malien et ses forces arm\u00e9es.<\/p>\n","protected":false},"excerpt":{"rendered":"<p>Pouss\u00e9s dehors par les \u00ab\u00a0obstructions\u00a0\u00bb de la junte au pouvoir \u00e0 Bamako, la France et ses partenaires europ\u00e9ens ont officialis\u00e9 jeudi leur retrait militaire du Mali au terme de neuf ans de lutte antijihadiste men\u00e9e par Paris. \u00ab\u00a0En raison des multiples obstructions des autorit\u00e9s de transition maliennes, le Canada et les \u00e9tats Europ\u00e9ens op\u00e9rant aux [&hellip;]<\/p>\n","protected":false},"author":2,"featured_media":20428,"comment_status":"open","ping_status":"open","sticky":false,"template":"","format":"standard","meta":{"_jetpack_memberships_contains_paid_content":false,"footnotes":"","jetpack_publicize_message":"","jetpack_publicize_feature_enabled":true,"jetpack_social_post_already_shared":true,"jetpack_social_options":{"image_generator_settings":{"template":"highway","default_image_id":0,"font":"","enabled":false},"version":2},"_wpas_customize_per_network":false},"categories":[405],"tags":[],"class_list":["post-20427","post","type-post","status-publish","format-standard","has-post-thumbnail","hentry","category-actu-france-monde"],"jetpack_publicize_connections":[],"jetpack_featured_media_url":"https:\/\/i0.wp.com\/www.iceagetv.com\/radiosite\/wp-content\/uploads\/2022\/02\/retrait-coordonne.png?fit=620%2C263&ssl=1","jetpack_sharing_enabled":true,"_links":{"self":[{"href":"https:\/\/www.iceagetv.com\/radiosite\/wp-json\/wp\/v2\/posts\/20427","targetHints":{"allow":["GET"]}}],"collection":[{"href":"https:\/\/www.iceagetv.com\/radiosite\/wp-json\/wp\/v2\/posts"}],"about":[{"href":"https:\/\/www.iceagetv.com\/radiosite\/wp-json\/wp\/v2\/types\/post"}],"author":[{"embeddable":true,"href":"https:\/\/www.iceagetv.com\/radiosite\/wp-json\/wp\/v2\/users\/2"}],"replies":[{"embeddable":true,"href":"https:\/\/www.iceagetv.com\/radiosite\/wp-json\/wp\/v2\/comments?post=20427"}],"version-history":[{"count":1,"href":"https:\/\/www.iceagetv.com\/radiosite\/wp-json\/wp\/v2\/posts\/20427\/revisions"}],"predecessor-version":[{"id":20429,"href":"https:\/\/www.iceagetv.com\/radiosite\/wp-json\/wp\/v2\/posts\/20427\/revisions\/20429"}],"wp:featuredmedia":[{"embeddable":true,"href":"https:\/\/www.iceagetv.com\/radiosite\/wp-json\/wp\/v2\/media\/20428"}],"wp:attachment":[{"href":"https:\/\/www.iceagetv.com\/radiosite\/wp-json\/wp\/v2\/media?parent=20427"}],"wp:term":[{"taxonomy":"category","embeddable":true,"href":"https:\/\/www.iceagetv.com\/radiosite\/wp-json\/wp\/v2\/categories?post=20427"},{"taxonomy":"post_tag","embeddable":true,"href":"https:\/\/www.iceagetv.com\/radiosite\/wp-json\/wp\/v2\/tags?post=20427"}],"curies":[{"name":"wp","href":"https:\/\/api.w.org\/{rel}","templated":true}]}}