{"id":20452,"date":"2022-02-20T15:19:38","date_gmt":"2022-02-20T15:19:38","guid":{"rendered":"http:\/\/www.iceagetv.com\/radiosite\/?p=20452"},"modified":"2022-02-20T15:19:38","modified_gmt":"2022-02-20T15:19:38","slug":"le-palais-de-buckingham-annonce-que-la-reine-elisabeth-ii-95-ans-vient-detre-testee-positive-au-covid-elle-aurait-des-symptomes-legers-pour-linstant","status":"publish","type":"post","link":"https:\/\/www.iceagetv.com\/radiosite\/le-palais-de-buckingham-annonce-que-la-reine-elisabeth-ii-95-ans-vient-detre-testee-positive-au-covid-elle-aurait-des-symptomes-legers-pour-linstant\/","title":{"rendered":"Le Palais de Buckingham annonce que la Reine Elisabeth II, 95 ans, vient d&rsquo;\u00eatre test\u00e9e positive au Covid &#8211; Elle aurait des sympt\u00f4mes l\u00e9gers pour l&rsquo;instant"},"content":{"rendered":"\n<p><strong>La reine Elizabeth II, 95 ans, a \u00e9t\u00e9 test\u00e9e positive au Covid-19 mais ne pr\u00e9sente que des sympt\u00f4mes \u00ab\u00a0l\u00e9gers\u00a0\u00bb, comparables \u00e0 ceux d&rsquo;un rhume, a annonc\u00e9 dimanche le palais de Buckingham.<\/strong>&nbsp;La souveraine, qui vient de passer le cap des 70 ans de r\u00e8gne, avait rencontr\u00e9 le 8 f\u00e9vrier son fils le prince Charles, deux jours avant que celui-ci ne soit test\u00e9 positif.<\/p>\n\n\n\n<p>Elle m\u00e8nera des \u00ab\u00a0t\u00e2ches l\u00e9g\u00e8res\u00a0\u00bb au cours de la semaine prochaine, a pr\u00e9cis\u00e9 Buckingham Palace, se montrant ainsi rassurant sur son \u00e9tat de sant\u00e9. Depuis son entrevue avec son fils, la reine avait fait plusieurs apparitions publiques.<\/p>\n\n\n\n<p>Elle avait notamment effectu\u00e9 mercredi dernier un engagement public en personne, en recevant le Major General Eldon Millar, charg\u00e9 d&rsquo;effectuer la liaison entre la reine et les forces arm\u00e9es, et son pr\u00e9d\u00e9cesseur le Rear Admiral James Macleod, au ch\u00e2teau de Windsor, \u00e0 une quarantaine de kilom\u00e8tres de Londres, lieu principal de r\u00e9sidence de la souveraine.<\/p>\n\n\n\n<p>Une vid\u00e9o de la rencontre la montrait accueillant les deux militaires debout, souriante, portant une robe \u00e0 motifs, avec une canne dans les mains. \u00ab\u00a0Comme vous pouvez le voir, je ne peux pas bouger\u00a0\u00bb, a-t-elle d\u00e9clar\u00e9 montrant son pied ou sa jambe gauche. Cette apparition de la reine avait donn\u00e9 un signal de nature \u00e0 rassurer au sujet de son \u00e9tat de sant\u00e9, particuli\u00e8rement scrut\u00e9 depuis qu&rsquo;elle a pass\u00e9 une nuit \u00e0 l&rsquo;h\u00f4pital \u00e0 l&rsquo;automne pour des examens \u00ab\u00a0pr\u00e9liminaires\u00a0\u00bb dont la nature n&rsquo;a jamais depuis \u00e9t\u00e9 pr\u00e9cis\u00e9e.<\/p>\n\n\n\n<p>Mardi, elle avait re\u00e7u en visioconf\u00e9rence les nouveaux ambassadeurs d&rsquo;Estonie et d&rsquo;Espagne. Les services du prince Charles, 73 ans, avaient annonc\u00e9 le 10 f\u00e9vrier que l&rsquo;h\u00e9ritier de la couronne britannique avait \u00e9t\u00e9 test\u00e9 positif au Covid &#8211; pour la deuxi\u00e8me fois &#8211; et qu&rsquo;il s&rsquo;isolait. Il avait rencontr\u00e9 sa m\u00e8re 48 heures plus t\u00f4t. L&rsquo;entourage de la monarque avait alors indiqu\u00e9 qu&rsquo;elle ne pr\u00e9sentait aucun sympt\u00f4me, sans vouloir dire si elle avait \u00e9t\u00e9 test\u00e9e positive ou n\u00e9gative, alimentant l&rsquo;inqui\u00e9tude. Lundi 14 f\u00e9vrier, Camilla, 74 ans, \u00e9pouse du prince Charles, a fait savoir qu&rsquo;elle avait \u00e9galement attrap\u00e9 le Covid.<\/p>\n\n\n\n<p>La reine Elizabeth a pass\u00e9 le 6 f\u00e9vrier le cap de 70 ans de r\u00e8gne, une long\u00e9vit\u00e9 sans pr\u00e9c\u00e9dent pour la monarchie britannique. Quatre jours de festivit\u00e9s sont pr\u00e9vus pour c\u00e9l\u00e9brer son jubil\u00e9 de platine.<\/p>\n\n\n\n<p>Depuis ses ennuis de sant\u00e9 en octobre, ses apparitions \u00e9taient devenues rares, mais le palais a annonc\u00e9 r\u00e9cemment une reprise de ses activit\u00e9s publiques : avant une c\u00e9r\u00e9monie le 29 mars \u00e0 l&rsquo;Abbaye de Westminster \u00e0 la m\u00e9moire du prince Philip, son \u00e9poux d\u00e9c\u00e9d\u00e9 l&rsquo;an dernier, la reine devrait participer \u00e0 une r\u00e9ception diplomatique \u00e0 Windsor le 2 mars et \u00e0 une c\u00e9r\u00e9monie du Commonwealth le 14 mars.<\/p>\n","protected":false},"excerpt":{"rendered":"<p>La reine Elizabeth II, 95 ans, a \u00e9t\u00e9 test\u00e9e positive au Covid-19 mais ne pr\u00e9sente que des sympt\u00f4mes \u00ab\u00a0l\u00e9gers\u00a0\u00bb, comparables \u00e0 ceux d&rsquo;un rhume, a annonc\u00e9 dimanche le palais de Buckingham.&nbsp;La souveraine, qui vient de passer le cap des 70 ans de r\u00e8gne, avait rencontr\u00e9 le 8 f\u00e9vrier son fils le prince Charles, deux jours [&hellip;]<\/p>\n","protected":false},"author":2,"featured_media":20453,"comment_status":"open","ping_status":"open","sticky":false,"template":"","format":"standard","meta":{"_jetpack_memberships_contains_paid_content":false,"footnotes":"","jetpack_publicize_message":"","jetpack_publicize_feature_enabled":true,"jetpack_social_post_already_shared":true,"jetpack_social_options":{"image_generator_settings":{"template":"highway","default_image_id":0,"font":"","enabled":false},"version":2},"_wpas_customize_per_network":false},"categories":[405],"tags":[],"class_list":["post-20452","post","type-post","status-publish","format-standard","has-post-thumbnail","hentry","category-actu-france-monde"],"jetpack_publicize_connections":[],"jetpack_featured_media_url":"https:\/\/i0.wp.com\/www.iceagetv.com\/radiosite\/wp-content\/uploads\/2022\/02\/Le-Palais-de-Buckingham-annonce-que-la-Reine-Elisabeth-II.jpg?fit=680%2C294&ssl=1","jetpack_sharing_enabled":true,"_links":{"self":[{"href":"https:\/\/www.iceagetv.com\/radiosite\/wp-json\/wp\/v2\/posts\/20452","targetHints":{"allow":["GET"]}}],"collection":[{"href":"https:\/\/www.iceagetv.com\/radiosite\/wp-json\/wp\/v2\/posts"}],"about":[{"href":"https:\/\/www.iceagetv.com\/radiosite\/wp-json\/wp\/v2\/types\/post"}],"author":[{"embeddable":true,"href":"https:\/\/www.iceagetv.com\/radiosite\/wp-json\/wp\/v2\/users\/2"}],"replies":[{"embeddable":true,"href":"https:\/\/www.iceagetv.com\/radiosite\/wp-json\/wp\/v2\/comments?post=20452"}],"version-history":[{"count":1,"href":"https:\/\/www.iceagetv.com\/radiosite\/wp-json\/wp\/v2\/posts\/20452\/revisions"}],"predecessor-version":[{"id":20454,"href":"https:\/\/www.iceagetv.com\/radiosite\/wp-json\/wp\/v2\/posts\/20452\/revisions\/20454"}],"wp:featuredmedia":[{"embeddable":true,"href":"https:\/\/www.iceagetv.com\/radiosite\/wp-json\/wp\/v2\/media\/20453"}],"wp:attachment":[{"href":"https:\/\/www.iceagetv.com\/radiosite\/wp-json\/wp\/v2\/media?parent=20452"}],"wp:term":[{"taxonomy":"category","embeddable":true,"href":"https:\/\/www.iceagetv.com\/radiosite\/wp-json\/wp\/v2\/categories?post=20452"},{"taxonomy":"post_tag","embeddable":true,"href":"https:\/\/www.iceagetv.com\/radiosite\/wp-json\/wp\/v2\/tags?post=20452"}],"curies":[{"name":"wp","href":"https:\/\/api.w.org\/{rel}","templated":true}]}}