{"id":20464,"date":"2022-02-21T16:45:14","date_gmt":"2022-02-21T16:45:14","guid":{"rendered":"http:\/\/www.iceagetv.com\/radiosite\/?p=20464"},"modified":"2022-02-21T16:45:14","modified_gmt":"2022-02-21T16:45:14","slug":"crise-en-ukraine-les-chefs-de-la-diplomatie-russe-americaine-et-francaise-se-rencontreront-jeudi-et-vendredi","status":"publish","type":"post","link":"https:\/\/www.iceagetv.com\/radiosite\/crise-en-ukraine-les-chefs-de-la-diplomatie-russe-americaine-et-francaise-se-rencontreront-jeudi-et-vendredi\/","title":{"rendered":"Crise en Ukraine : les chefs de la diplomatie russe, am\u00e9ricaine et fran\u00e7aise se rencontreront jeudi et vendredi"},"content":{"rendered":"\n<p>Le ministre russe des Affaires \u00e9trang\u00e8res Sergue\u00ef Lavrov a annonc\u00e9 lundi 21 f\u00e9vrier qu&rsquo;il rencontrera le secr\u00e9taire d&rsquo;Etat am\u00e9ricain Anthony Blinken&nbsp;jeudi 24 f\u00e9vrier, \u00e0 Gen\u00e8ve. Il s&rsquo;entretiendra ensuite avec son homologue fran\u00e7ais&nbsp;Jean-Yves Le Drian vendredi \u00e0 Paris, pour des&nbsp;<em>\u00ab\u00a0consultations pr\u00e9paratoires\u00a0\u00bb<\/em>&nbsp;en vue d&rsquo;un sommet sur l&rsquo;Ukraine\u00a0\u00bb. Plus t\u00f4t dans la journ\u00e9e, le Kremlin avait jug\u00e9 que l&rsquo;id\u00e9e d&rsquo;un sommet entre&nbsp;les dirigeants am\u00e9ricain et russe, annonc\u00e9e par l&rsquo;Elys\u00e9e,&nbsp;<a href=\"https:\/\/www.francetvinfo.fr\/monde\/europe\/manifestations-en-ukraine\/crise-en-ukraine-joe-biden-et-vladimir-poutine-acceptent-de-se-rencontrer-lors-d-un-sommet-propose-par-emmanuel-macron_4973457.html\">\u00e9tait&nbsp;<em>\u00ab\u00a0pr\u00e9matur\u00e9e\u00a0\u00bb<\/em><\/a>.&nbsp;Suivez notre direct.<\/p>\n\n\n\n<p>&nbsp;<strong>Les dirigeants s\u00e9paratistes appellent la Russie \u00e0 reconna\u00eetre leur ind\u00e9pendance.<\/strong>&nbsp;Les dirigeants des r\u00e9gions s\u00e9paratistes de Donetsk et Lougansk, \u00e0 l&rsquo;Est de l&rsquo;Ukraine, se sont exprim\u00e9s dans des messages coordonn\u00e9s diffus\u00e9s \u00e0 la t\u00e9l\u00e9vision russe, lundi 21&nbsp;f\u00e9vrier.&nbsp;<a href=\"https:\/\/www.francetvinfo.fr\/monde\/europe\/manifestations-en-ukraine\/ukraine-les-deputes-russes-demandent-a-poutine-de-reconnaitre-l-independance-des-territoires-separatistes-prorusses-de-donetsk-et-de-lougansk_4962438.html\">Les d\u00e9put\u00e9s russes avaient d\u00e9j\u00e0 vot\u00e9 une demande similaire<\/a>&nbsp;au pr\u00e9sident le 15 f\u00e9vrier, demande qui rappelle le r\u00e9f\u00e9rendum ayant pr\u00e9c\u00e9d\u00e9&nbsp;l&rsquo;annexion de la Crim\u00e9e par la Russie en 2014.<\/p>\n\n\n\n<p>&nbsp;<strong>L&rsquo;Union europ\u00e9enne \u00ab\u00a0pr\u00eate\u00a0\u00bb \u00e0 imposer des sanctions \u00ab\u00a0d\u00e9vastatrices\u00a0\u00bb.&nbsp;<\/strong>L&rsquo;Union europ\u00e9enne a r\u00e9affirm\u00e9 sa d\u00e9termination,&nbsp;lundi, ajoutant viser&nbsp;les secteurs \u00e9conomiques et financiers, les exportations ainsi que des individus russes.&nbsp;<em>\u00ab\u00a0Nous sommes pr\u00eats \u00e0&nbsp;le faire<\/em>&nbsp;<em>quand le moment viendra, mais nous travaillons pour que le moment ne vienne pas\u00a0\u00bb<\/em>, a d\u00e9clar\u00e9 lundi le chef de la diplomatie europ\u00e9enne Josep Borrell.<\/p>\n\n\n\n<p>&nbsp;<strong>Air France annule ses vols entre Paris et Kiev.<\/strong>&nbsp;Dans un communiqu\u00e9, la compagnie a\u00e9rienne ajoute qu&rsquo;elle&nbsp;<em>\u00ab\u00a0r\u00e9\u00e9valuera r\u00e9guli\u00e8rement la situation\u00a0\u00bb<\/em>. Jusqu&rsquo;\u00e0 pr\u00e9sent, Air France assurait deux rotations par semaine entre Paris et Kiev, le mardi et le dimanche.<\/p>\n\n\n\n<p><strong>\u00a0Menace am\u00e9ricaine.<\/strong><em>\u00a0\u00ab\u00a0Nous sommes \u00e9galement pr\u00eats \u00e0 infliger des cons\u00e9quences rapides et s\u00e9v\u00e8res si la Russie choisit la guerre \u00e0 la place\u00a0\u00bb<\/em>, a cependant mis en garde la porte-parole de la Maison Blanche,\u00a0<em>\u00ab\u00a0et actuellement, la Russie semble poursuivre ses pr\u00e9paratifs pour une attaque \u00e0 grande \u00e9chelle de l&rsquo;Ukraine tr\u00e8s bient\u00f4t\u00a0\u00bb<\/em>.<strong>Les ministres fran\u00e7ais et russe des Affaires \u00e9trang\u00e8res, Jean-Yves Le Drian et Sergue\u00ef Lavrov, se rencontreront vendredi \u00e0 Paris pour des<em>\u00a0\u00ab\u00a0consultations pr\u00e9paratoires\u00a0\u00bb\u00a0<\/em>en vue d&rsquo;un sommet sur l&rsquo;Ukraine.<\/strong><\/p>\n","protected":false},"excerpt":{"rendered":"<p>Le ministre russe des Affaires \u00e9trang\u00e8res Sergue\u00ef Lavrov a annonc\u00e9 lundi 21 f\u00e9vrier qu&rsquo;il rencontrera le secr\u00e9taire d&rsquo;Etat am\u00e9ricain Anthony Blinken&nbsp;jeudi 24 f\u00e9vrier, \u00e0 Gen\u00e8ve. Il s&rsquo;entretiendra ensuite avec son homologue fran\u00e7ais&nbsp;Jean-Yves Le Drian vendredi \u00e0 Paris, pour des&nbsp;\u00ab\u00a0consultations pr\u00e9paratoires\u00a0\u00bb&nbsp;en vue d&rsquo;un sommet sur l&rsquo;Ukraine\u00a0\u00bb. Plus t\u00f4t dans la journ\u00e9e, le Kremlin avait jug\u00e9 que [&hellip;]<\/p>\n","protected":false},"author":2,"featured_media":20465,"comment_status":"open","ping_status":"open","sticky":false,"template":"","format":"standard","meta":{"_jetpack_memberships_contains_paid_content":false,"footnotes":"","jetpack_publicize_message":"","jetpack_publicize_feature_enabled":true,"jetpack_social_post_already_shared":true,"jetpack_social_options":{"image_generator_settings":{"template":"highway","default_image_id":0,"font":"","enabled":false},"version":2},"_wpas_customize_per_network":false},"categories":[405],"tags":[],"class_list":["post-20464","post","type-post","status-publish","format-standard","has-post-thumbnail","hentry","category-actu-france-monde"],"jetpack_publicize_connections":[],"jetpack_featured_media_url":"https:\/\/i0.wp.com\/www.iceagetv.com\/radiosite\/wp-content\/uploads\/2022\/02\/les-chefs-de-la-diplomatie-russe.jpg?fit=770%2C432&ssl=1","jetpack_sharing_enabled":true,"_links":{"self":[{"href":"https:\/\/www.iceagetv.com\/radiosite\/wp-json\/wp\/v2\/posts\/20464","targetHints":{"allow":["GET"]}}],"collection":[{"href":"https:\/\/www.iceagetv.com\/radiosite\/wp-json\/wp\/v2\/posts"}],"about":[{"href":"https:\/\/www.iceagetv.com\/radiosite\/wp-json\/wp\/v2\/types\/post"}],"author":[{"embeddable":true,"href":"https:\/\/www.iceagetv.com\/radiosite\/wp-json\/wp\/v2\/users\/2"}],"replies":[{"embeddable":true,"href":"https:\/\/www.iceagetv.com\/radiosite\/wp-json\/wp\/v2\/comments?post=20464"}],"version-history":[{"count":1,"href":"https:\/\/www.iceagetv.com\/radiosite\/wp-json\/wp\/v2\/posts\/20464\/revisions"}],"predecessor-version":[{"id":20466,"href":"https:\/\/www.iceagetv.com\/radiosite\/wp-json\/wp\/v2\/posts\/20464\/revisions\/20466"}],"wp:featuredmedia":[{"embeddable":true,"href":"https:\/\/www.iceagetv.com\/radiosite\/wp-json\/wp\/v2\/media\/20465"}],"wp:attachment":[{"href":"https:\/\/www.iceagetv.com\/radiosite\/wp-json\/wp\/v2\/media?parent=20464"}],"wp:term":[{"taxonomy":"category","embeddable":true,"href":"https:\/\/www.iceagetv.com\/radiosite\/wp-json\/wp\/v2\/categories?post=20464"},{"taxonomy":"post_tag","embeddable":true,"href":"https:\/\/www.iceagetv.com\/radiosite\/wp-json\/wp\/v2\/tags?post=20464"}],"curies":[{"name":"wp","href":"https:\/\/api.w.org\/{rel}","templated":true}]}}