{"id":20471,"date":"2022-02-22T19:26:15","date_gmt":"2022-02-22T19:26:15","guid":{"rendered":"http:\/\/www.iceagetv.com\/radiosite\/?p=20471"},"modified":"2022-02-22T19:26:15","modified_gmt":"2022-02-22T19:26:15","slug":"crise-en-ukraine-les-accords-de-minsk-nexistent-plus-puisque-nous-avons-reconnu-les-republiques-de-donetsk-et-de-lougansk-declare-vladimir-poutine","status":"publish","type":"post","link":"https:\/\/www.iceagetv.com\/radiosite\/crise-en-ukraine-les-accords-de-minsk-nexistent-plus-puisque-nous-avons-reconnu-les-republiques-de-donetsk-et-de-lougansk-declare-vladimir-poutine\/","title":{"rendered":"Crise en Ukraine: \u00ab\u00a0Les accords de Minsk n&rsquo;existent plus puisque nous avons reconnu les R\u00e9publiques de Donetsk et de Lougansk\u00a0\u00bb, d\u00e9clare Vladimir Poutine"},"content":{"rendered":"\n<p>Les 27 Etats-membres de l&rsquo;UE ont approuv\u00e9 un \u00ab\u00a0paquet de sanctions\u00a0\u00bb \u00e0 \u00ab\u00a0l&rsquo;unanimit\u00e9\u00a0\u00bb contre la Russie apr\u00e8s sa d\u00e9cision de reconna\u00eetre les territoires s\u00e9paratistes dans l&rsquo;est de l&rsquo;Ukraine. \u00ab\u00a0Nous sommes tomb\u00e9s d&rsquo;accord sur un premier paquet de sanctions \u00e0 l&rsquo;unanimit\u00e9\u00a0\u00bb, a annonc\u00e9 le chef de la diplomatie fran\u00e7aise Jean-Yves Le Drian \u00e0 l&rsquo;issue de la r\u00e9union des 27 ministres des Affaires \u00e9trang\u00e8res \u00e0 Paris. Ces sanctions \u00ab\u00a0feront tr\u00e8s mal \u00e0 la Russie\u00a0\u00bb, a ajout\u00e9 le chef de la diplomatie de l&rsquo;UE, Josep Borrell.<\/p>\n\n\n\n<p><strong>Les accords de Minsk n&rsquo;existent plus puisque nous avons reconnu les R\u00e9publiques de Donetsk et de Lougansk\u00a0\u00bb,&nbsp;d\u00e9clare Vladimir Poutine en conf\u00e9rence de presse. Et d&rsquo;ajouter:&nbsp;\u00ab\u00a0La Russie va fournir une assistance militaire\u00a0\u00bb&nbsp;\u00e0 ces deux territoires.<\/strong><em>close<\/em><em>volume_off<\/em><\/p>\n\n\n\n<p><strong>Et de reconna\u00eetre la souverainet\u00e9 des s\u00e9paratistes sur l&rsquo;ensemble des r\u00e9gions de Lougansk et de Donetsk.<\/strong><\/p>\n\n\n\n<p><strong>Avant de&nbsp;se dire pr\u00eat \u00e0 \u00ab\u00a0d\u00e9militariser l&rsquo;Ukraine\u00a0\u00bb, ajoutant que l&rsquo;entr\u00e9e de l&rsquo;arm\u00e9e russe en Ukraine d\u00e9pendra de la situation \u00ab\u00a0sur le terrain\u00a0\u00bb.<\/strong><\/p>\n\n\n\n<p>Le pr\u00e9sident russe Vladimir Poutine a. \u00e9galement estim\u00e9 que la \u00ab\u00a0meilleure solution\u00a0\u00bb pour mettre un terme \u00e0 la crise autour de l&rsquo;Ukraine serait que Kiev renonce \u00e0 son d\u00e9sir de rejoindre l&rsquo;Otan.<\/p>\n\n\n\n<blockquote class=\"wp-block-quote is-layout-flow wp-block-quote-is-layout-flow\"><p>\u00ab\u00a0La meilleure solution \u00e0 cette question serait que les autorit\u00e9s actuellement au pouvoir \u00e0 Kiev refusent d&rsquo;elles-m\u00eames de rejoindre l&rsquo;Otan et s&rsquo;en tiennent \u00e0 une neutralit\u00e9\u00a0\u00bb, a-t-il d\u00e9clar\u00e9.<\/p><\/blockquote>\n\n\n\n<p><strong>17h21:\u00a0<\/strong>Le ministre de l&rsquo;Europe et des Affaires \u00e9trang\u00e8res, Jean-Yves Le Drian sera ce soir l&rsquo;invit\u00e9 exceptionnel du journal de 20h de France 2. Il r\u00e9pondra aux questions de Karine Baste sur la crise ukrainienne.<\/p>\n\n\n\n<p><strong>Le point sur la situation<\/strong><\/p>\n\n\n\n<p>Les pays occidentaux ont commenc\u00e9 mardi \u00e0 frapper au portefeuille la Russie apr\u00e8s la reconnaissance de r\u00e9gions s\u00e9paratistes d&rsquo;Ukraine auxquelles Moscou a promis une assistance militaire, des sanctions qui visent notamment un gazoduc et des banques. Le pr\u00e9sident russe Vladimir Poutine a en outre ordonn\u00e9 le d\u00e9ploiement de troupes dans l&rsquo;est du territoire ukrainien, mais ni l&rsquo;ampleur ni le calendrier n&rsquo;ont \u00e9t\u00e9 r\u00e9v\u00e9l\u00e9s, alors que le spectre d&rsquo;une guerre d&rsquo;ampleur grandit, la Russie ayant 150.000 hommes aux fronti\u00e8res de son voisin.<\/p>\n\n\n\n<p>La mesure de repr\u00e9sailles la plus forte pour le moment a \u00e9t\u00e9 annonc\u00e9e par Berlin, qui a gel\u00e9 le gazoduc Nord Stream II reliant la Russie \u00e0 l&rsquo;Allemagne et promis que des sanctions europ\u00e9ennes \u00ab\u00a0massives et robustes\u00a0\u00bb suivraient.<\/p>\n\n\n\n<p>La crise, qui inqui\u00e8te l&rsquo;Europe depuis des mois, a pris une autre ampleur avec la reconnaissance par Vladimir Poutine, lundi, de l&rsquo;ind\u00e9pendance des r\u00e9gions s\u00e9paratistes prorusses de Donetsk et de Lougansk dans l&rsquo;est de l&rsquo;Ukraine. Le pr\u00e9sident ukrainien Volodymyr Zelensky a appel\u00e9 ses alli\u00e9s \u00e0 r\u00e9agir vite et fort et dit envisager une rupture des relations diplomatiques avec Moscou, accus\u00e9 de poursuivre son \u00ab\u00a0agression militaire\u00a0\u00bb.<\/p>\n\n\n\n<p>Soup\u00e7onn\u00e9 aussi par Kiev de vouloir \u00ab\u00a0ressusciter l&rsquo;URSS\u00a0\u00bb, M. Poutine s&rsquo;est d\u00e9fendu de chercher \u00e0 \u00ab\u00a0reconstituer un empire\u00a0\u00bb. Le Kremlin a assur\u00e9 qu&rsquo;il restait \u00ab\u00a0ouvert\u00a0\u00bb \u00e0 la diplomatie. Sourd aux critiques, le Parlement russe a approuv\u00e9 comme un seul homme mardi les accords sign\u00e9s la veille par M. Poutine avec les s\u00e9paratistes, qui combattent les forces de Kiev depuis 2014.<\/p>\n\n\n\n<p>Dans la nuit de lundi \u00e0 mardi, M. Poutine a ordonn\u00e9 \u00e0 son arm\u00e9e de \u00ab\u00a0maintenir la paix\u00a0\u00bb dans ces r\u00e9gions, suscitant la crainte d&rsquo;une escalade dans ce conflit qui a d\u00e9but\u00e9 apr\u00e8s l&rsquo;annexion de la Crim\u00e9e, faisant plus de 14.000 morts. Mardi, le vice-ministre russe des Affaires \u00e9trang\u00e8res Andre\u00ef Roudenko a dit que la Russie ne pr\u00e9voyait pas de d\u00e9ploiement \u00ab\u00a0pour l&rsquo;instant\u00a0\u00bb, mais qu&rsquo;elle le ferait en cas de \u00ab\u00a0menace\u00a0\u00bb.<\/p>\n","protected":false},"excerpt":{"rendered":"<p>Les 27 Etats-membres de l&rsquo;UE ont approuv\u00e9 un \u00ab\u00a0paquet de sanctions\u00a0\u00bb \u00e0 \u00ab\u00a0l&rsquo;unanimit\u00e9\u00a0\u00bb contre la Russie apr\u00e8s sa d\u00e9cision de reconna\u00eetre les territoires s\u00e9paratistes dans l&rsquo;est de l&rsquo;Ukraine. \u00ab\u00a0Nous sommes tomb\u00e9s d&rsquo;accord sur un premier paquet de sanctions \u00e0 l&rsquo;unanimit\u00e9\u00a0\u00bb, a annonc\u00e9 le chef de la diplomatie fran\u00e7aise Jean-Yves Le Drian \u00e0 l&rsquo;issue de la [&hellip;]<\/p>\n","protected":false},"author":2,"featured_media":20472,"comment_status":"open","ping_status":"open","sticky":false,"template":"","format":"standard","meta":{"_jetpack_memberships_contains_paid_content":false,"footnotes":"","jetpack_publicize_message":"","jetpack_publicize_feature_enabled":true,"jetpack_social_post_already_shared":true,"jetpack_social_options":{"image_generator_settings":{"template":"highway","default_image_id":0,"font":"","enabled":false},"version":2},"_wpas_customize_per_network":false},"categories":[405],"tags":[],"class_list":["post-20471","post","type-post","status-publish","format-standard","has-post-thumbnail","hentry","category-actu-france-monde"],"jetpack_publicize_connections":[],"jetpack_featured_media_url":"https:\/\/i0.wp.com\/www.iceagetv.com\/radiosite\/wp-content\/uploads\/2022\/02\/Les-accords-de-Minsk.jpg?fit=680%2C294&ssl=1","jetpack_sharing_enabled":true,"_links":{"self":[{"href":"https:\/\/www.iceagetv.com\/radiosite\/wp-json\/wp\/v2\/posts\/20471","targetHints":{"allow":["GET"]}}],"collection":[{"href":"https:\/\/www.iceagetv.com\/radiosite\/wp-json\/wp\/v2\/posts"}],"about":[{"href":"https:\/\/www.iceagetv.com\/radiosite\/wp-json\/wp\/v2\/types\/post"}],"author":[{"embeddable":true,"href":"https:\/\/www.iceagetv.com\/radiosite\/wp-json\/wp\/v2\/users\/2"}],"replies":[{"embeddable":true,"href":"https:\/\/www.iceagetv.com\/radiosite\/wp-json\/wp\/v2\/comments?post=20471"}],"version-history":[{"count":1,"href":"https:\/\/www.iceagetv.com\/radiosite\/wp-json\/wp\/v2\/posts\/20471\/revisions"}],"predecessor-version":[{"id":20473,"href":"https:\/\/www.iceagetv.com\/radiosite\/wp-json\/wp\/v2\/posts\/20471\/revisions\/20473"}],"wp:featuredmedia":[{"embeddable":true,"href":"https:\/\/www.iceagetv.com\/radiosite\/wp-json\/wp\/v2\/media\/20472"}],"wp:attachment":[{"href":"https:\/\/www.iceagetv.com\/radiosite\/wp-json\/wp\/v2\/media?parent=20471"}],"wp:term":[{"taxonomy":"category","embeddable":true,"href":"https:\/\/www.iceagetv.com\/radiosite\/wp-json\/wp\/v2\/categories?post=20471"},{"taxonomy":"post_tag","embeddable":true,"href":"https:\/\/www.iceagetv.com\/radiosite\/wp-json\/wp\/v2\/tags?post=20471"}],"curies":[{"name":"wp","href":"https:\/\/api.w.org\/{rel}","templated":true}]}}