{"id":20474,"date":"2022-02-22T19:30:02","date_gmt":"2022-02-22T19:30:02","guid":{"rendered":"http:\/\/www.iceagetv.com\/radiosite\/?p=20474"},"modified":"2022-02-22T19:30:02","modified_gmt":"2022-02-22T19:30:02","slug":"election-presidentielle-80-des-jeunes-de-moins-de-30-ans-envisagent-de-se-rendre-aux-urnes-au-mois-davril-prochain-selon-un-sondage","status":"publish","type":"post","link":"https:\/\/www.iceagetv.com\/radiosite\/election-presidentielle-80-des-jeunes-de-moins-de-30-ans-envisagent-de-se-rendre-aux-urnes-au-mois-davril-prochain-selon-un-sondage\/","title":{"rendered":"Election pr\u00e9sidentielle: 80% des jeunes de moins de 30 ans envisagent de se rendre aux urnes au mois d&rsquo;avril prochain, selon un sondage"},"content":{"rendered":"\n<p>L\u2019\u00e9lection pr\u00e9sidentielle 2022 int\u00e9resse-t-elle la jeunesse ? C\u2019est ce que d\u00e9voile un sondage Ipsos pour la F\u00e9d\u00e9ration des associations g\u00e9n\u00e9rales \u00e9tudiantes (Fage). 80% des jeunes de moins de 30 ans envisagent de se rendre aux urnes au mois d&rsquo;avril.<\/p>\n\n\n\n<p>Plus pr\u00e9cis\u00e9ment,&nbsp;l&rsquo;enqu\u00eate* r\u00e9v\u00e8le que 49% des jeunes sond\u00e9s se disent \u00abcertains\u00bb d\u2019aller voter, 31% iront \u00abprobablement\u00bb, 11% n\u2019iront \u00abprobablement pas\u00bb et 9% n\u2019iront \u00abcertainement pas\u00bb voter. Un pourcentage des jeunes sensibles au vote qui serait en hausse par rapport \u00e0 la derni\u00e8re \u00e9lection pr\u00e9sidentielle. En 2017, le taux de participation aux deux tours \u00e9tait de 62,4% pour les 18-24 ans et de 58% pour les 25-29 ans, selon les donn\u00e9es de l\u2019Insee.<em>close<\/em><em>volume_off<\/em><\/p>\n\n\n\n<p>Ils sont cependant une majorit\u00e9 \u00e0 trouver que les responsables politiques ne portent qu\u2019une attention limit\u00e9e aux pr\u00e9occupations de la jeunesse. Pour 66% des sond\u00e9s, les politiques se pr\u00e9occupent \u00abpeu voire pas du tout de ce que pensent les gens de [leur] g\u00e9n\u00e9ration\u00bb. 57% estiment par ailleurs que les pr\u00e9occupations de la jeunesse ne sont pas prises en compte dans la campagne&nbsp;pr\u00e9sidentielle.<\/p>\n\n\n\n<p>Parmi ces sources d\u2019inqui\u00e9tudes majeures des jeunes&nbsp;: le&nbsp;pouvoir d\u2019achat&nbsp;pour 33% d\u2019entre eux, comme une tr\u00e8s large partie de Fran\u00e7ais, mais \u00e9galement l\u2019environnement (32%) et les in\u00e9galit\u00e9s sociales (28%).<\/p>\n\n\n\n<p>La question du revenu arrive en t\u00eate des pr\u00e9occupations, et 56% des sond\u00e9s affirment, au cours de l\u2019ann\u00e9e pass\u00e9e, avoir eu souvent ou parfois des difficult\u00e9s \u00e0 se procurer une alimentation saine et \u00e9quilibr\u00e9e. un sur deux (50%) a eu du mal \u00e0 payer son loyer ou rembourser son emprunt immobilier, et 46% \u00e0 payer certains actes m\u00e9dicaux. \u00abL\u2019impossibilit\u00e9 de pourvoir un emploi, d\u2019acc\u00e9der \u00e0 des soins, l\u2019isolement social, le d\u00e9crochage, mais \u00e9galement le d\u00e9calage entre les mesures prises et les besoins r\u00e9els des jeunes, nourrissent l\u2019incertitude et le d\u00e9sarroi de toute une g\u00e9n\u00e9ration\u00bb, souligne la Fage. Selon l\u2019\u00e9tude, 56% des jeunes ont m\u00eame une vision peu ou pas du tout optimiste quant \u00e0 l\u2019avenir de la soci\u00e9t\u00e9 fran\u00e7aise.&nbsp;<\/p>\n\n\n\n<p>C\u2019est pourquoi l\u2019organisation interpelle, \u00e0 travers cette \u00e9tude, l\u2019ensemble des candidats \u00e0 l\u2019\u00e9lection pr\u00e9sidentielle&nbsp;: \u00ab2022 ne doit pas \u00eatre l\u2019ann\u00e9e d\u2019une jeunesse oubli\u00e9e, incomprise et m\u00e9pris\u00e9e. Les jeunes sauront se mobiliser afin de faire entendre leurs voix, valoir leurs droits, et construire la soci\u00e9t\u00e9 de demain.\u00bb<\/p>\n\n\n\n<p>*Enqu\u00eate Ipsos r\u00e9alis\u00e9e du 11 au 20 janvier 2022 sur 2.007 personnes, constituant un \u00e9chantillon repr\u00e9sentatif de la population fran\u00e7aise de 18 \u00e0 30 ans, interrog\u00e9es en ligne.<\/p>\n","protected":false},"excerpt":{"rendered":"<p>L\u2019\u00e9lection pr\u00e9sidentielle 2022 int\u00e9resse-t-elle la jeunesse ? C\u2019est ce que d\u00e9voile un sondage Ipsos pour la F\u00e9d\u00e9ration des associations g\u00e9n\u00e9rales \u00e9tudiantes (Fage). 80% des jeunes de moins de 30 ans envisagent de se rendre aux urnes au mois d&rsquo;avril. Plus pr\u00e9cis\u00e9ment,&nbsp;l&rsquo;enqu\u00eate* r\u00e9v\u00e8le que 49% des jeunes sond\u00e9s se disent \u00abcertains\u00bb d\u2019aller voter, 31% iront \u00abprobablement\u00bb, [&hellip;]<\/p>\n","protected":false},"author":2,"featured_media":20475,"comment_status":"open","ping_status":"open","sticky":false,"template":"","format":"standard","meta":{"_jetpack_memberships_contains_paid_content":false,"footnotes":"","jetpack_publicize_message":"","jetpack_publicize_feature_enabled":true,"jetpack_social_post_already_shared":true,"jetpack_social_options":{"image_generator_settings":{"template":"highway","default_image_id":0,"font":"","enabled":false},"version":2},"_wpas_customize_per_network":false},"categories":[405],"tags":[],"class_list":["post-20474","post","type-post","status-publish","format-standard","has-post-thumbnail","hentry","category-actu-france-monde"],"jetpack_publicize_connections":[],"jetpack_featured_media_url":"https:\/\/i0.wp.com\/www.iceagetv.com\/radiosite\/wp-content\/uploads\/2022\/02\/80-des-jeunes-de-moins-de-30-ans-envisagent-de-se-rendre-aux-urnes-au-mois-davril-prochain-selon-un-sondage.jpg?fit=680%2C294&ssl=1","jetpack_sharing_enabled":true,"_links":{"self":[{"href":"https:\/\/www.iceagetv.com\/radiosite\/wp-json\/wp\/v2\/posts\/20474","targetHints":{"allow":["GET"]}}],"collection":[{"href":"https:\/\/www.iceagetv.com\/radiosite\/wp-json\/wp\/v2\/posts"}],"about":[{"href":"https:\/\/www.iceagetv.com\/radiosite\/wp-json\/wp\/v2\/types\/post"}],"author":[{"embeddable":true,"href":"https:\/\/www.iceagetv.com\/radiosite\/wp-json\/wp\/v2\/users\/2"}],"replies":[{"embeddable":true,"href":"https:\/\/www.iceagetv.com\/radiosite\/wp-json\/wp\/v2\/comments?post=20474"}],"version-history":[{"count":1,"href":"https:\/\/www.iceagetv.com\/radiosite\/wp-json\/wp\/v2\/posts\/20474\/revisions"}],"predecessor-version":[{"id":20476,"href":"https:\/\/www.iceagetv.com\/radiosite\/wp-json\/wp\/v2\/posts\/20474\/revisions\/20476"}],"wp:featuredmedia":[{"embeddable":true,"href":"https:\/\/www.iceagetv.com\/radiosite\/wp-json\/wp\/v2\/media\/20475"}],"wp:attachment":[{"href":"https:\/\/www.iceagetv.com\/radiosite\/wp-json\/wp\/v2\/media?parent=20474"}],"wp:term":[{"taxonomy":"category","embeddable":true,"href":"https:\/\/www.iceagetv.com\/radiosite\/wp-json\/wp\/v2\/categories?post=20474"},{"taxonomy":"post_tag","embeddable":true,"href":"https:\/\/www.iceagetv.com\/radiosite\/wp-json\/wp\/v2\/tags?post=20474"}],"curies":[{"name":"wp","href":"https:\/\/api.w.org\/{rel}","templated":true}]}}