{"id":20484,"date":"2022-02-23T16:43:31","date_gmt":"2022-02-23T16:43:31","guid":{"rendered":"http:\/\/www.iceagetv.com\/radiosite\/?p=20484"},"modified":"2022-02-23T16:43:31","modified_gmt":"2022-02-23T16:43:31","slug":"deces-demiliano-sala-les-causes-de-la-mort-du-footballeur-qui-etait-inconscient-au-moment-du-crash-de-son-avion-viennent-detre-revelees-mais-que-sest-il-reellement-passe","status":"publish","type":"post","link":"https:\/\/www.iceagetv.com\/radiosite\/deces-demiliano-sala-les-causes-de-la-mort-du-footballeur-qui-etait-inconscient-au-moment-du-crash-de-son-avion-viennent-detre-revelees-mais-que-sest-il-reellement-passe\/","title":{"rendered":"D\u00e9c\u00e8s d&rsquo;Emiliano Sala : Les causes de la mort du footballeur, qui \u00e9tait inconscient au moment du crash de son avion, viennent d&rsquo;\u00eatre r\u00e9v\u00e9l\u00e9es &#8211; Mais que s&rsquo;est-il r\u00e9ellement pass\u00e9?"},"content":{"rendered":"\n<p>Le footballeur Emiliano Sala, d\u00e9c\u00e9d\u00e9 dans un accident d\u2019avion en janvier 2019, \u00e9tait inconscient au moment du crash, selon le rapport d\u2019un m\u00e9decin.&nbsp;Alors que le tribunal du Dorset (sud de l\u2019Angleterre) doit tenir des audiences pendant un mois et demi pour d\u00e9finir les causes du d\u00e9c\u00e8s de l\u2019Argentin, le docteur Basil Purdue, sp\u00e9cialiste pathologiste, a conduit une enqu\u00eate r\u00e9v\u00e9lant une pr\u00e9sence de monoxyde de carbone au sein des pr\u00e9l\u00e8vements sanguins du joueur.<\/p>\n\n\n\n<p>Selon les analyses, les doses anormalement \u00e9lev\u00e9es auraient contribu\u00e9 \u00e0 une perte de connaissance du sportif, \u00abprofond\u00e9ment inconscient\u00bb au moment de l\u2019impact.<\/p>\n\n\n\n<p>En revanche, la mort du joueur argentin est bien due aux multiples chocs \u00e0 la t\u00eate et \u00e0 la poitrine, li\u00e9s au crash du Piper PA-46 Malibu. Ce qui avait d\u00e9j\u00e0 \u00e9t\u00e9 r\u00e9v\u00e9l\u00e9&nbsp;lors d\u2019un rapport datant de mars 2020.<\/p>\n\n\n\n<p>Selon les analyses toxicologiques, le niveau de saturation du sang d&rsquo;Emiliano Sala&nbsp;\u00e9tait de 58%, un cas \u00e9vident de \u00abgrave empoisonnement\u00bb qui pourrait avoir \u00e9t\u00e9 caus\u00e9 par le syst\u00e8me d&rsquo;\u00e9chappement de l&rsquo;avion.<\/p>\n\n\n\n<p>La collecte des pr\u00e9l\u00e8vements sanguins sur le corps du joueur avait \u00e9t\u00e9 tr\u00e8s compliqu\u00e9e. Seuls deux \u00e9chantillons avaient alors pu \u00eatre sauv\u00e9s, dont un pr\u00e9lev\u00e9 dans la cavit\u00e9 thoracique consid\u00e9r\u00e9 comme \u00abde composition incertaine\u00bb, et inutilisable dans le cadre d\u2019une analyse toxicologique.<\/p>\n\n\n\n<p>Pour rappel, l\u2019attaquant argentin est d\u00e9c\u00e9d\u00e9 \u00e0 28 ans. Joueur du FC Nantes, il devait s\u2019engager avec le Cardiff City lors du mercato hivernal&nbsp;pour un transfert de 17 millions d\u2019euros. Son corps n\u2019avait \u00e9t\u00e9 retrouv\u00e9 que deux semaines apr\u00e8s l\u2019accident, \u00e0 67 m\u00e8tres de profondeur. Le corps du pilote David Ibbotson, d\u00e9c\u00e9d\u00e9 lui aussi lors de l\u2019accident, n\u2019avait pas \u00e9t\u00e9 retrouv\u00e9 lors des fouilles de l\u2019\u00e9pave de l\u2019appareil.<\/p>\n","protected":false},"excerpt":{"rendered":"<p>Le footballeur Emiliano Sala, d\u00e9c\u00e9d\u00e9 dans un accident d\u2019avion en janvier 2019, \u00e9tait inconscient au moment du crash, selon le rapport d\u2019un m\u00e9decin.&nbsp;Alors que le tribunal du Dorset (sud de l\u2019Angleterre) doit tenir des audiences pendant un mois et demi pour d\u00e9finir les causes du d\u00e9c\u00e8s de l\u2019Argentin, le docteur Basil Purdue, sp\u00e9cialiste pathologiste, a [&hellip;]<\/p>\n","protected":false},"author":2,"featured_media":20485,"comment_status":"open","ping_status":"open","sticky":false,"template":"","format":"standard","meta":{"_jetpack_memberships_contains_paid_content":false,"footnotes":"","jetpack_publicize_message":"","jetpack_publicize_feature_enabled":true,"jetpack_social_post_already_shared":true,"jetpack_social_options":{"image_generator_settings":{"template":"highway","default_image_id":0,"font":"","enabled":false},"version":2},"_wpas_customize_per_network":false},"categories":[405],"tags":[],"class_list":["post-20484","post","type-post","status-publish","format-standard","has-post-thumbnail","hentry","category-actu-france-monde"],"jetpack_publicize_connections":[],"jetpack_featured_media_url":"https:\/\/i0.wp.com\/www.iceagetv.com\/radiosite\/wp-content\/uploads\/2022\/02\/Deces-dEmiliano-Sala.jpg?fit=920%2C397&ssl=1","jetpack_sharing_enabled":true,"_links":{"self":[{"href":"https:\/\/www.iceagetv.com\/radiosite\/wp-json\/wp\/v2\/posts\/20484","targetHints":{"allow":["GET"]}}],"collection":[{"href":"https:\/\/www.iceagetv.com\/radiosite\/wp-json\/wp\/v2\/posts"}],"about":[{"href":"https:\/\/www.iceagetv.com\/radiosite\/wp-json\/wp\/v2\/types\/post"}],"author":[{"embeddable":true,"href":"https:\/\/www.iceagetv.com\/radiosite\/wp-json\/wp\/v2\/users\/2"}],"replies":[{"embeddable":true,"href":"https:\/\/www.iceagetv.com\/radiosite\/wp-json\/wp\/v2\/comments?post=20484"}],"version-history":[{"count":1,"href":"https:\/\/www.iceagetv.com\/radiosite\/wp-json\/wp\/v2\/posts\/20484\/revisions"}],"predecessor-version":[{"id":20486,"href":"https:\/\/www.iceagetv.com\/radiosite\/wp-json\/wp\/v2\/posts\/20484\/revisions\/20486"}],"wp:featuredmedia":[{"embeddable":true,"href":"https:\/\/www.iceagetv.com\/radiosite\/wp-json\/wp\/v2\/media\/20485"}],"wp:attachment":[{"href":"https:\/\/www.iceagetv.com\/radiosite\/wp-json\/wp\/v2\/media?parent=20484"}],"wp:term":[{"taxonomy":"category","embeddable":true,"href":"https:\/\/www.iceagetv.com\/radiosite\/wp-json\/wp\/v2\/categories?post=20484"},{"taxonomy":"post_tag","embeddable":true,"href":"https:\/\/www.iceagetv.com\/radiosite\/wp-json\/wp\/v2\/tags?post=20484"}],"curies":[{"name":"wp","href":"https:\/\/api.w.org\/{rel}","templated":true}]}}