{"id":20496,"date":"2022-02-24T13:53:59","date_gmt":"2022-02-24T13:53:59","guid":{"rendered":"http:\/\/www.iceagetv.com\/radiosite\/?p=20496"},"modified":"2022-02-24T17:11:57","modified_gmt":"2022-02-24T17:11:57","slug":"edition-speciale-geurre-en-ukraine","status":"publish","type":"post","link":"https:\/\/www.iceagetv.com\/radiosite\/edition-speciale-geurre-en-ukraine\/","title":{"rendered":"\u00c9dition sp\u00e9ciale GEURRE EN UKRAINE"},"content":{"rendered":"\n<p><strong>Le pr\u00e9sident russe Vladimir Poutine a d\u00e9clar\u00e9 qu&rsquo;il n&rsquo;y avait \u00ab\u00a0aucun autre moyen\u00a0\u00bb pour d\u00e9fendre la Russie que d&rsquo;engager une offensive militaire comme elle l&rsquo;a fait ce jeudi. Le pr\u00e9sident russe a dit ne pas vouloir \u00ab\u00a0porter atteinte au syst\u00e8me \u00e9conomique mondial, auquel elle appartient\u00a0\u00bb<\/strong><\/p>\n\n\n\n<p><strong>Le maire de Kiev Vitaly Klitschko a annonc\u00e9 jeudi l&rsquo;imposition d&rsquo;un couvre-feu dans la capitale ukrainienne afin de pr\u00e9server \u00ab\u00a0la s\u00e9curit\u00e9\u00a0\u00bb des habitants apr\u00e8s le d\u00e9but de l&rsquo;invasion russe de l&rsquo;Ukraine.<\/strong>\u00a0\u00ab\u00a0Le couvre-feu durera de 22h00 \u00e0 07h00\u00a0\u00bb, a ajout\u00e9 le maire dans un communiqu\u00e9, pr\u00e9cisant que les transports publics ne fonctionneraient pas pendant cette p\u00e9riode mais que les stations de m\u00e9tro allaient rester ouvertes en permanence pour servir d&rsquo;abris en cas de frappes.<\/p>\n\n\n\n<p>DERNIERE MINUTE &#8211; Op\u00e9ration militaire en Ukraine: Des combats ont lieu \u00e0 Tchernobyl pr\u00e8s du d\u00e9p\u00f4t de d\u00e9chets nucl\u00e9aires<\/p>\n\n\n\n<p>Le chef de l&rsquo;<a href=\"https:\/\/twitter.com\/hashtag\/ONU?src=hashtag_click\">ONU<\/a> demande \u00e0 Vladimir <a href=\"https:\/\/twitter.com\/hashtag\/Poutine?src=hashtag_click\">Poutine<\/a> de \u00ab\u00a0retirer ses troupes au nom de l&rsquo;humanit\u00e9\u00a0\u00bb.<\/p>\n\n\n\n<p>La <a href=\"https:\/\/twitter.com\/hashtag\/Russie?src=hashtag_click\">Russie<\/a> met en garde ses citoyens contre la participation aux <a href=\"https:\/\/twitter.com\/hashtag\/manifestations?src=hashtag_click\">manifestations<\/a> anti-guerre. <\/p>\n\n\n\n<p>Op\u00e9ration militaire en Ukraine: \u00ab\u00a0La France se tient aux c\u00f4t\u00e9s de l&rsquo;Ukraine. A cet acte de guerre, nous r\u00e9pondrons sans faiblesse\u00a0\u00bb (Emmanuel Macron)<\/p>\n\n\n\n<p><\/p>\n\n\n\n<p><strong>Aujourd&rsquo;hui, \u00e0 13h30, le Pr\u00e9sident Emmanuel Macron s&rsquo;est exprim\u00e9 lors d&rsquo;une allocution depuis l&rsquo;Elys\u00e9e suite \u00e0 l&rsquo;op\u00e9ration militaire russe men\u00e9e en Ukraine. \u00ab\u00a0La France se tient aux c\u00f4t\u00e9s de l&rsquo;Ukraine. A cet acte de guerre, nous r\u00e9pondrons sans faiblesse, avec sang-froid, d\u00e9termination et unit\u00e9\u00a0\u00bb, a-t-il d\u00e9but\u00e9.<\/strong><\/p>\n\n\n\n<p>Et d&rsquo;ajouter : \u00ab\u00a0Nous prendrons des d\u00e9cisions lors du G7, cet apr\u00e8s-midi, lors du Conseil europ\u00e9en, ce soir \u00e0 Bruxelles, et lors du sommet de l&rsquo;Otan, qui se tiendra dans les prochaines heures. Nous demanderons \u00e0 la Russie de rendre des comptes au Conseil de s\u00e9curit\u00e9 des Nations unies\u00a0\u00bb.Emmanuel Macron a assur\u00e9 que \u00ab\u00a0les sanctions port\u00e9es \u00e0 la Russie seront \u00e0 la hauteur de l&rsquo;agression dont elle se rend coupable\u00a0\u00bb. \u00ab\u00a0Les \u00e9v\u00e9nements de cette nuit sont un tournant dans l&rsquo;histoire de l&rsquo;Europe et de notre pays\u00a0\u00bb.Des forces russes ont p\u00e9n\u00e9tr\u00e9 dans la r\u00e9gion de Kiev depuis la Bi\u00e9lorussie pour mener une attaque avec des missiles Grad sur des cibles militaires, ont annonc\u00e9 jeudi les gardes-fronti\u00e8res ukrainiens dans un communiqu\u00e9.<strong>Le palais pr\u00e9sidentiel ukrainien confirme une seconde salve de missiles qui s&rsquo;abat sur l&rsquo;Ukraine depuis 11h30<\/strong><\/p>\n\n\n\n<p><strong>Le point sur ce que l&rsquo;on sait \u00e0 la mi-journ\u00e9e<\/strong><\/p>\n\n\n\n<p>Vladimir Poutine a lanc\u00e9 jeudi une invasion de l&rsquo;Ukraine, avec frappes a\u00e9riennes et entr\u00e9e de forces terrestres depuis plusieurs directions, les autorit\u00e9s ukrainiennes faisant \u00e9tat quelques heures plus tard d&rsquo;un premier bilan d&rsquo;une cinquantaine de morts, dont une dizaine de civils. L&rsquo;attaque a imm\u00e9diatement d\u00e9clench\u00e9 un toll\u00e9 de la&nbsp;communaut\u00e9 internationale, avec des r\u00e9unions d&rsquo;urgence pr\u00e9vues dans plusieurs pays occidentaux et notamment \u00e0 l&rsquo;Otan et \u00e0 l&rsquo;Union europ\u00e9enne.<\/p>\n\n\n\n<p>Le&nbsp;pr\u00e9sident russe&nbsp;a donn\u00e9 le signal des hostilit\u00e9s jeudi \u00e0 l&rsquo;aube, apr\u00e8s avoir reconnu lundi l&rsquo;ind\u00e9pendance de territoires s\u00e9paratistes ukrainiens du Donbass et fait valider mardi une intervention par le Parlement russe. \u00ab\u00a0J&rsquo;ai pris la d\u00e9cision d&rsquo;une op\u00e9ration militaire sp\u00e9ciale\u00a0\u00bb, a annonc\u00e9 le ma\u00eetre du Kremlin dans une d\u00e9claration surprise \u00e0 la t\u00e9l\u00e9vision avant 6H00 du matin (03H00 GMT). \u00ab\u00a0Nous nous efforcerons d&rsquo;arriver \u00e0 une d\u00e9militarisation et une d\u00e9nazification de l&rsquo;Ukraine\u00a0\u00bb, a-t-il ajout\u00e9, assis \u00e0 un bureau en bois sombre. \u00ab\u00a0Nous n&rsquo;avons pas dans nos plans une occupation des territoires ukrainiens, nous ne comptons imposer rien par la force \u00e0 personne\u00a0\u00bb, a-t-il assur\u00e9, appelant les militaires ukrainiens \u00ab\u00a0\u00e0 d\u00e9poser les armes\u00a0\u00bb.<\/p>\n\n\n\n<p>Il s&rsquo;est justifi\u00e9 en r\u00e9p\u00e9tant ses accusations infond\u00e9es d&rsquo;un \u00ab\u00a0g\u00e9nocide\u00a0\u00bb orchestr\u00e9 par l&rsquo;Ukraine dans les territoires s\u00e9paratistes prorusses, et en arguant d&rsquo;un appel \u00e0 l&rsquo;aide des s\u00e9paratistes et de la politique agressive de l&rsquo;Otan envers la Russie, qui instrumentaliserait l&rsquo;Ukraine. Peu apr\u00e8s, une s\u00e9rie d&rsquo;explosions \u00e9taient entendues \u00e0 Kiev, Kramatorsk, ville de l&rsquo;est qui sert de quartier-g\u00e9n\u00e9ral \u00e0 l&rsquo;arm\u00e9e ukrainienne, \u00e0 Kharkiv (est), deuxi\u00e8me ville du pays, \u00e0 Odessa (sud), sur la mer Noire, et \u00e0 Marioupol, principal port de l&rsquo;est du pays.<\/p>\n\n\n\n<p>Les sir\u00e8nes d&rsquo;alerte a\u00e9rienne retentissaient toutes les 15 minutes \u00e0 Lviv, la ville de l&rsquo;ouest o\u00f9 les Etats-Unis et plusieurs autres pays ont d\u00e9plac\u00e9 leurs ambassades, et \u00e0 Odessa. Promettant de \u00ab\u00a0vaincre\u00a0\u00bb, le pr\u00e9sident ukrainien Volodymyr Zelensky a proclam\u00e9 la loi martiale dans le pays, appel\u00e9 ses concitoyens \u00e0 \u00ab\u00a0ne pas paniquer\u00a0\u00bb, avant d&rsquo;annoncer la rupture des relations diplomatiques avec Moscou.<\/p>\n\n\n\n<p>Il a aussi ordonn\u00e9 \u00e0 ses troupes d'\u00a0\u00bbinfliger un maximum de pertes \u00e0 l&rsquo;agresseur\u00a0\u00bb, selon le commandant en chef de l&rsquo;arm\u00e9e ukrainienne. Vers 10H00 GMT, un membre de l&rsquo;\u00e9quipe pr\u00e9sidentielle indiquait aux journalistes que \u00ab\u00a0plus de 40 militaires ukrainiens avaient \u00e9t\u00e9 tu\u00e9s, des douzaines bless\u00e9s\u00a0\u00bb et \u00ab\u00a0pr\u00e8s de 10 civils tu\u00e9s\u00a0\u00bb.<\/p>\n\n\n\n<p>L&rsquo;Ukraine a ferm\u00e9 son espace a\u00e9rien pour l&rsquo;aviation civile, et la Moldavie voisine a annonc\u00e9 faire de m\u00eame. Les vols ont aussi \u00e9t\u00e9 annul\u00e9s depuis les a\u00e9roports des grandes villes du sud de la Russie, \u00e0 proximit\u00e9 de l&rsquo;Ukraine. Moscou a ferm\u00e9 \u00e0 la navigation la mer d&rsquo;Azov, qui baigne l&rsquo;Ukraine et la Russie<\/p>\n\n\n\n<p><strong>12h55:&nbsp;<\/strong>\u00ab&nbsp;J\u2019exprime toute ma solidarit\u00e9 avec les autorit\u00e9s ukrainiennes d\u00e9mocratiquement \u00e9lues ainsi qu\u2019avec le peuple ukrainien dans cette \u00e9preuve. La France va renforcer encore son soutien \u00e0 l\u2019Ukraine, sous toutes ses formes&nbsp;\u00bb, a d\u00e9clar\u00e9 le ministre des Affaires Etrang\u00e8res Jean-Yves Le Drian. Et d\u2019ajouter : \u00abDepuis ce matin, une cellule de crise a \u00e9t\u00e9 activ\u00e9e au Centre de crise et de soutien du minist\u00e8re de l\u2019Europe et des affaires \u00e9trang\u00e8res. En lien avec la cellule de crise activ\u00e9e \u00e0 Kiev par notre Ambassade, pleinement op\u00e9rationnelle et \u00e0 sa t\u00e2che, elle est mobilis\u00e9e pour coordonner l\u2019appui et l\u2019accompagnement des ressortissants fran\u00e7ais qui se trouvent encore sur le territoire ukrainien \u00e0 cette heure&nbsp;\u00bb.<\/p>\n\n\n\n<p><strong>12h52:&nbsp;<\/strong>Val\u00e9rie P\u00e9cresse a demand\u00e9 la convocation \u00ab&nbsp;sans d\u00e9lai&nbsp;\u00bb du Parlement apr\u00e8s l\u2019invasion de l\u2019Ukraine par la Russie qu\u2019elle a condamn\u00e9e \u00ab&nbsp;fermement&nbsp;\u00bb, en appelant \u00e0 des sanctions ciblant \u00ab&nbsp;personnellement&nbsp;\u00bb les responsables. \u00ab&nbsp;La guerre est de retour au coeur du continent europ\u00e9en. Cela fait pr\u00e8s de 25 ans que nous n\u2019avions pas connu cette situation&nbsp;\u00bb, a d\u00e9plor\u00e9 la candidate LR \u00e0 la pr\u00e9sidentielle lors d\u2019un point presse.<\/p>\n\n\n\n<p>\u00ab&nbsp;Je demande la convocation sans d\u00e9lai de l\u2019Assembl\u00e9e nationale et du S\u00e9nat pour d\u00e9battre de cette situation, en application de la Constitution&nbsp;\u00bb, a-t-elle ajout\u00e9, \u00e0 l\u2019unisson des oppositions qui ont presque toutes formul\u00e9 des demandes similaires jeudi matin \u00e0 l\u2019Assembl\u00e9e. Accusant Vladimir Poutine d\u2019avoir \u00ab&nbsp;viol\u00e9 les r\u00e8gles les plus fondamentales du droit international&nbsp;\u00bb, Mme P\u00e9cresse a condamn\u00e9 une \u00ab&nbsp;invasion&nbsp;\u00bb dont la \u00ab&nbsp;brutalit\u00e9&nbsp;\u00bb nous \u00ab&nbsp;\u00e9claire, de mani\u00e8re crue, sur la personnalit\u00e9 de Vladimir Poutine, son r\u00e9gime et les op\u00e9rations de d\u00e9stabilisation qu\u2019il conduit&nbsp;\u00bb en Europe et en Afrique. Selon elle cette attaque \u00ab&nbsp;doit \u00eatre l\u2019occasion d\u2019un \u00e9lectrochoc pour l\u2019Europe&nbsp;\u00bb car \u00ab&nbsp;le temps de la na\u00efvet\u00e9 est fini&nbsp;\u00bb.<\/p>\n\n\n\n<p>Affirmant son \u00ab&nbsp;enti\u00e8re solidarit\u00e9 avec le peuple ukrainien&nbsp;\u00bb, elle a demand\u00e9 \u00ab&nbsp;que tout soit fait pour \u00e9pargner les populations civiles&nbsp;\u00bb et appel\u00e9 \u00e0 \u00ab&nbsp;une r\u00e9action imm\u00e9diate&nbsp;\u00bb. \u00ab&nbsp;Je souhaite que les pays europ\u00e9ens, l\u2019Union europ\u00e9enne, en coordination avec les Etats-Unis, le Royaume-Uni et les autres membres de la communaut\u00e9 internationale, se mettent d\u2019accord dans les plus brefs d\u00e9lais sur les sanctions les plus fermes, ciblant personnellement les responsables de cette guerre&nbsp;\u00bb, a-t-elle affirm\u00e9.<\/p>\n\n\n\n<p>\u00ab&nbsp;Nous, Europ\u00e9ens, toujours solidaires dans l\u2019OTAN, nous devons nous doter d\u2019une capacit\u00e9 autonome de d\u00e9fense pour assurer notre propre s\u00e9curit\u00e9&nbsp;\u00bb, a ajout\u00e9 Mme P\u00e9cresse. Il faut aussi selon elle que l\u2019Union europ\u00e9enne \u00ab&nbsp;mette au point un plan d\u2019aide r\u00e9pondant aux attentes de l\u2019Ukraine, qu\u2019il s\u2019agisse d\u2019aide humanitaire, ou de ses demandes sp\u00e9cifiques en mati\u00e8re d\u2019\u00e9quipements de d\u00e9fense&nbsp;\u00bb.<\/p>\n","protected":false},"excerpt":{"rendered":"<p>Le pr\u00e9sident russe Vladimir Poutine a d\u00e9clar\u00e9 qu&rsquo;il n&rsquo;y avait \u00ab\u00a0aucun autre moyen\u00a0\u00bb pour d\u00e9fendre la Russie que d&rsquo;engager une offensive militaire comme elle l&rsquo;a fait ce jeudi. Le pr\u00e9sident russe a dit ne pas vouloir \u00ab\u00a0porter atteinte au syst\u00e8me \u00e9conomique mondial, auquel elle appartient\u00a0\u00bb Le maire de Kiev Vitaly Klitschko a annonc\u00e9 jeudi l&rsquo;imposition [&hellip;]<\/p>\n","protected":false},"author":2,"featured_media":20497,"comment_status":"open","ping_status":"open","sticky":false,"template":"","format":"standard","meta":{"_jetpack_memberships_contains_paid_content":false,"footnotes":"","jetpack_publicize_message":"","jetpack_publicize_feature_enabled":true,"jetpack_social_post_already_shared":true,"jetpack_social_options":{"image_generator_settings":{"template":"highway","default_image_id":0,"font":"","enabled":false},"version":2},"_wpas_customize_per_network":false},"categories":[405],"tags":[],"class_list":["post-20496","post","type-post","status-publish","format-standard","has-post-thumbnail","hentry","category-actu-france-monde"],"jetpack_publicize_connections":[],"jetpack_featured_media_url":"https:\/\/i0.wp.com\/www.iceagetv.com\/radiosite\/wp-content\/uploads\/2022\/02\/Edition-speciale-GEURRE-EN-UKRAINE.jpg?fit=768%2C960&ssl=1","jetpack_sharing_enabled":true,"_links":{"self":[{"href":"https:\/\/www.iceagetv.com\/radiosite\/wp-json\/wp\/v2\/posts\/20496","targetHints":{"allow":["GET"]}}],"collection":[{"href":"https:\/\/www.iceagetv.com\/radiosite\/wp-json\/wp\/v2\/posts"}],"about":[{"href":"https:\/\/www.iceagetv.com\/radiosite\/wp-json\/wp\/v2\/types\/post"}],"author":[{"embeddable":true,"href":"https:\/\/www.iceagetv.com\/radiosite\/wp-json\/wp\/v2\/users\/2"}],"replies":[{"embeddable":true,"href":"https:\/\/www.iceagetv.com\/radiosite\/wp-json\/wp\/v2\/comments?post=20496"}],"version-history":[{"count":5,"href":"https:\/\/www.iceagetv.com\/radiosite\/wp-json\/wp\/v2\/posts\/20496\/revisions"}],"predecessor-version":[{"id":20509,"href":"https:\/\/www.iceagetv.com\/radiosite\/wp-json\/wp\/v2\/posts\/20496\/revisions\/20509"}],"wp:featuredmedia":[{"embeddable":true,"href":"https:\/\/www.iceagetv.com\/radiosite\/wp-json\/wp\/v2\/media\/20497"}],"wp:attachment":[{"href":"https:\/\/www.iceagetv.com\/radiosite\/wp-json\/wp\/v2\/media?parent=20496"}],"wp:term":[{"taxonomy":"category","embeddable":true,"href":"https:\/\/www.iceagetv.com\/radiosite\/wp-json\/wp\/v2\/categories?post=20496"},{"taxonomy":"post_tag","embeddable":true,"href":"https:\/\/www.iceagetv.com\/radiosite\/wp-json\/wp\/v2\/tags?post=20496"}],"curies":[{"name":"wp","href":"https:\/\/api.w.org\/{rel}","templated":true}]}}