{"id":20499,"date":"2022-02-24T13:57:51","date_gmt":"2022-02-24T13:57:51","guid":{"rendered":"http:\/\/www.iceagetv.com\/radiosite\/?p=20499"},"modified":"2022-02-24T13:57:51","modified_gmt":"2022-02-24T13:57:51","slug":"veran-sen-prend-a-wonner-les-delires-complotistes-sur-les-vaccins-nont-pas-leur-place-dans-lhemicycle","status":"publish","type":"post","link":"https:\/\/www.iceagetv.com\/radiosite\/veran-sen-prend-a-wonner-les-delires-complotistes-sur-les-vaccins-nont-pas-leur-place-dans-lhemicycle\/","title":{"rendered":"V\u00c9RAN S&rsquo;EN PREND \u00c0 WONNER: LES \u00ab\u00a0D\u00c9LIRES COMPLOTISTES\u00a0\u00bb SUR LES VACCINS \u00ab\u00a0N&rsquo;ONT PAS LEUR PLACE DANS L&rsquo;H\u00c9MICYCLE\u00a0\u00bb"},"content":{"rendered":"\n<p>Les mandats s&rsquo;arr\u00eatent un jour\u00a0\u00bb et \u00ab\u00a0ceux et celles qui continuent de tenir ces propos-l\u00e0 seront susceptibles de rendre compte devant la justice\u00a0\u00bb a lanc\u00e9 le ministre de la Sant\u00e9 \u00e0 la d\u00e9put\u00e9e.<\/p>\n\n\n\n<p>La d\u00e9put\u00e9e covido-sceptique Martine Wonner (ex-LaREM)&nbsp;<a href=\"https:\/\/www.bfmtv.com\/politique\/on-ne-peut-pas-desinformer-au-sein-meme-de-cet-hemicycle-passe-d-armes-a-l-assemblee-entre-brigitte-bourguignon-et-martine-wonner_VN-202107220126.html\">a, une nouvelle fois, attaqu\u00e9 la politique sanitaire du gouvernement \u00e0 l&rsquo;Assembl\u00e9e nationale<\/a>&nbsp;ce jeudi, au cours d&rsquo;un d\u00e9bat sur la gestion de la crise sanitaire du Covid-19. Elle a ainsi imput\u00e9 aux vaccins des \u00ab\u00a0cons\u00e9quences d\u00e9l\u00e9t\u00e8res\u00a0\u00bb sur la sant\u00e9: \u00ab\u00a0fausses couches\u00a0\u00bb, \u00ab\u00a0cancers multiples\u00a0\u00bb, \u00ab\u00a0maladie de Creutzfeld Jacob\u00a0\u00bb ou \u00ab\u00a0sida\u00a0\u00bb, en \u00e9cho aux all\u00e9gations de la sph\u00e8re des anti-vaccins.<\/p>\n\n\n\n<blockquote class=\"wp-block-quote is-layout-flow wp-block-quote-is-layout-flow\"><p><a href=\"https:\/\/twitter.com\/MartineWonner\/status\/1496823536106758145\" target=\"_blank\" rel=\"noreferrer noopener\">Elle a \u00e9galement critiqu\u00e9<\/a>, entre autres, les \u00ab\u00a0d\u00e9rives liberticides valid\u00e9es dans cet h\u00e9micycle au nom de la crise sanitaire qui m&rsquo;am\u00e8nent \u00e0 affirmer devant vous qu&rsquo;il n&rsquo;y a plus de constitution en France\u00a0\u00bb.<\/p><\/blockquote>\n\n\n\n<p>Le ministre de la Sant\u00e9 Olivier V\u00e9ran lui a fermement r\u00e9pondu, d\u00e9clarant que les \u00ab\u00a0d\u00e9lires complotistes sur le vaccin qui donnerait le sida ou Creutzfeld Jacob n&rsquo;ont pas leur place dans l&rsquo;h\u00e9micycle\u00a0\u00bb. \u00ab\u00a0Je voudrais rassurer tout le monde, le vaccin ne donnera jamais le sida ou Creutzfeld-Jacob, il faut r\u00e9tablir les faits scientifiques\u00a0\u00bb, a martel\u00e9 le ministre.<\/p>\n\n\n\n<h2 class=\"wp-block-heading\">Les mandats s&rsquo;arr\u00eatent un jour\u00a0\u00bb<\/h2>\n\n\n\n<p>Soulignant que le propre de la d\u00e9mocratie \u00e9tait \u00ab\u00a0de ne pas emp\u00eacher un repr\u00e9sentant du peuple de s&rsquo;exprimer\u00a0\u00bb, il a rappel\u00e9 que \u00ab\u00a0chacun ici est couvert par l&rsquo;immunit\u00e9 parlementaire et chacun ici peut s&rsquo;exprimer librement en sachant tr\u00e8s bien que ses paroles, ses propos ne pourront pas \u00eatre retourn\u00e9s contre lui devant la justice\u00a0\u00bb.<\/p>\n\n\n\n<blockquote class=\"wp-block-quote is-layout-flow wp-block-quote-is-layout-flow\"><p>Mais \u00ab\u00a0parfois les mandats s&rsquo;arr\u00eatent un jour, et parfois ceux et celles qui continuent de tenir ces propos-l\u00e0 seront alors susceptibles de rendre compte devant la justice. Je le dis pour madame Wonner\u00a0\u00bb, a-t-il d\u00e9clar\u00e9.<\/p><cite>Ce n&rsquo;est pas la premi\u00e8re fois que le ministre de la Sant\u00e9 et la d\u00e9put\u00e9e s&rsquo;accrochent dans l&rsquo;h\u00e9micycle.\u00a0<a href=\"https:\/\/www.bfmtv.com\/politique\/la-chloroquine-ca-ne-se-fume-pas-l-agacement-d-olivier-veran-face-a-la-deputee-martine-wonner-devant-l-assemblee-nationale_VN-202201030342.html\">\u00ab\u00a0La chloroquine, \u00e7a ne se fume pas\u00a0\u00bb<\/a>, lui avait lanc\u00e9 d\u00e9but janvier Olivier V\u00e9ran, alors qu&rsquo;en juillet il raillait les \u00ab\u00a0inexactitudes\u00a0\u00bb dans ses propos sur les vaccins.<\/cite><\/blockquote>\n","protected":false},"excerpt":{"rendered":"<p>Les mandats s&rsquo;arr\u00eatent un jour\u00a0\u00bb et \u00ab\u00a0ceux et celles qui continuent de tenir ces propos-l\u00e0 seront susceptibles de rendre compte devant la justice\u00a0\u00bb a lanc\u00e9 le ministre de la Sant\u00e9 \u00e0 la d\u00e9put\u00e9e. La d\u00e9put\u00e9e covido-sceptique Martine Wonner (ex-LaREM)&nbsp;a, une nouvelle fois, attaqu\u00e9 la politique sanitaire du gouvernement \u00e0 l&rsquo;Assembl\u00e9e nationale&nbsp;ce jeudi, au cours d&rsquo;un [&hellip;]<\/p>\n","protected":false},"author":2,"featured_media":20500,"comment_status":"open","ping_status":"open","sticky":false,"template":"","format":"standard","meta":{"_jetpack_memberships_contains_paid_content":false,"footnotes":"","jetpack_publicize_message":"","jetpack_publicize_feature_enabled":true,"jetpack_social_post_already_shared":true,"jetpack_social_options":{"image_generator_settings":{"template":"highway","default_image_id":0,"font":"","enabled":false},"version":2},"_wpas_customize_per_network":false},"categories":[405],"tags":[],"class_list":["post-20499","post","type-post","status-publish","format-standard","has-post-thumbnail","hentry","category-actu-france-monde"],"jetpack_publicize_connections":[],"jetpack_featured_media_url":"https:\/\/i0.wp.com\/www.iceagetv.com\/radiosite\/wp-content\/uploads\/2022\/02\/VERAN-SEN-PREND-A-WONNER.jpg?fit=768%2C432&ssl=1","jetpack_sharing_enabled":true,"_links":{"self":[{"href":"https:\/\/www.iceagetv.com\/radiosite\/wp-json\/wp\/v2\/posts\/20499","targetHints":{"allow":["GET"]}}],"collection":[{"href":"https:\/\/www.iceagetv.com\/radiosite\/wp-json\/wp\/v2\/posts"}],"about":[{"href":"https:\/\/www.iceagetv.com\/radiosite\/wp-json\/wp\/v2\/types\/post"}],"author":[{"embeddable":true,"href":"https:\/\/www.iceagetv.com\/radiosite\/wp-json\/wp\/v2\/users\/2"}],"replies":[{"embeddable":true,"href":"https:\/\/www.iceagetv.com\/radiosite\/wp-json\/wp\/v2\/comments?post=20499"}],"version-history":[{"count":1,"href":"https:\/\/www.iceagetv.com\/radiosite\/wp-json\/wp\/v2\/posts\/20499\/revisions"}],"predecessor-version":[{"id":20501,"href":"https:\/\/www.iceagetv.com\/radiosite\/wp-json\/wp\/v2\/posts\/20499\/revisions\/20501"}],"wp:featuredmedia":[{"embeddable":true,"href":"https:\/\/www.iceagetv.com\/radiosite\/wp-json\/wp\/v2\/media\/20500"}],"wp:attachment":[{"href":"https:\/\/www.iceagetv.com\/radiosite\/wp-json\/wp\/v2\/media?parent=20499"}],"wp:term":[{"taxonomy":"category","embeddable":true,"href":"https:\/\/www.iceagetv.com\/radiosite\/wp-json\/wp\/v2\/categories?post=20499"},{"taxonomy":"post_tag","embeddable":true,"href":"https:\/\/www.iceagetv.com\/radiosite\/wp-json\/wp\/v2\/tags?post=20499"}],"curies":[{"name":"wp","href":"https:\/\/api.w.org\/{rel}","templated":true}]}}