{"id":20550,"date":"2022-02-28T17:04:25","date_gmt":"2022-02-28T17:04:25","guid":{"rendered":"http:\/\/www.iceagetv.com\/radiosite\/?p=20550"},"modified":"2022-02-28T17:04:25","modified_gmt":"2022-02-28T17:04:25","slug":"guerre-en-ukraine-emmanuel-macron-sest-entretenu-pendant-1h30-avec-vladimir-poutine-qui-sest-engage-a-preserver-les-civils","status":"publish","type":"post","link":"https:\/\/www.iceagetv.com\/radiosite\/guerre-en-ukraine-emmanuel-macron-sest-entretenu-pendant-1h30-avec-vladimir-poutine-qui-sest-engage-a-preserver-les-civils\/","title":{"rendered":"Guerre en Ukraine: Emmanuel Macron s&rsquo;est entretenu pendant 1h30 avec Vladimir Poutine qui s&rsquo;est engag\u00e9 \u00e0 pr\u00e9server les civils"},"content":{"rendered":"\n<p><strong>Le pr\u00e9sident russe Vladimir Poutine a d\u00e9clar\u00e9 lundi \u00e0 son homologue fran\u00e7ais Emmanuel Macron exiger la reconnaissance de la Crim\u00e9e comme territoire russe, la \u00ab\u00a0d\u00e9nazification\u00a0\u00bb du gouvernement ukrainien et un \u00ab\u00a0statut neutre\u00a0\u00bb de Kiev, comme pr\u00e9alable \u00e0 la fin de l&rsquo;invasion de l&rsquo;Ukraine.<\/strong>\u00a0Poutine a demand\u00e9 \u00ab\u00a0la reconnaissance de la souverainet\u00e9 russe sur la Crim\u00e9e, l&rsquo;aboutissement de la d\u00e9militarisation et de la d\u00e9nazification de l&rsquo;Etat ukrainien et la garantie de son statut neutre\u00a0\u00bb en pr\u00e9alable \u00e0 tout r\u00e8glement, a d\u00e9clar\u00e9 le Kremlin dans un communiqu\u00e9, apr\u00e8s un entretien t\u00e9l\u00e9phonique entre les deux chefs d&rsquo;Etat.<strong>Emmanuel Macron a \u00e9chang\u00e9 lundi pendant 1H30 avec Vladimir Poutine, en lui demandant l\u2019arr\u00eat des frappes contre les civils et la s\u00e9curisation des axes routiers en Ukraine, des points sur lesquels le pr\u00e9sident russe \u00ab\u00a0a confirm\u00e9 sa volont\u00e9 de s\u2019engager\u00a0\u00bb, a annonc\u00e9 l\u2019Elys\u00e9e.\u00a0<\/strong>Le pr\u00e9sident fran\u00e7ais a appel\u00e9 M. Poutine \u00ab\u00a0\u00e0 la demande\u00a0\u00bb de son homologue ukrainien Volodymyr Zelensky, avec lequel il s\u2019est entretenu \u00ab\u00a0\u00e0 plusieurs reprises ces derni\u00e8res heures\u00a0\u00bb, a ajout\u00e9 la pr\u00e9sidence.<\/p>\n\n\n\n<p>Au cours de l\u2019entretien avec M. Poutine, Emmanuel Macron \u00ab&nbsp;a r\u00e9it\u00e9r\u00e9 la demande de la communaut\u00e9 internationale de cesser l\u2019offensive russe contre l\u2019Ukraine, et r\u00e9affirm\u00e9 la n\u00e9cessit\u00e9 de mettre en oeuvre un cessez-le-feu imm\u00e9diat&nbsp;\u00bb, selon l\u2019Elys\u00e9e, au cinqui\u00e8me jour de l\u2019offensive lanc\u00e9e par l\u2019arm\u00e9e russe. \u00ab&nbsp;Alors que les discussions commencent entre les d\u00e9l\u00e9gations russe et ukrainienne&nbsp;\u00bb \u00e0 la fronti\u00e8re ukraino-b\u00e9larusse, il a demand\u00e9 \u00ab&nbsp;\u00e0 ce que soient respect\u00e9s sur le terrain: &#8211; un arr\u00eat de toutes les frappes et attaques contre les civils et lieux de r\u00e9sidence, &#8211; une pr\u00e9servation de toutes les infrastructures civiles, &#8211; une s\u00e9curisation des axes routiers, en particulier la route du sud de Kiev&nbsp;\u00bb. \u00ab&nbsp;Le pr\u00e9sident Poutine a confirm\u00e9 sa volont\u00e9 de s\u2019engager sur ces trois points&nbsp;\u00bb, selon la pr\u00e9sidence fran\u00e7aise.<\/p>\n\n\n\n<p>Emmanuel Macron a \u00e9galement demand\u00e9 \u00ab\u00a0le respect du droit international humanitaire et la protection des populations civiles comme de l\u2019acheminement de l\u2019aide, conform\u00e9ment \u00e0 la r\u00e9solution port\u00e9e par la France au Conseil de s\u00e9curit\u00e9 de l\u2019ONU\u00a0\u00bb. Cet \u00e9change est le second entre MM. Macron et Poutine depuis le d\u00e9but, le 24 f\u00e9vrier, de l\u2019invasion de l\u2019Ukraine par la Russie. Ils s\u2019\u00e9taient d\u00e9j\u00e0 parl\u00e9 jeudi, avant un sommet exceptionnel de l\u2019Union europ\u00e9enne \u00e0 Bruxelles. Au cours de l\u2019\u00e9change avec M. Zelensky, Emmanuel Macron a \u00ab\u00a0de nouveau salu\u00e9 le sens des responsabilit\u00e9s du pr\u00e9sident ukrainien dans la perspective des n\u00e9gociations qui commencent et alors m\u00eame que l\u2019Ukraine est agress\u00e9e par la Russie\u00a0\u00bb, souligne l\u2019Elys\u00e9e dans son communiqu\u00e9.<\/p>\n\n\n\n<p><strong>&nbsp;<\/strong>Les Etats-Unis ont recommand\u00e9 lundi aux Am\u00e9ricains de quitter \u00ab&nbsp;imm\u00e9diatement&nbsp;\u00bb la Russie \u00e0 la suite de l\u2019invasion de l\u2019Ukraine par Moscou. \u00ab&nbsp;Les ressortissants am\u00e9ricains doivent envisager de quitter la Russie imm\u00e9diatement par les options de voyage commerciales encore disponibles&nbsp;\u00bb, a dit dans un communiqu\u00e9 le d\u00e9partement d\u2019Etat, qui avait d\u00e9j\u00e0 recommand\u00e9 \u00e0 ses concitoyens de ne pas se rendre sur place.<\/p>\n\n\n\n<p>Il pr\u00e9vient que ces options commerciales diminuent rapidement, en raison des sanctions internationales qui incluent la fermeture de l\u2019espace a\u00e9rien de nombreux pays aux avions russes. Le nouvel avertissement de la diplomatie am\u00e9ricaine a \u00e9t\u00e9 publi\u00e9 pour prendre aussi en compte la d\u00e9cision prise lundi de permettre au personnel non-essentiel de l\u2019ambassade des Etats-Unis \u00e0 Moscou de partir.<\/p>\n\n\n\n<p>\u00ab&nbsp;La capacit\u00e9 de l\u2019administration am\u00e9ricaine \u00e0 fournir des services de routine ou d\u2019urgence aux ressortissants am\u00e9ricains en Russie est extr\u00eamement limit\u00e9e&nbsp;\u00bb, souligne le d\u00e9partement d\u2019Etat, qui met aussi en garde contre le risque de \u00ab&nbsp;harc\u00e8lement&nbsp;\u00bb des autorit\u00e9s russes visant des Am\u00e9ricains.<\/p>\n","protected":false},"excerpt":{"rendered":"<p>Le pr\u00e9sident russe Vladimir Poutine a d\u00e9clar\u00e9 lundi \u00e0 son homologue fran\u00e7ais Emmanuel Macron exiger la reconnaissance de la Crim\u00e9e comme territoire russe, la \u00ab\u00a0d\u00e9nazification\u00a0\u00bb du gouvernement ukrainien et un \u00ab\u00a0statut neutre\u00a0\u00bb de Kiev, comme pr\u00e9alable \u00e0 la fin de l&rsquo;invasion de l&rsquo;Ukraine.\u00a0Poutine a demand\u00e9 \u00ab\u00a0la reconnaissance de la souverainet\u00e9 russe sur la Crim\u00e9e, l&rsquo;aboutissement [&hellip;]<\/p>\n","protected":false},"author":2,"featured_media":20551,"comment_status":"open","ping_status":"open","sticky":false,"template":"","format":"standard","meta":{"_jetpack_memberships_contains_paid_content":false,"footnotes":"","jetpack_publicize_message":"","jetpack_publicize_feature_enabled":true,"jetpack_social_post_already_shared":true,"jetpack_social_options":{"image_generator_settings":{"template":"highway","default_image_id":0,"font":"","enabled":false},"version":2},"_wpas_customize_per_network":false},"categories":[405],"tags":[],"class_list":["post-20550","post","type-post","status-publish","format-standard","has-post-thumbnail","hentry","category-actu-france-monde"],"jetpack_publicize_connections":[],"jetpack_featured_media_url":"https:\/\/i0.wp.com\/www.iceagetv.com\/radiosite\/wp-content\/uploads\/2022\/02\/Emmanuel-Macron-sest-entretenu-pendant-1h30-avec-Vladimir-Poutine-qui-sest-engage-a-preserver-les-civils.jpg?fit=920%2C397&ssl=1","jetpack_sharing_enabled":true,"_links":{"self":[{"href":"https:\/\/www.iceagetv.com\/radiosite\/wp-json\/wp\/v2\/posts\/20550","targetHints":{"allow":["GET"]}}],"collection":[{"href":"https:\/\/www.iceagetv.com\/radiosite\/wp-json\/wp\/v2\/posts"}],"about":[{"href":"https:\/\/www.iceagetv.com\/radiosite\/wp-json\/wp\/v2\/types\/post"}],"author":[{"embeddable":true,"href":"https:\/\/www.iceagetv.com\/radiosite\/wp-json\/wp\/v2\/users\/2"}],"replies":[{"embeddable":true,"href":"https:\/\/www.iceagetv.com\/radiosite\/wp-json\/wp\/v2\/comments?post=20550"}],"version-history":[{"count":1,"href":"https:\/\/www.iceagetv.com\/radiosite\/wp-json\/wp\/v2\/posts\/20550\/revisions"}],"predecessor-version":[{"id":20552,"href":"https:\/\/www.iceagetv.com\/radiosite\/wp-json\/wp\/v2\/posts\/20550\/revisions\/20552"}],"wp:featuredmedia":[{"embeddable":true,"href":"https:\/\/www.iceagetv.com\/radiosite\/wp-json\/wp\/v2\/media\/20551"}],"wp:attachment":[{"href":"https:\/\/www.iceagetv.com\/radiosite\/wp-json\/wp\/v2\/media?parent=20550"}],"wp:term":[{"taxonomy":"category","embeddable":true,"href":"https:\/\/www.iceagetv.com\/radiosite\/wp-json\/wp\/v2\/categories?post=20550"},{"taxonomy":"post_tag","embeddable":true,"href":"https:\/\/www.iceagetv.com\/radiosite\/wp-json\/wp\/v2\/tags?post=20550"}],"curies":[{"name":"wp","href":"https:\/\/api.w.org\/{rel}","templated":true}]}}