{"id":20566,"date":"2022-03-01T19:26:01","date_gmt":"2022-03-01T19:26:01","guid":{"rendered":"http:\/\/www.iceagetv.com\/radiosite\/?p=20566"},"modified":"2022-03-01T19:26:01","modified_gmt":"2022-03-01T19:26:01","slug":"guerre-en-ukraine-cinq-personnes-tuees-et-cinq-blessees-dans-une-frappe-russe-contre-la-tour-de-television-a-kiev-une-agression-cynique-et-premeditee-denonce-le-premier-ministre-jean-castex-a","status":"publish","type":"post","link":"https:\/\/www.iceagetv.com\/radiosite\/guerre-en-ukraine-cinq-personnes-tuees-et-cinq-blessees-dans-une-frappe-russe-contre-la-tour-de-television-a-kiev-une-agression-cynique-et-premeditee-denonce-le-premier-ministre-jean-castex-a\/","title":{"rendered":"Guerre en Ukraine: Cinq personnes tu\u00e9es et cinq bless\u00e9es dans une frappe russe contre la tour de t\u00e9l\u00e9vision \u00e0 Kiev &#8211; \u00ab\u00a0Une agression cynique et pr\u00e9m\u00e9dit\u00e9e\u00a0\u00bb, d\u00e9nonce le Premier ministre Jean Castex \u00e0 l&rsquo;Assembl\u00e9e nationale"},"content":{"rendered":"\n<p><strong>Cinq personnes ont \u00e9t\u00e9 tu\u00e9es et cinq bless\u00e9es dans une frappe russe mardi contre la tour de t\u00e9l\u00e9vision \u00e0 Kiev, a annonc\u00e9 le service d&rsquo;Etat ukrainien pour les Situations d&rsquo;urgence. \u00ab\u00a0Selon les donn\u00e9es pr\u00e9liminaires, cinq personnes ont \u00e9t\u00e9 tu\u00e9es et cinq autres bless\u00e9es\u00a0\u00bb dans cette attaque qui a aussi entra\u00een\u00e9 l&rsquo;interruption de la diffusion des cha\u00eenes, a indiqu\u00e9 le service sur sa page Facebook.<\/strong><\/p>\n\n\n\n<p><strong>Une frappe russe a vis\u00e9 mardi la tour de t\u00e9l\u00e9vision \u00e0 Kiev, entra\u00eenant l&rsquo;interruption de la diffusion des cha\u00eenes, a annonc\u00e9 le minist\u00e8re ukrainien de l&rsquo;Int\u00e9rieur. La frappe, qui intervient au sixi\u00e8me jour de l&rsquo;invasion de l&rsquo;Ukraine par la Russie, a \u00ab\u00a0touch\u00e9\u00a0\u00bb des \u00e9quipements de cette tour, qui est situ\u00e9e non loin d&rsquo;un important m\u00e9morial aux victimes de la Shoah, a indiqu\u00e9 le minist\u00e8re.<\/strong><em>close<\/em><em>volume_off<\/em><\/p>\n\n\n\n<p><strong>\u00ab\u00a0Les cha\u00eenes ne vont pas fonctionner pendant un certain temps\u00a0\u00bb, mais des syst\u00e8mes \u00ab\u00a0de secours\u00a0\u00bb permettront \u00e0 certaines t\u00e9l\u00e9visions de r\u00e9tablir leur diffusion prochainement, a ajout\u00e9 le minist\u00e8re. Une photographie publi\u00e9e par le minist\u00e8re de l&rsquo;Int\u00e9rieur montrait la tour noy\u00e9e dans une \u00e9paisse fum\u00e9e grise.<\/strong><\/p>\n\n\n\n<p><strong>La structure principale de l&rsquo;\u00e9difice \u00e9tait toutefois toujours debout. La tour de t\u00e9l\u00e9vision se trouve dans le m\u00eame quartier que le site de Babi Yar, un ravin o\u00f9 les nazis ont tu\u00e9 par balles plus de 30.000 juifs en deux jours en 1941. Cet endroit est aujourd&rsquo;hui un lieu de m\u00e9moire important. \u00ab\u00a0Ces barbares sont en train de massacrer les victimes de la Shoah pour la deuxi\u00e8me fois\u00a0\u00bb, a d\u00e9nonc\u00e9 sur Twitter le chef de l&rsquo;administration pr\u00e9sidentielle ukrainienne, Andri\u00ef Iermak.<\/strong><\/p>\n\n\n\n<p><strong>Au moins huit personnes ont \u00e9t\u00e9 tu\u00e9es et six bless\u00e9es par une frappe a\u00e9rienne sur une zone r\u00e9sidentielle de la ville de Kharkiv, prise d&rsquo;assaut par les forces russes, selon le service ukrainien des situations d&rsquo;urgence.<\/strong><\/p>\n\n\n\n<p>\u00abHuit personnes sont mortes, six ont \u00e9t\u00e9 bless\u00e9es et 38 personnes ont \u00e9t\u00e9 secourues\u00bb\u00a0apr\u00e8s\u00a0\u00abune frappe a\u00e9rienne\u00bb, d\u00e9clare sur Facebook le service ukrainien des situations d&rsquo;urgence, publiant des photos de secouristes intervenant dans un immeuble endommag\u00e9.<\/p>\n\n\n\n<p>Plus de 500 soldats sont partis cet apr\u00e8s-midi de la base a\u00e9rienne d\u2019Istres, dans le sud de la France, \u00e0 destination de la Roumanie, afin de renforcer le dispositif de l\u2019Otan dans la r\u00e9gion, a-t-on appris aupr\u00e8s de l\u2019arm\u00e9e. Parmi les militaires fran\u00e7ais d\u00e9ploy\u00e9s, des fantassins, des chasseurs alpins, des tankistes et une compagnie de soldats belges.<\/p>\n\n\n\n<p>\u00ab&nbsp;Notre pr\u00e9sence doit rassurer nos alli\u00e9s sur place, c\u2019est le sens strat\u00e9gique de notre d\u00e9ploiement&nbsp;\u00bb, a assur\u00e9 le g\u00e9n\u00e9ral Paul Sanzey, commandant de la 27e brigade d\u2019infanterie de montagne (BIM). \u00ab&nbsp;On va dans une base de l\u2019Otan et donc on n\u2019a pas pour mission de mettre un pied en Ukraine. Pour l\u2019instant on ne va pas \u00eatre sur le front du tout. On fera notre mission de pr\u00e9sence&nbsp;\u00bb, a expliqu\u00e9 devant la presse le lieutenant Thomas.<\/p>\n\n\n\n<p>Ce d\u00e9ploiement de soldats fran\u00e7ais dans le cadre d\u2019op\u00e9rations de l\u2019Otan a \u00e9t\u00e9 annonc\u00e9 avant l\u2019invasion de l\u2019Ukraine par la Russie, d\u00e8s le 19 janvier, par Emmanuel Macron. Vendredi \u00e0 Bruxelles, le pr\u00e9sident fran\u00e7ais a annonc\u00e9 qu\u2019il allait l\u2019\u00ab\u00a0acc\u00e9l\u00e9rer\u00a0\u00bb. Il doit permettre de \u00ab\u00a0pr\u00e9disposer des forces aux fronti\u00e8res de l\u2019Otan: \u00e9videmment face \u00e0 l\u2019Est, et pour r\u00e9pondre \u00e0 la situation qui d\u2019une mani\u00e8re ou d\u2019une autre menace l\u2019Europe\u00a0\u00bb, a comment\u00e9 le capitaine Fr\u00e9d\u00e9ric. Interrog\u00e9 sur la mission des soldats en Roumanie, le g\u00e9n\u00e9ral Sanzey a r\u00e9pondu: \u00ab\u00a0j\u2019ai dit aux soldats avec une pointe de sourire qu\u2019on n\u2019est pas l\u00e0 pour distribuer des couvertures (&#8230;), on est plut\u00f4t l\u00e0 pour faire parler les armes si n\u00e9cessaire\u00a0<\/p>\n\n\n\n<p><strong>Le Premier ministre Jean Castex a d\u00e9nonc\u00e9 mardi un \u00ab&nbsp;acte de guerre&nbsp;\u00bb russe contre l\u2019Ukraine et une \u00ab&nbsp;agression cynique et pr\u00e9m\u00e9dit\u00e9e&nbsp;\u00bb que \u00ab&nbsp;la France condamne de la mani\u00e8re la plus absolue&nbsp;\u00bb, dans un discours devant le Parlement.<\/strong>&nbsp;\u00ab&nbsp;Nous faisons face \u00e0 une situation de guerre mais \u00e9galement \u00e0 un tournant dans l\u2019histoire de l\u2019Europe et de notre pays&nbsp;\u00bb, a estim\u00e9 le chef du gouvernement, en r\u00e9affirmant le soutien de la France \u00ab&nbsp;au peuple ukrainien qui vit des moments terribles&nbsp;\u00bb.<\/p>\n\n\n\n<p>\u00ab&nbsp;Vladimir Poutine a fait le choix de la guerre&nbsp;\u00bb, a encore martel\u00e9 Jean Castex devant un h\u00e9micycle quasiment complet, dans lequel les d\u00e9put\u00e9s de la majorit\u00e9 arboraient un ruban bleu et jaune, les couleurs du drapeau ukrainien. Les parlementaires se sont \u00e9galement lev\u00e9s pour applaudir longuement l\u2019ambassadeur d\u2019Ukraine en France, Vadym Omelchenko, pr\u00e9sent dans les tribunes, lors de cette allocution prononc\u00e9e dans le cadre de l\u2019article 50-1 de la Constitution qui pr\u00e9voit un d\u00e9bat sans vote.<\/p>\n\n\n\n<p>Selon le Premier ministre fran\u00e7ais, le pr\u00e9sident russe \u00ab&nbsp;a fait le choix de vouloir inverser le cours de l\u2019Histoire et revenir sur les acquis qui avaient suivi la fin de l\u2019Union sovi\u00e9tique&nbsp;\u00bb en cherchant \u00ab&nbsp;\u00e0 renverser le gouvernement l\u00e9gitime d\u2019un pays de 44 millions d\u2019habitants&nbsp;\u00bb, \u00ab&nbsp;premier acte de cette crise qui sera longue&nbsp;\u00bb. Il a rappel\u00e9 que la France \u00e9tait membre de l\u2019Otan et qu\u2019elle serait donc sans \u00ab&nbsp;aucun doute amen\u00e9e \u00e0 s\u2019engager militairement dans la protection de nos alli\u00e9s de l\u2019est de l\u2019Europe si le conflit devait conna\u00eetre d\u2019autres extensions au-del\u00e0 du territoire ukrainien dans les pays membres de l\u2019Alliance&nbsp;\u00bb atlantique.<\/p>\n\n\n\n<p>Jean Castex a encore annonc\u00e9 \u00ab&nbsp;un appui \u00e9conomique renforc\u00e9 portant sur 300 millions d\u2019euros d\u2019aide imm\u00e9diate&nbsp;\u00bb pour l\u2019Ukraine, ainsi que \u00ab&nbsp;des livraisons de carburant et de mat\u00e9riel militaire, y compris de l\u2019armement, en liaison avec nos partenaires europ\u00e9ens&nbsp;\u00bb pour les forces arm\u00e9es ukrainiennes. Il a affirm\u00e9 que \u00ab&nbsp;les avoirs et les ressources \u00e9conomiques d\u00e9tenues et contr\u00f4l\u00e9es par les personnes sur lesquelles s\u2019appuient le pouvoir de Vladimir Poutine ont \u00e9t\u00e9 gel\u00e9es&nbsp;\u00bb. Ces sanctions concernent \u00ab&nbsp;476 personnes \u00e0 ce jour&nbsp;\u00bb, dont Vladimir Poutine et le chef de la diplomatie russe Sergue\u00ef Lavrov. Face aux cons\u00e9quences \u00e9conomique de cette crise, Jean Castex a ajout\u00e9 que le gouvernement pr\u00e9parait \u00ab&nbsp;un plan de r\u00e9silience qui sera finalis\u00e9 dans les tout prochains jours&nbsp;\u00bb pour aider en particulier les fili\u00e8res industrielles et agricoles.<\/p>\n\n\n\n<p>\u00bb.<\/p>\n","protected":false},"excerpt":{"rendered":"<p>Cinq personnes ont \u00e9t\u00e9 tu\u00e9es et cinq bless\u00e9es dans une frappe russe mardi contre la tour de t\u00e9l\u00e9vision \u00e0 Kiev, a annonc\u00e9 le service d&rsquo;Etat ukrainien pour les Situations d&rsquo;urgence. \u00ab\u00a0Selon les donn\u00e9es pr\u00e9liminaires, cinq personnes ont \u00e9t\u00e9 tu\u00e9es et cinq autres bless\u00e9es\u00a0\u00bb dans cette attaque qui a aussi entra\u00een\u00e9 l&rsquo;interruption de la diffusion des [&hellip;]<\/p>\n","protected":false},"author":2,"featured_media":20567,"comment_status":"open","ping_status":"open","sticky":false,"template":"","format":"standard","meta":{"_jetpack_memberships_contains_paid_content":false,"footnotes":"","jetpack_publicize_message":"","jetpack_publicize_feature_enabled":true,"jetpack_social_post_already_shared":true,"jetpack_social_options":{"image_generator_settings":{"template":"highway","default_image_id":0,"font":"","enabled":false},"version":2},"_wpas_customize_per_network":false},"categories":[405],"tags":[],"class_list":["post-20566","post","type-post","status-publish","format-standard","has-post-thumbnail","hentry","category-actu-france-monde"],"jetpack_publicize_connections":[],"jetpack_featured_media_url":"https:\/\/i0.wp.com\/www.iceagetv.com\/radiosite\/wp-content\/uploads\/2022\/03\/Cinq-personnes-tuees-et-cinq-blessees-dans-une-frappe-russe-contre-la-tour-de-television-a-Kiev.jpg?fit=680%2C680&ssl=1","jetpack_sharing_enabled":true,"_links":{"self":[{"href":"https:\/\/www.iceagetv.com\/radiosite\/wp-json\/wp\/v2\/posts\/20566","targetHints":{"allow":["GET"]}}],"collection":[{"href":"https:\/\/www.iceagetv.com\/radiosite\/wp-json\/wp\/v2\/posts"}],"about":[{"href":"https:\/\/www.iceagetv.com\/radiosite\/wp-json\/wp\/v2\/types\/post"}],"author":[{"embeddable":true,"href":"https:\/\/www.iceagetv.com\/radiosite\/wp-json\/wp\/v2\/users\/2"}],"replies":[{"embeddable":true,"href":"https:\/\/www.iceagetv.com\/radiosite\/wp-json\/wp\/v2\/comments?post=20566"}],"version-history":[{"count":1,"href":"https:\/\/www.iceagetv.com\/radiosite\/wp-json\/wp\/v2\/posts\/20566\/revisions"}],"predecessor-version":[{"id":20568,"href":"https:\/\/www.iceagetv.com\/radiosite\/wp-json\/wp\/v2\/posts\/20566\/revisions\/20568"}],"wp:featuredmedia":[{"embeddable":true,"href":"https:\/\/www.iceagetv.com\/radiosite\/wp-json\/wp\/v2\/media\/20567"}],"wp:attachment":[{"href":"https:\/\/www.iceagetv.com\/radiosite\/wp-json\/wp\/v2\/media?parent=20566"}],"wp:term":[{"taxonomy":"category","embeddable":true,"href":"https:\/\/www.iceagetv.com\/radiosite\/wp-json\/wp\/v2\/categories?post=20566"},{"taxonomy":"post_tag","embeddable":true,"href":"https:\/\/www.iceagetv.com\/radiosite\/wp-json\/wp\/v2\/tags?post=20566"}],"curies":[{"name":"wp","href":"https:\/\/api.w.org\/{rel}","templated":true}]}}