{"id":20569,"date":"2022-03-01T19:36:09","date_gmt":"2022-03-01T19:36:09","guid":{"rendered":"http:\/\/www.iceagetv.com\/radiosite\/?p=20569"},"modified":"2022-03-01T19:36:09","modified_gmt":"2022-03-01T19:36:09","slug":"exclusion-des-delegations-russes-du-festival-de-cannes-on-a-voulu-marquer-notre-desapprobation-aussi-modeste-soit-elle-explique-thierry-fremaux","status":"publish","type":"post","link":"https:\/\/www.iceagetv.com\/radiosite\/exclusion-des-delegations-russes-du-festival-de-cannes-on-a-voulu-marquer-notre-desapprobation-aussi-modeste-soit-elle-explique-thierry-fremaux\/","title":{"rendered":"Exclusion des d\u00e9l\u00e9gations russes du Festival de Cannes : \u00ab\u00a0On a voulu marquer notre d\u00e9sapprobation, aussi modeste soit-elle\u00a0\u00bb explique Thierry Fr\u00e9maux"},"content":{"rendered":"\n<p><em>On a voulu marquer notre d\u00e9sapprobation, aussi modeste soit-elle\u00a0\u00bb,<\/em>\u00a0explique Thierry Fr\u00e9maux, d\u00e9l\u00e9gu\u00e9 g\u00e9n\u00e9ral du\u00a0<a rel=\"noreferrer noopener\" href=\"https:\/\/www.francetvinfo.fr\/culture\/cinema\/festival-de-cannes\/\" target=\"_blank\">Festival de Cannes<\/a>, mardi 1er mars sur franceinfo, alors que le festival de cin\u00e9ma a d\u00e9cid\u00e9\u00a0<a rel=\"noreferrer noopener\" href=\"https:\/\/www.francetvinfo.fr\/culture\/cinema\/festival-de-cannes\/guerre-en-ukraine-le-festival-de-cannes-prevoit-de-ne-pas-accueillir-de-delegations-russes_4988070.html\" target=\"_blank\">\u00ab\u00a0de ne pas accueillir\u00a0\u00bb<\/a>\u00a0de d\u00e9l\u00e9gations russes pour l&rsquo;\u00e9dition qui se tient du 17 au 28\u00a0mai.\u00a0<em>\u00ab\u00a0Sauf \u00e0 ce que la guerre d&rsquo;agression cesse\u00a0\u00bb<\/em>, a-t-il ajout\u00e9.<\/p>\n\n\n\n<p><strong>&nbsp;Pourquoi cette d\u00e9cision d&rsquo;interdire les d\u00e9l\u00e9gations russes&nbsp;?<\/strong><\/p>\n\n\n\n<p><strong>Thierry Fr\u00e9maux :&nbsp;<\/strong>C&rsquo;est une fa\u00e7on pour nous de protester contre ce qui se passe l\u00e0-bas. L&rsquo;Europe est en guerre. Dans le monde du sport et de la culture, des voix se font entendre, et il fallait faire entendre la n\u00f4tre. C&rsquo;est compliqu\u00e9 car Cannes est dans trois mois, on ne sait pas quelle sera la situation. C&rsquo;est compliqu\u00e9 aussi car on veut soutenir le peuple ukrainien et en m\u00eame temps, on veut aussi dire qu&rsquo;il y a des gens qui protestent contre cette guerre \u00e0 l&rsquo;int\u00e9rieur du territoire russe. Les cin\u00e9astes russes que nous avons l&rsquo;habitude d&rsquo;accueillir \u00e0 Cannes nous ont alert\u00e9 depuis des ann\u00e9es sur la situation faite au peuple russe par le gouvernement de Vladimir Poutine. On voulait soutenir les Ukrainiens. Cannes a l&rsquo;habitude d&rsquo;accueillir les cin\u00e9astes ukrainiens. Sergue\u00ef Loznitsa, qui \u00e9tait encore en s\u00e9lection officielle l&rsquo;an dernier, nous a dit que ces soutiens \u00e9taient pr\u00e9cieux. On a voulu marquer notre d\u00e9sapprobation, aussi modeste soit-elle.<\/p>\n\n\n\n<p><strong>C&rsquo;est rare que le Festival de Cannes fasse de la politique&nbsp;?<\/strong><\/p>\n\n\n\n<p>Oui et non. Le Festival fait souvent beaucoup de politique car les artistes en font, et qu&rsquo;on montre leurs films. Mais n&rsquo;oublions pas que Cannes est n\u00e9 en&nbsp;1939 en protestation contre la Mostra de Venise, aux mains de Goebbels et Mussolini, et que Jean Zay et Philippe Erlanger [cr\u00e9ateurs de Cannes] ont dit qu&rsquo;il fallait un festival du monde libre. Cannes a toujours \u00e9t\u00e9 empreint de cette id\u00e9e-l\u00e0. Lorsqu&rsquo;en&nbsp;1946 le Festival a repris, c&rsquo;\u00e9tait sur les ann\u00e9es d&rsquo;esp\u00e9rance, de l&rsquo;id\u00e9e qu&rsquo;il n&rsquo;y aurait plus jamais de guerre. On se sent donc compl\u00e8tement dans le fil de l&rsquo;histoire. Il n&rsquo;est pas question pour nous d&rsquo;accueillir des d\u00e9l\u00e9gations officielles du gouvernement russe.<\/p>\n\n\n\n<p><strong>Quel est l&rsquo;impact sur les films ou acteurs russes attendus&nbsp;?<\/strong><\/p>\n\n\n\n<p>C&rsquo;est beaucoup trop t\u00f4t pour le dire. La s\u00e9lection commence \u00e0 peine. On n\u2019a pas encore vu de film russe ni ukrainien. Ce n&rsquo;est pas cette question-l\u00e0 qui se pose. Souvenez-vous du film&nbsp;<em>L\u00e9viathan<\/em>&nbsp;d&rsquo;Andre\u00ef Zviaguintsev&nbsp;: nulle \u0153uvre que celle-l\u00e0 peut mieux dire ce qu&rsquo;est devenu la Russie sous le gouvernement de Vladimir Poutine r\u00e9cemment. On a aussi des cin\u00e9astes comme Alexandre Sokourov qui ont pu montrer au d\u00e9but, \u00e0 l&rsquo;arriv\u00e9e de Poutine, leur soutien \u00e0 ce gouvernement, et qui depuis ont chang\u00e9 d&rsquo;avis. Il ne faut pas sous-estimer l&rsquo;ampleur de la protestation, parce qu&rsquo;elle est sourde et qu&rsquo;il y a de la r\u00e9pression. On veut aussi \u00eatre aux c\u00f4t\u00e9s de ces cin\u00e9astes.<\/p>\n\n\n\n<p><strong>Y aura-t-il un boycott des films russes&nbsp;?<\/strong><\/p>\n\n\n\n<p>Je dis attention. Les films russes que nous montrons sont anti-Poutine. Les cin\u00e9astes, quand ils prennent la cam\u00e9ra, c&rsquo;est souvent pour dire des v\u00e9rit\u00e9s que le peuple russe ne connait pas, en raison de la manipulation de l&rsquo;opinion.<\/p>\n","protected":false},"excerpt":{"rendered":"<p>On a voulu marquer notre d\u00e9sapprobation, aussi modeste soit-elle\u00a0\u00bb,\u00a0explique Thierry Fr\u00e9maux, d\u00e9l\u00e9gu\u00e9 g\u00e9n\u00e9ral du\u00a0Festival de Cannes, mardi 1er mars sur franceinfo, alors que le festival de cin\u00e9ma a d\u00e9cid\u00e9\u00a0\u00ab\u00a0de ne pas accueillir\u00a0\u00bb\u00a0de d\u00e9l\u00e9gations russes pour l&rsquo;\u00e9dition qui se tient du 17 au 28\u00a0mai.\u00a0\u00ab\u00a0Sauf \u00e0 ce que la guerre d&rsquo;agression cesse\u00a0\u00bb, a-t-il ajout\u00e9. &nbsp;Pourquoi cette d\u00e9cision [&hellip;]<\/p>\n","protected":false},"author":2,"featured_media":20570,"comment_status":"open","ping_status":"open","sticky":false,"template":"","format":"standard","meta":{"_jetpack_memberships_contains_paid_content":false,"footnotes":"","jetpack_publicize_message":"","jetpack_publicize_feature_enabled":true,"jetpack_social_post_already_shared":true,"jetpack_social_options":{"image_generator_settings":{"template":"highway","default_image_id":0,"font":"","enabled":false},"version":2},"_wpas_customize_per_network":false},"categories":[68],"tags":[],"class_list":["post-20569","post","type-post","status-publish","format-standard","has-post-thumbnail","hentry","category-actu-culturelle"],"jetpack_publicize_connections":[],"jetpack_featured_media_url":"https:\/\/i0.wp.com\/www.iceagetv.com\/radiosite\/wp-content\/uploads\/2022\/03\/Exclusion-des-delegations-russes-du-Festival-de-Cannes.png?fit=660%2C470&ssl=1","jetpack_sharing_enabled":true,"_links":{"self":[{"href":"https:\/\/www.iceagetv.com\/radiosite\/wp-json\/wp\/v2\/posts\/20569","targetHints":{"allow":["GET"]}}],"collection":[{"href":"https:\/\/www.iceagetv.com\/radiosite\/wp-json\/wp\/v2\/posts"}],"about":[{"href":"https:\/\/www.iceagetv.com\/radiosite\/wp-json\/wp\/v2\/types\/post"}],"author":[{"embeddable":true,"href":"https:\/\/www.iceagetv.com\/radiosite\/wp-json\/wp\/v2\/users\/2"}],"replies":[{"embeddable":true,"href":"https:\/\/www.iceagetv.com\/radiosite\/wp-json\/wp\/v2\/comments?post=20569"}],"version-history":[{"count":1,"href":"https:\/\/www.iceagetv.com\/radiosite\/wp-json\/wp\/v2\/posts\/20569\/revisions"}],"predecessor-version":[{"id":20571,"href":"https:\/\/www.iceagetv.com\/radiosite\/wp-json\/wp\/v2\/posts\/20569\/revisions\/20571"}],"wp:featuredmedia":[{"embeddable":true,"href":"https:\/\/www.iceagetv.com\/radiosite\/wp-json\/wp\/v2\/media\/20570"}],"wp:attachment":[{"href":"https:\/\/www.iceagetv.com\/radiosite\/wp-json\/wp\/v2\/media?parent=20569"}],"wp:term":[{"taxonomy":"category","embeddable":true,"href":"https:\/\/www.iceagetv.com\/radiosite\/wp-json\/wp\/v2\/categories?post=20569"},{"taxonomy":"post_tag","embeddable":true,"href":"https:\/\/www.iceagetv.com\/radiosite\/wp-json\/wp\/v2\/tags?post=20569"}],"curies":[{"name":"wp","href":"https:\/\/api.w.org\/{rel}","templated":true}]}}