{"id":20579,"date":"2022-03-02T15:47:18","date_gmt":"2022-03-02T15:47:18","guid":{"rendered":"http:\/\/www.iceagetv.com\/radiosite\/?p=20579"},"modified":"2022-03-02T15:47:18","modified_gmt":"2022-03-02T15:47:18","slug":"annonce-mort-par-plusieurs-medias-yvan-colonna-a-ete-agresse-en-prison-par-un-detenu-radicalise-de-36-ans-il-est-lassassin-du-prefet-erignac-en-corse-en-1998","status":"publish","type":"post","link":"https:\/\/www.iceagetv.com\/radiosite\/annonce-mort-par-plusieurs-medias-yvan-colonna-a-ete-agresse-en-prison-par-un-detenu-radicalise-de-36-ans-il-est-lassassin-du-prefet-erignac-en-corse-en-1998\/","title":{"rendered":"Annonc\u00e9 mort par plusieurs m\u00e9dias, Yvan Colonna a \u00e9t\u00e9 agress\u00e9 en prison par un d\u00e9tenu radicalis\u00e9 de 36 ans &#8211; Il est l&rsquo;assassin du pr\u00e9fet Erignac en Corse en 1998"},"content":{"rendered":"\n<p>Sur son compte Twitter, son avocat, Sylvain Cormier, a tenu \u00e0 d\u00e9mentir les informations de plusieurs m\u00e9dias concernant son client. \u00ab\u00a0Je lis qu&rsquo;Yvan Colonna serait d\u00e9c\u00e9d\u00e9. A l&rsquo;heure actuelle, nous pouvons seulement vous confirmer, apr\u00e8s avoir eu l&rsquo;h\u00f4pital, qu&rsquo;il est dans un \u00e9tat critique mais vivant\u00a0\u00bb, a-t-il d\u00e9clar\u00e9.<strong>Agress\u00e9 par un cod\u00e9tenu, Yvan Colonna, condamn\u00e9 pour l&rsquo;assassinat du pr\u00e9fet Erignac, est d\u00e9c\u00e9d\u00e9 des suites de ses blessures, selon\u00a0<a rel=\"noreferrer noopener\" href=\"https:\/\/www.leparisien.fr\/faits-divers\/yvan-colonna-hospitalise-dans-un-etat-grave-apres-avoir-ete-agresse-par-un-codetenu-02-03-2022-557XPBWECZCKPDF4JOIDPQTQYM.php\" target=\"_blank\">Le Parisien<\/a>.\u00a0<\/strong>Il avait \u00e9t\u00e9 transf\u00e9r\u00e9 \u00e0 l\u2019h\u00f4pital apr\u00e8s avoir \u00e9t\u00e9 gri\u00e8vement bless\u00e9. Le d\u00e9tenu avait \u00e9t\u00e9 pass\u00e9 \u00e0 tabac par un autre d\u00e9tenu. Les faits se sont d\u00e9roul\u00e9s dans la cour de promenade, lorsqu\u2019un d\u00e9tenu, pour des raisons qui ne sont pas encore connues, a violemment agress\u00e9 \u00e0 mains nues Yvan Colonna.Aujourd\u2019hui \u00e2g\u00e9 de 61 ans, le militant ind\u00e9pendantiste corse avait \u00e9t\u00e9 interpell\u00e9 en juillet 2003 pour l\u2019assassinat du pr\u00e9fet Erignac en f\u00e9vrier 1998 \u00e0 Ajaccio, apr\u00e8s quatre ans de cavale dans le maquis. Il a toujours ni\u00e9 les faits. Condamn\u00e9 \u00e0 la r\u00e9clusion criminelle \u00e0 perp\u00e9tuit\u00e9 en 2007 puis \u00e0 la perp\u00e9tuit\u00e9 assortie d\u2019une peine de s\u00fbret\u00e9 de 22 ans en appel en 2009, il a \u00e9t\u00e9 condamn\u00e9 une troisi\u00e8me fois \u00e0 la perp\u00e9tuit\u00e9 (sans p\u00e9riode de s\u00fbret\u00e9) en 2011 apr\u00e8s l\u2019annulation par la Cour de cassation du verdict d\u2019appel pour vice de forme. Emprisonn\u00e9 \u00e0 Arles, Yvan Colonna a fait plusieurs demandes de rapprochement en Corse, toutes refus\u00e9es. Vingt ans apr\u00e8s les faits, trois hommes sont toujours emprisonn\u00e9s pour l\u2019assassinat de Claude Erignac.<strong>Yvan Colonna, condamn\u00e9 \u00e0 la r\u00e9clusion \u00e0 perp\u00e9tuit\u00e9 pour l\u2019assassinat du pr\u00e9fet Claude Erignac, a \u00e9t\u00e9 gri\u00e8vement bless\u00e9 mercredi par un d\u00e9tenu de la prison d\u2019Arles et son pronostic vital est engag\u00e9, a-t-on appris de source polici\u00e8re confirmant une information de BFMTV.<\/strong>\u00a0Les faits se sont d\u00e9roul\u00e9s dans la cour de promenade, lorsqu\u2019un d\u00e9tenu, pour des raisons qui ne sont pas encore connues, a violemment agress\u00e9 \u00e0 mains nues Yvan Colonna, a-t-on pr\u00e9cis\u00e9 de m\u00eame source. \u00ab\u00a0Son \u00e9tat est tr\u00e8s pr\u00e9occupant\u00a0\u00bb, a comment\u00e9 aupr\u00e8s de l\u2019AFP une source proche du dossier. Selon une source proche de l\u2019enqu\u00eate, Yvan Colonna a \u00e9t\u00e9 agress\u00e9 \u00ab\u00a0dans le gymnase\u00a0\u00bb de la maison d\u2019arr\u00eat d\u2019Arles et transport\u00e9 \u00e0 l\u2019h\u00f4pital de la ville. La policie judiciaire a \u00e9t\u00e9 saisie de l\u2019enqu\u00eate pour tentative d\u2019assassinat, a pr\u00e9cis\u00e9 la m\u00eame source.<\/p>\n","protected":false},"excerpt":{"rendered":"<p>Sur son compte Twitter, son avocat, Sylvain Cormier, a tenu \u00e0 d\u00e9mentir les informations de plusieurs m\u00e9dias concernant son client. \u00ab\u00a0Je lis qu&rsquo;Yvan Colonna serait d\u00e9c\u00e9d\u00e9. A l&rsquo;heure actuelle, nous pouvons seulement vous confirmer, apr\u00e8s avoir eu l&rsquo;h\u00f4pital, qu&rsquo;il est dans un \u00e9tat critique mais vivant\u00a0\u00bb, a-t-il d\u00e9clar\u00e9.Agress\u00e9 par un cod\u00e9tenu, Yvan Colonna, condamn\u00e9 pour [&hellip;]<\/p>\n","protected":false},"author":2,"featured_media":20580,"comment_status":"open","ping_status":"open","sticky":false,"template":"","format":"standard","meta":{"_jetpack_memberships_contains_paid_content":false,"footnotes":"","jetpack_publicize_message":"","jetpack_publicize_feature_enabled":true,"jetpack_social_post_already_shared":true,"jetpack_social_options":{"image_generator_settings":{"template":"highway","default_image_id":0,"font":"","enabled":false},"version":2},"_wpas_customize_per_network":false},"categories":[405],"tags":[],"class_list":["post-20579","post","type-post","status-publish","format-standard","has-post-thumbnail","hentry","category-actu-france-monde"],"jetpack_publicize_connections":[],"jetpack_featured_media_url":"https:\/\/i0.wp.com\/www.iceagetv.com\/radiosite\/wp-content\/uploads\/2022\/03\/Annonce-mort-par-plusieurs-medias-Yvan-Colonna-a-ete-agresse-en-prison-par-un-detenu-radicalise-de-36-ans.jpg?fit=920%2C397&ssl=1","jetpack_sharing_enabled":true,"_links":{"self":[{"href":"https:\/\/www.iceagetv.com\/radiosite\/wp-json\/wp\/v2\/posts\/20579","targetHints":{"allow":["GET"]}}],"collection":[{"href":"https:\/\/www.iceagetv.com\/radiosite\/wp-json\/wp\/v2\/posts"}],"about":[{"href":"https:\/\/www.iceagetv.com\/radiosite\/wp-json\/wp\/v2\/types\/post"}],"author":[{"embeddable":true,"href":"https:\/\/www.iceagetv.com\/radiosite\/wp-json\/wp\/v2\/users\/2"}],"replies":[{"embeddable":true,"href":"https:\/\/www.iceagetv.com\/radiosite\/wp-json\/wp\/v2\/comments?post=20579"}],"version-history":[{"count":1,"href":"https:\/\/www.iceagetv.com\/radiosite\/wp-json\/wp\/v2\/posts\/20579\/revisions"}],"predecessor-version":[{"id":20581,"href":"https:\/\/www.iceagetv.com\/radiosite\/wp-json\/wp\/v2\/posts\/20579\/revisions\/20581"}],"wp:featuredmedia":[{"embeddable":true,"href":"https:\/\/www.iceagetv.com\/radiosite\/wp-json\/wp\/v2\/media\/20580"}],"wp:attachment":[{"href":"https:\/\/www.iceagetv.com\/radiosite\/wp-json\/wp\/v2\/media?parent=20579"}],"wp:term":[{"taxonomy":"category","embeddable":true,"href":"https:\/\/www.iceagetv.com\/radiosite\/wp-json\/wp\/v2\/categories?post=20579"},{"taxonomy":"post_tag","embeddable":true,"href":"https:\/\/www.iceagetv.com\/radiosite\/wp-json\/wp\/v2\/tags?post=20579"}],"curies":[{"name":"wp","href":"https:\/\/api.w.org\/{rel}","templated":true}]}}