{"id":20582,"date":"2022-03-02T16:44:24","date_gmt":"2022-03-02T16:44:24","guid":{"rendered":"http:\/\/www.iceagetv.com\/radiosite\/?p=20582"},"modified":"2022-03-02T16:44:24","modified_gmt":"2022-03-02T16:44:24","slug":"le-journaliste-jean-pierre-pernaut-ex-presentateur-du-jt-de-13h-de-tf1-durant-plus-dune-trentaine-dannees-est-decede-a-lage-de-71-ans","status":"publish","type":"post","link":"https:\/\/www.iceagetv.com\/radiosite\/le-journaliste-jean-pierre-pernaut-ex-presentateur-du-jt-de-13h-de-tf1-durant-plus-dune-trentaine-dannees-est-decede-a-lage-de-71-ans\/","title":{"rendered":"Le journaliste Jean-Pierre Pernaut, ex-pr\u00e9sentateur du JT de 13h de TF1 durant plus d\u2019une trentaine d\u2019ann\u00e9es, est d\u00e9c\u00e9d\u00e9 \u00e0 l&rsquo;\u00e2ge de 71 ans"},"content":{"rendered":"\n<p>Le journaliste Jean-Pierre Pernaut, ex-pr\u00e9sentateur du JT de 13h de TF1, est d\u00e9c\u00e9d\u00e9 \u00e0 l&rsquo;\u00e2ge de 71 ans. En novembre 2021, Jean-Pierre Pernaut annon\u00e7ait sur son compte Twitter avoir un cancer du poumon, quelques ann\u00e9es apr\u00e8s s&rsquo;\u00eatre battu contre un cancer de la prostate. \u00ab\u00a0J&rsquo;ai appris cette maladie au mois de mai dernier. J&rsquo;ai subi une premi\u00e8re op\u00e9ration d\u00e9but juillet, un traitement qui continue depuis quelques semaines\u00a0\u00bb, expliquait-il \u00e0 l&rsquo;\u00e9poque.<\/p>\n\n\n\n<p>Durant trente-deux ans, Jean-Pierre Pernaut s&rsquo;est invit\u00e9 au d\u00e9jeuner de millions de Fran\u00e7ais pour \u00e9voquer l&rsquo;actualit\u00e9 du jour et leur proposer des reportages sur les r\u00e9gions fran\u00e7aises. Le 15 septembre 2020, le journaliste annon\u00e7ait, \u00e0 la surprise g\u00e9n\u00e9rale, qu&rsquo;il avait d\u00e9cid\u00e9 de laisser son si\u00e8ge \u00e0 la fin de l&rsquo;ann\u00e9e.<em>close<\/em><em>volume_off<\/em><\/p>\n\n\n\n<p>Le 18 d\u00e9cembre 2020, Jean-Pierre Pernaut disait son dernier \u00ab\u00a0Madame, monsieur bonjour\u00a0\u00bb dans le JT de 13h. Une \u00e9dition forte en \u00e9motion pour le journaliste et les t\u00e9l\u00e9spectateurs qui \u00e9taient 8,1 millions (59,5%) \u00e0 la suivre en direct. Depuis janvier 2021, Marie-Sophie Lacarrau informe les t\u00e9l\u00e9spectateurs de TF1 \u00e0 13h.<\/p>\n\n\n\n<p><strong>Biographie<\/strong><\/p>\n\n\n\n<p>Fils d&rsquo;un ing\u00e9nieur et d&rsquo;une pharmacienne, Jean-Pierre Pernaut est n\u00e9 le 8 avril 1950 \u00e0 Amiens (Somme). Le jeune Jean-Pierre passe son enfance \u00e0 Quevauvillers, une ville situ\u00e9e \u00e0 proximit\u00e9 d&rsquo;Amiens. Apr\u00e8s un stage de troisi\u00e8me effectu\u00e9 au quotidien r\u00e9gional \u00ab\u00a0Le Courrier Picard\u00a0\u00bb, Jean-Pierre Pernaut a une id\u00e9e en t\u00eate : devenir journaliste.<\/p>\n\n\n\n<p>Dipl\u00f4m\u00e9 de l&rsquo;Ecole Sup\u00e9rieure de Journaliste (ESJ) de Lille en 1975, il fait son premier stage de journaliste au sein de la r\u00e9daction du \u00ab\u00a0Courrier Picard\u00a0\u00bb avant d&rsquo;int\u00e9grer l&rsquo;ORTF. Apr\u00e8s l&rsquo;\u00e9clatement de l&rsquo;ORTF en d\u00e9cembre 1974, il est contact\u00e9 par Christian Bernadac qui lui propose la pr\u00e9sentation du Journal de 23h sur la nouvelle cha\u00eene, TF1. De 1978 \u00e0 1980, Jean-Pierre Pernaut co-pr\u00e9sente le journal de 13h avec Yves Mourousi. En 1988, le patron de la cha\u00eene Patrick Le Lay lui propose de prendre les commandes de l&rsquo;\u00e9dition de la mi-journ\u00e9e pour succ\u00e9der au duo Yves Mourousi\/Marie-Laure Augry. Il accepte et occupera ce poste du 22 f\u00e9vrier 1988 au 18 d\u00e9cembre 2020.<\/p>\n\n\n\n<p>Mini-s\u00e9isme dans le PAF le 15 septembre 2020 : le v\u00e9t\u00e9ran de l&rsquo;info sur TF1 Jean-Pierre Pernaut annonce sa d\u00e9cision de c\u00e9der d&rsquo;ici \u00e0 la fin de l&rsquo;ann\u00e9e les r\u00eanes du 13H00 de la cha\u00eene, qu&rsquo;il pr\u00e9sente depuis pr\u00e8s d&rsquo;un tiers de si\u00e8cle, pr\u00e9f\u00e9rant se retirer avec des audiences et une cote de popularit\u00e9 au sommet. \u00ab\u00a0Je sais que ma d\u00e9cision va surprendre pas mal d&rsquo;entre vous, je l&rsquo;ai m\u00fbrement r\u00e9fl\u00e9chie\u00a0\u00bb, a d\u00e9clar\u00e9 \u00ab\u00a0JPP\u00a0\u00bb, comme ses fans le surnomment, dans une vid\u00e9o publi\u00e9e sur Twitter. \u00ab\u00a0Les audiences du journal sont toujours aussi formidables, c&rsquo;est un rendez-vous unique qu&rsquo;on a depuis 33 ans mais j&rsquo;ai d\u00e9cid\u00e9 de changer de rythme et de transmettre le flambeau du journal \u00e0 la fin de l&rsquo;ann\u00e9e (&#8230;). Pour autant je ne quitte ni ce m\u00e9tier ni le groupe TF1\u00a0\u00bb, ajoutait-t-il.<\/p>\n\n\n\n<p>Le 18 d\u00e9cembre 2020, Jean-Pierre Pernaut disait son dernier \u00ab\u00a0Madame, monsieur bonjour\u00a0\u00bb dans le JT de 13h. Une \u00e9dition forte en \u00e9motion pour le journaliste et les t\u00e9l\u00e9spectateurs qui \u00e9taient 8,1 millions (59,5%) \u00e0 la suivre en direct. En janvier 2021, ils ont retrouv\u00e9 \u00e0 sa place Marie-Sophie Lacarrau et \u00ab\u00a0JPP\u00a0\u00bb sur LCI avec une \u00e9mission hebdomadaire.&nbsp;<\/p>\n\n\n\n<p>En novembre 2021, Jean-Pierre Pernaut annon\u00e7ait sur son compte Twitter \u00eatre atteint d&rsquo;un cancer du poumon, pr\u00e9cisant aussit\u00f4t que \u00ab\u00a0tout (allait) bien pour l&rsquo;instant\u00a0\u00bb. \u00ab\u00a0J&rsquo;ai appris cette maladie au mois de mai dernier. J&rsquo;ai subi une premi\u00e8re op\u00e9ration d\u00e9but juillet, un traitement qui continue depuis quelques semaines\u00a0\u00bb, a-t-il expliqu\u00e9 dans une vid\u00e9o.<\/p>\n\n\n\n<p>Le pr\u00e9sentateur du 13h a plus d&rsquo;une corde \u00e0 son arc. En 1991, il cr\u00e9e l&rsquo;\u00e9mission \u00ab\u00a0Combien \u00e7a co\u00fbte\u00a0\u00bb, un programme consacr\u00e9 \u00e0 l&rsquo;argent et aux gaspillages \u00e9conomiques, qui reste \u00e0 l&rsquo;antenne jusqu&rsquo;au 30 mai 2010. En dehors de l&rsquo;information, le journaliste, passionn\u00e9 de vitesse, participe r\u00e9guli\u00e8rement \u00e0 des comp\u00e9titions automobiles dont le Troph\u00e9e Andros. Au th\u00e9\u00e2tre, il est co-sc\u00e9nariste avec sa femme de la pi\u00e8ce \u00ab\u00a0Pi\u00e8ge \u00e0 Matignon\u00a0\u00bb, jou\u00e9e \u00e0 Paris en f\u00e9vrier 2012, qui se joue d\u00e9sormais sur les sc\u00e8nes en province.<\/p>\n\n\n\n<p>Jean-Pierre Pernaut a \u00e9t\u00e9 cinq fois r\u00e9compens\u00e9 par un Sept d&rsquo;Or pour sa pr\u00e9sentation du journal de 13h puis a \u00e9galement re\u00e7u en 1999, le prix Roland Dorgel\u00e8s qui honore les professionnels de l&rsquo;audiovisuel qui respectent le mieux la langue fran\u00e7aise.<\/p>\n\n\n\n<p>Jean-Pierre Pernaut a \u00e9pous\u00e9 Nathalie Marquay, Miss France 1987, \u00e0 la mairie de Louveciennes, le 23 juin 2007. Ensemble, ils ont eu deux enfants : Lou (n\u00e9e en 2002) et Tom (n\u00e9 en 2003). Le journaliste a \u00e9galement deux autres enfants, n\u00e9s d&rsquo;un premier mariage : Julia, n\u00e9e en 1978, et Olivier, n\u00e9 en 1981.<\/p>\n","protected":false},"excerpt":{"rendered":"<p>Le journaliste Jean-Pierre Pernaut, ex-pr\u00e9sentateur du JT de 13h de TF1, est d\u00e9c\u00e9d\u00e9 \u00e0 l&rsquo;\u00e2ge de 71 ans. En novembre 2021, Jean-Pierre Pernaut annon\u00e7ait sur son compte Twitter avoir un cancer du poumon, quelques ann\u00e9es apr\u00e8s s&rsquo;\u00eatre battu contre un cancer de la prostate. \u00ab\u00a0J&rsquo;ai appris cette maladie au mois de mai dernier. J&rsquo;ai subi [&hellip;]<\/p>\n","protected":false},"author":2,"featured_media":20583,"comment_status":"open","ping_status":"open","sticky":false,"template":"","format":"standard","meta":{"_jetpack_memberships_contains_paid_content":false,"footnotes":"","jetpack_publicize_message":"","jetpack_publicize_feature_enabled":true,"jetpack_social_post_already_shared":true,"jetpack_social_options":{"image_generator_settings":{"template":"highway","default_image_id":0,"font":"","enabled":false},"version":2},"_wpas_customize_per_network":false},"categories":[68],"tags":[],"class_list":["post-20582","post","type-post","status-publish","format-standard","has-post-thumbnail","hentry","category-actu-culturelle"],"jetpack_publicize_connections":[],"jetpack_featured_media_url":"https:\/\/i0.wp.com\/www.iceagetv.com\/radiosite\/wp-content\/uploads\/2022\/03\/Le-journaliste-Jean-Pierre-Pernaut.jpg?fit=920%2C397&ssl=1","jetpack_sharing_enabled":true,"_links":{"self":[{"href":"https:\/\/www.iceagetv.com\/radiosite\/wp-json\/wp\/v2\/posts\/20582","targetHints":{"allow":["GET"]}}],"collection":[{"href":"https:\/\/www.iceagetv.com\/radiosite\/wp-json\/wp\/v2\/posts"}],"about":[{"href":"https:\/\/www.iceagetv.com\/radiosite\/wp-json\/wp\/v2\/types\/post"}],"author":[{"embeddable":true,"href":"https:\/\/www.iceagetv.com\/radiosite\/wp-json\/wp\/v2\/users\/2"}],"replies":[{"embeddable":true,"href":"https:\/\/www.iceagetv.com\/radiosite\/wp-json\/wp\/v2\/comments?post=20582"}],"version-history":[{"count":1,"href":"https:\/\/www.iceagetv.com\/radiosite\/wp-json\/wp\/v2\/posts\/20582\/revisions"}],"predecessor-version":[{"id":20584,"href":"https:\/\/www.iceagetv.com\/radiosite\/wp-json\/wp\/v2\/posts\/20582\/revisions\/20584"}],"wp:featuredmedia":[{"embeddable":true,"href":"https:\/\/www.iceagetv.com\/radiosite\/wp-json\/wp\/v2\/media\/20583"}],"wp:attachment":[{"href":"https:\/\/www.iceagetv.com\/radiosite\/wp-json\/wp\/v2\/media?parent=20582"}],"wp:term":[{"taxonomy":"category","embeddable":true,"href":"https:\/\/www.iceagetv.com\/radiosite\/wp-json\/wp\/v2\/categories?post=20582"},{"taxonomy":"post_tag","embeddable":true,"href":"https:\/\/www.iceagetv.com\/radiosite\/wp-json\/wp\/v2\/tags?post=20582"}],"curies":[{"name":"wp","href":"https:\/\/api.w.org\/{rel}","templated":true}]}}