{"id":20597,"date":"2022-03-03T16:23:23","date_gmt":"2022-03-03T16:23:23","guid":{"rendered":"http:\/\/www.iceagetv.com\/radiosite\/?p=20597"},"modified":"2022-03-03T16:23:23","modified_gmt":"2022-03-03T16:23:23","slug":"covid-19-jean-castex-annonce-la-fin-du-port-du-masque-obligatoire-dans-la-quasi-totalite-des-lieux-et-la-suspension-du-pass-vaccinal-a-partir-du-14-mars","status":"publish","type":"post","link":"https:\/\/www.iceagetv.com\/radiosite\/covid-19-jean-castex-annonce-la-fin-du-port-du-masque-obligatoire-dans-la-quasi-totalite-des-lieux-et-la-suspension-du-pass-vaccinal-a-partir-du-14-mars\/","title":{"rendered":"Covid-19 : Jean Castex annonce la fin du port du masque obligatoire dans la quasi-totalit\u00e9 des lieux et la \u00ab\u00a0suspension\u00a0\u00bb du pass vaccinal \u00e0 partir du 14 mars"},"content":{"rendered":"\n<p><a href=\"https:\/\/www.francetvinfo.fr\/sante\/maladie\/coronavirus\/pass-vaccinal\/restrictions-sanitaires-concerts-masques-pass-on-fait-le-point-sur-le-calendrier-de-levee-des-mesures-contre-le-covid-19_4962291.html\" target=\"_blank\" rel=\"noreferrer noopener\">Les restrictions s&rsquo;all\u00e8gent<\/a>.&nbsp;<em>\u00ab\u00a0La situation s&rsquo;am\u00e9liore gr\u00e2ce \u00e0 nos efforts collectifs et les conditions sont r\u00e9unies pour une nouvelle phase d&rsquo;all\u00e8gement des mesures\u00a0\u00bb<\/em>, a&nbsp;d\u00e9clar\u00e9&nbsp;Jean Castex, jeudi 3&nbsp;mars&nbsp;lors du \u00ab\u00a013 Heures\u00a0\u00bb de TF1. En cons\u00e9quence, le Premier ministre a annonc\u00e9 la fin du&nbsp;<a href=\"https:\/\/www.francetvinfo.fr\/sante\/maladie\/coronavirus\/covid-19-le-pass-vaccinal-n-a-pas-pleinement-rempli-ses-objectifs-selon-un-rapport-du-senat_4979355.html\" target=\"_blank\" rel=\"noreferrer noopener\">pass vaccinal<\/a>&nbsp;<em>\u00ab\u00a0partout o\u00f9 il s&rsquo;applique\u00a0\u00bb,<\/em>&nbsp;\u00e0 partir du 14 mars<em>.&nbsp;<\/em>Cette date marquera \u00e9galement la fin du port du masque obligatoire&nbsp;<em>\u00ab\u00a0dans tous les lieux o\u00f9 il est encore en vigueur\u00a0\u00bb<\/em>, \u00e0 l&rsquo;exception des transports collectifs,&nbsp;<em>\u00ab\u00a0compte tenu de la promiscuit\u00e9\u00a0\u00bb.<\/em>&nbsp;Dans les \u00e9tablissements m\u00e9dicaux,&nbsp;<em>\u00ab\u00a0le pass sanitaire reste en vigueur, de m\u00eame que l&rsquo;obligation vaccinale\u00a0\u00bb,&nbsp;<\/em>a pr\u00e9cis\u00e9 Jean Castex. Suivez notre direct.&nbsp;<\/p>\n\n\n\n<p><strong>&nbsp;La<\/strong><strong>&nbsp;Polyn\u00e9sie l\u00e8ve l&rsquo;obligation vaccinale.&nbsp;<\/strong>Le pr\u00e9sident de la Polyn\u00e9sie fran\u00e7aise, Edouard Fritch, a annonc\u00e9 la fin de l&rsquo;obligation vaccinale contre le Covid dans cette collectivit\u00e9 ultramarine o\u00f9 pr\u00e8s de 80% des plus de 12&nbsp;ans sont vaccin\u00e9s, lors d&rsquo;une allocution mercredi \u00e0 Papeete.&nbsp;Depuis le 23 d\u00e9cembre, toutes les personnes qui travaillaient au contact du public avaient l&rsquo;obligation d&rsquo;\u00eatre vaccin\u00e9es contre le Covid-19, sous peine d&rsquo;amende.<\/p>\n\n\n\n<p><strong>&nbsp;Fin de l&rsquo;\u00e9tat d&rsquo;urgence en Guyane et \u00e0 Mayotte<\/strong>.&nbsp;Le gouvernement fran\u00e7ais a d\u00e9cr\u00e9t\u00e9 mercredi la&nbsp;<a href=\"https:\/\/la1ere.francetvinfo.fr\/covid-19-fin-de-l-etat-d-urgence-sanitaire-en-guyane-et-a-mayotte-1244407.html\" target=\"_blank\" rel=\"noreferrer noopener\">fin de l&rsquo;\u00e9tat d&rsquo;urgence sanitaire<\/a>&nbsp;en Guyane et \u00e0 Mayotte en raison de&nbsp;<em>\u00ab\u00a0l&rsquo;am\u00e9lioration de la situation \u00e9pid\u00e9miologique\u00a0\u00bb<\/em>&nbsp;ces derni\u00e8res semaines.<\/p>\n\n\n\n<p><strong>&nbsp;L&rsquo;OMS recommande la pilule de Merck sous conditions.&nbsp;<\/strong>L&rsquo;Organisation mondiale de la sant\u00e9 (OMS)&nbsp;<a href=\"https:\/\/www.francetvinfo.fr\/sante\/maladie\/coronavirus\/covid-19-l-oms-recommande-le-molnupiravir-la-pilule-antivirale-du-laboratoire-merck-a-certains-patients-a-risque_4990496.html\" target=\"_blank\" rel=\"noreferrer noopener\">recommande la pilule anti-Covid de l&rsquo;Am\u00e9ricain Merck (MSD)<\/a>&nbsp;pour les patients atteints d&rsquo;un Covid-19 encore l\u00e9ger mais qui pr\u00e9sentent un risque \u00e9lev\u00e9 d&rsquo;hospitalisation, notamment les personnes \u00e2g\u00e9es.&nbsp;Ce traitement, nomm\u00e9 molnupiravir, est un antiviral qui doit \u00eatre administr\u00e9 rapidement apr\u00e8s l&rsquo;apparition des sympt\u00f4mes.&nbsp;<\/p>\n\n\n\n<p><strong>&nbsp;Impact important sur la sant\u00e9 mentale.&nbsp;<\/strong>Mal-\u00eatre, fatigue&#8230; La sant\u00e9 mentale est une des grandes victimes de la pand\u00e9mie de Covid, avec un bond de plus de 25% des cas d&rsquo;anxi\u00e9t\u00e9 et de d\u00e9pression dans le monde,&nbsp;<a href=\"https:\/\/www.francetvinfo.fr\/sante\/maladie\/coronavirus\/la-sante-mentale-en-grande-souffrance-face-au-covid-19-selon-l-oms_4989506.html\" target=\"_blank\" rel=\"noreferrer noopener\">a affirm\u00e9 l&rsquo;OMS mercredi<\/a>.&nbsp;Dans un nouveau m\u00e9moire sur le sujet, l&rsquo;Organisation mondiale de la sant\u00e9 montre qu&rsquo;en 2020, les cas de troubles d\u00e9pressifs majeurs et de troubles anxieux ont augment\u00e9 respectivement de 27,6% et 25,6% dans le monde.<\/p>\n","protected":false},"excerpt":{"rendered":"<p>Les restrictions s&rsquo;all\u00e8gent.&nbsp;\u00ab\u00a0La situation s&rsquo;am\u00e9liore gr\u00e2ce \u00e0 nos efforts collectifs et les conditions sont r\u00e9unies pour une nouvelle phase d&rsquo;all\u00e8gement des mesures\u00a0\u00bb, a&nbsp;d\u00e9clar\u00e9&nbsp;Jean Castex, jeudi 3&nbsp;mars&nbsp;lors du \u00ab\u00a013 Heures\u00a0\u00bb de TF1. En cons\u00e9quence, le Premier ministre a annonc\u00e9 la fin du&nbsp;pass vaccinal&nbsp;\u00ab\u00a0partout o\u00f9 il s&rsquo;applique\u00a0\u00bb,&nbsp;\u00e0 partir du 14 mars.&nbsp;Cette date marquera \u00e9galement la fin du [&hellip;]<\/p>\n","protected":false},"author":2,"featured_media":20598,"comment_status":"open","ping_status":"open","sticky":false,"template":"","format":"standard","meta":{"_jetpack_memberships_contains_paid_content":false,"footnotes":"","jetpack_publicize_message":"","jetpack_publicize_feature_enabled":true,"jetpack_social_post_already_shared":true,"jetpack_social_options":{"image_generator_settings":{"template":"highway","default_image_id":0,"font":"","enabled":false},"version":2},"_wpas_customize_per_network":false},"categories":[405],"tags":[],"class_list":["post-20597","post","type-post","status-publish","format-standard","has-post-thumbnail","hentry","category-actu-france-monde"],"jetpack_publicize_connections":[],"jetpack_featured_media_url":"https:\/\/i0.wp.com\/www.iceagetv.com\/radiosite\/wp-content\/uploads\/2022\/03\/Jean-Castex-annonce-la-fin-du-port-du-masque-obligatoire-dans-la-quasi-totalite-des-lieux.jpg?fit=770%2C432&ssl=1","jetpack_sharing_enabled":true,"_links":{"self":[{"href":"https:\/\/www.iceagetv.com\/radiosite\/wp-json\/wp\/v2\/posts\/20597","targetHints":{"allow":["GET"]}}],"collection":[{"href":"https:\/\/www.iceagetv.com\/radiosite\/wp-json\/wp\/v2\/posts"}],"about":[{"href":"https:\/\/www.iceagetv.com\/radiosite\/wp-json\/wp\/v2\/types\/post"}],"author":[{"embeddable":true,"href":"https:\/\/www.iceagetv.com\/radiosite\/wp-json\/wp\/v2\/users\/2"}],"replies":[{"embeddable":true,"href":"https:\/\/www.iceagetv.com\/radiosite\/wp-json\/wp\/v2\/comments?post=20597"}],"version-history":[{"count":1,"href":"https:\/\/www.iceagetv.com\/radiosite\/wp-json\/wp\/v2\/posts\/20597\/revisions"}],"predecessor-version":[{"id":20599,"href":"https:\/\/www.iceagetv.com\/radiosite\/wp-json\/wp\/v2\/posts\/20597\/revisions\/20599"}],"wp:featuredmedia":[{"embeddable":true,"href":"https:\/\/www.iceagetv.com\/radiosite\/wp-json\/wp\/v2\/media\/20598"}],"wp:attachment":[{"href":"https:\/\/www.iceagetv.com\/radiosite\/wp-json\/wp\/v2\/media?parent=20597"}],"wp:term":[{"taxonomy":"category","embeddable":true,"href":"https:\/\/www.iceagetv.com\/radiosite\/wp-json\/wp\/v2\/categories?post=20597"},{"taxonomy":"post_tag","embeddable":true,"href":"https:\/\/www.iceagetv.com\/radiosite\/wp-json\/wp\/v2\/tags?post=20597"}],"curies":[{"name":"wp","href":"https:\/\/api.w.org\/{rel}","templated":true}]}}