{"id":20600,"date":"2022-03-03T19:29:50","date_gmt":"2022-03-03T19:29:50","guid":{"rendered":"http:\/\/www.iceagetv.com\/radiosite\/?p=20600"},"modified":"2022-03-03T19:29:50","modified_gmt":"2022-03-03T19:29:50","slug":"presidentielle-decouvrez-lintegralite-de-la-lettre-demmanuel-macron-dans-laquelle-il-annonce-ce-soir-sa-candidature-je-sollicite-votre-confiance-pour-un-nouveau-mandat-avec-vous-pour-vous","status":"publish","type":"post","link":"https:\/\/www.iceagetv.com\/radiosite\/presidentielle-decouvrez-lintegralite-de-la-lettre-demmanuel-macron-dans-laquelle-il-annonce-ce-soir-sa-candidature-je-sollicite-votre-confiance-pour-un-nouveau-mandat-avec-vous-pour-vous\/","title":{"rendered":"Pr\u00e9sidentielle &#8211; D\u00e9couvrez l&rsquo;int\u00e9gralit\u00e9 de la lettre d&rsquo;Emmanuel Macron dans laquelle il annonce ce soir sa candidature : \u00ab\u00a0Je sollicite votre confiance pour un nouveau mandat. Avec vous. Pour vous. Pour nous tous.\u00a0\u00bb"},"content":{"rendered":"\n<p><strong>e sollicite votre confiance pour un nouveau mandat.\u00a0\u00bb Emmanuel Macron annonce sa candidature \u00e0 l&rsquo;\u00e9lection pr\u00e9sidentielle dans une lettre aux Fran\u00e7ais transmise \u00e0 la presse r\u00e9gionale:<\/strong><\/p>\n\n\n\n<p>\u00ab\u00a0Mes chers compatriotes,<em>close<\/em><em>volume_off<\/em><\/p>\n\n\n\n<p>Depuis cinq ans, nous avons travers\u00e9 ensemble nombre d\u2019\u00e9preuves. Terrorisme, pand\u00e9mie, retour de la violence, guerre en Europe: rarement, la France avait \u00e9t\u00e9 confront\u00e9e \u00e0 une telle accumulation de crises. Nous avons fait face avec dignit\u00e9 et fraternit\u00e9. Nous avons tenu bon sans jamais renoncer \u00e0 agir. Gr\u00e2ce aux r\u00e9formes men\u00e9es, notre industrie a pour la premi\u00e8re fois recr\u00e9\u00e9 des emplois et le ch\u00f4mage a atteint son plus bas niveau depuis quinze ans.<\/p>\n\n\n\n<p>Gr\u00e2ce au travail de tous, nous avons pu investir dans nos h\u00f4pitaux et notre recherche, renforcer nos arm\u00e9es, recruter policiers, gendarmes, magistrats et enseignants, r\u00e9duire notre d\u00e9pendance aux \u00e9nergies fossiles, continuer \u00e0 moderniser notre agriculture.<\/p>\n\n\n\n<p>Gr\u00e2ce \u00e0 nos efforts, nous avons, avant la pand\u00e9mie, r\u00e9duit nos d\u00e9ficits et, tout au long du quinquennat, baiss\u00e9 les imp\u00f4ts de mani\u00e8re in\u00e9dite. Tout cela nous a permis d\u2019\u00eatre cr\u00e9dibles et de convaincre nos principaux voisins de commencer \u00e0 b\u00e2tir une Europe-puissance, capable de se d\u00e9fendre et de peser sur le cours de l\u2019Histoire.<\/p>\n\n\n\n<p>Nous n\u2019avons pas tout r\u00e9ussi. Il est des choix qu\u2019avec l\u2019exp\u00e9rience acquise aupr\u00e8s de vous je ferais sans doute diff\u00e9remment. Mais les transformations engag\u00e9es durant ce mandat ont permis \u00e0 nombre de nos compatriotes de vivre mieux, \u00e0 la France de gagner en ind\u00e9pendance.<\/p>\n\n\n\n<p>Et les crises que nous traversons depuis deux ans montrent que c\u2019est bien ce chemin qui doit \u00eatre poursuivi. Nous connaissons des bouleversements d\u2019une rapidit\u00e9 inou\u00efe : menace sur nos d\u00e9mocraties, mont\u00e9e des in\u00e9galit\u00e9s, changement climatique, transition d\u00e9mographique, transformations technologiques. Ne nous trompons pas: nous ne r\u00e9pondrons pas \u00e0 ces d\u00e9fis en choisissant le repli ou en cultivant la nostalgie.<\/p>\n\n\n\n<p>C\u2019est en regardant avec humilit\u00e9 et lucidit\u00e9 le pr\u00e9sent, en ne c\u00e9dant rien de l\u2019audace, de la volont\u00e9 et de notre go\u00fbt de l\u2019avenir que nous r\u00e9ussirons.<\/p>\n\n\n\n<p>L\u2019enjeu est de b\u00e2tir la France de nos enfants, pas de ressasser la France de notre enfance. Voil\u00e0 pourquoi je sollicite votre confiance pour un nouveau mandat de Pr\u00e9sident de la R\u00e9publique. J<\/p>\n\n\n\n<p>e suis candidat pour inventer avec vous, face aux d\u00e9fis du si\u00e8cle, une r\u00e9ponse fran\u00e7aise et europ\u00e9enne singuli\u00e8re. Je suis candidat pour d\u00e9fendre nos valeurs que les d\u00e9r\u00e8glements du monde menacent.<\/p>\n\n\n\n<p>Je suis candidat pour continuer de pr\u00e9parer l\u2019avenir de nos enfants et de nos petits-enfants. Pour nous permettre aujourd\u2019hui comme demain de d\u00e9cider pour nous-m\u00eames.<\/p>\n\n\n\n<p>Il n\u2019y a pas d\u2019ind\u00e9pendance sans force \u00e9conomique. Il nous faudra donc travailler plus et poursuivre la baisse des imp\u00f4ts pesant sur le travail et la production.<\/p>\n\n\n\n<p>Pour ne pas nous laisser imposer par d\u2019autres les technologies qui rythmeront demain notre quotidien, il nous faudra aussi continuer d\u2019investir dans notre innovation et notre recherche afin de placer la France en t\u00eate dans les secteurs qui, comme les \u00e9nergies renouvelables, le nucl\u00e9aire, les batteries, l\u2019agriculture, le num\u00e9rique, ou le spatial feront le futur et nous permettront de devenir une grande Nation \u00e9cologique, celle qui la premi\u00e8re sera sortie de la d\u00e9pendance au gaz, au p\u00e9trole et au charbon.<\/p>\n\n\n\n<p>C\u2019est \u00e0 la condition de cette reconqu\u00eate productive par le travail que nous pourrons pr\u00e9server et m\u00eame am\u00e9liorer ce mod\u00e8le social auquel nous tenons tant et qui a fait ses preuves. Nous lutterons contre les in\u00e9galit\u00e9s, non pas tant en cherchant \u00e0 les corriger toujours trop tard qu\u2019en nous y attaquant \u00e0 la racine.<\/p>\n\n\n\n<p>Nous ferons en sorte que tous les enfants de France aient les m\u00eames chances, que la m\u00e9ritocratie r\u00e9publicaine redevienne une promesse pour chacun.<\/p>\n\n\n\n<p>Pour cela, la priorit\u00e9 sera donn\u00e9e \u00e0 l\u2019\u00e9cole et \u00e0 nos enseignants, qui seront plus libres, plus respect\u00e9s et mieux r\u00e9mun\u00e9r\u00e9s. Nous investirons pour permettre \u00e0 chacun de vivre le grand \u00e2ge \u00e0 domicile tant qu\u2019il le peut, pour rendre les maisons de retraite plus humaines.<\/p>\n\n\n\n<p>Nous poursuivrons sans rel\u00e2che notre travail pour l\u2019inclusion de nos compatriotes en situation de handicap. En mati\u00e8re de sant\u00e9, nous op\u00e9rerons la r\u00e9volution de la pr\u00e9vention et ferons reculer les d\u00e9serts m\u00e9dicaux.<\/p>\n\n\n\n<p>La force de notre mod\u00e8le social est l\u00e0: dans cet investissement dans l\u2019humain tout au long de la vie, qui donne confiance aux familles et a fait de la France l\u2019un des pays d\u2019Europe \u00e0 la plus forte natalit\u00e9.<\/p>\n\n\n\n<p>D\u00e9fendre notre singularit\u00e9 fran\u00e7aise implique enfin de promouvoir une certaine mani\u00e8re d\u2019\u00eatre au monde. Un art de vivre mill\u00e9naire, enracin\u00e9 dans chaque r\u00e9gion, chaque canton, chaque ville et chaque village que ce soit en m\u00e9tropole ou dans nos outre-mer.<\/p>\n\n\n\n<p>Une histoire, une langue, une culture que lorsque l\u2019on est Fran\u00e7ais, on se doit de conna\u00eetre, d\u2019aimer, de partager. Une citoyennet\u00e9, qui ne repose pas seulement sur des droits, mais sur des devoirs et un engagement de chaque jour.<\/p>\n\n\n\n<p>Parce que le respect des lois n\u2019est pas n\u00e9gociable, nous poursuivrons l\u2019investissement dans nos forces de s\u00e9curit\u00e9 et notre justice. Nous encouragerons l\u2019engagement avec une ambition simple : former non pas seulement des individus et des consommateurs, mais des citoyens. Faire des r\u00e9publicains.<\/p>\n\n\n\n<p>Tout au long de mon mandat, j\u2019ai vu partout un esprit de r\u00e9sistance \u00e0 toute \u00e9preuve, une volont\u00e9 d\u2019engagement remarquable, une inlassable envie de b\u00e2tir. Je l\u2019ai retrouv\u00e9e dans notre pays mais aussi en allant \u00e0 la rencontre de nos compatriotes vivant \u00e0 l\u2019\u00e9tranger.<\/p>\n\n\n\n<p>En chaque lieu, j\u2019ai per\u00e7u le d\u00e9sir de prendre part \u00e0 cette belle et grande aventure collective qui s\u2019appelle la France. C\u2019est pourquoi le moment \u00e9lectoral qui s\u2019ouvre est si important. Cette \u00e9lection pr\u00e9sidentielle d\u00e9terminera les directions que le pays se donne \u00e0 lui-m\u00eame pour les cinq ann\u00e9es \u00e0 venir et bien au-del\u00e0<\/p>\n\n\n\n<p>. Bien s\u00fbr, je ne pourrai pas mener campagne comme je l\u2019aurais souhait\u00e9 en raison du contexte. Mais avec clart\u00e9 et engagement j\u2019expliquerai notre projet, notre volont\u00e9 de continuer \u00e0 faire avancer notre pays avec chacun d\u2019entre vous.<\/p>\n\n\n\n<p>Ensemble, nous pouvons faire de ces temps de crises le point de d\u00e9part d\u2019une nouvelle \u00e9poque fran\u00e7aise et europ\u00e9enne.<\/p>\n\n\n\n<p>Avec vous. Pour vous. Pour nous tous.<\/p>\n\n\n\n<p>Vive la R\u00e9publique! Vive la France!\u00a0\u00bb<\/p>\n","protected":false},"excerpt":{"rendered":"<p>e sollicite votre confiance pour un nouveau mandat.\u00a0\u00bb Emmanuel Macron annonce sa candidature \u00e0 l&rsquo;\u00e9lection pr\u00e9sidentielle dans une lettre aux Fran\u00e7ais transmise \u00e0 la presse r\u00e9gionale: \u00ab\u00a0Mes chers compatriotes,closevolume_off Depuis cinq ans, nous avons travers\u00e9 ensemble nombre d\u2019\u00e9preuves. Terrorisme, pand\u00e9mie, retour de la violence, guerre en Europe: rarement, la France avait \u00e9t\u00e9 confront\u00e9e \u00e0 une [&hellip;]<\/p>\n","protected":false},"author":2,"featured_media":20601,"comment_status":"open","ping_status":"open","sticky":false,"template":"","format":"standard","meta":{"_jetpack_memberships_contains_paid_content":false,"footnotes":"","jetpack_publicize_message":"","jetpack_publicize_feature_enabled":true,"jetpack_social_post_already_shared":true,"jetpack_social_options":{"image_generator_settings":{"template":"highway","default_image_id":0,"font":"","enabled":false},"version":2},"_wpas_customize_per_network":false},"categories":[405],"tags":[],"class_list":["post-20600","post","type-post","status-publish","format-standard","has-post-thumbnail","hentry","category-actu-france-monde"],"jetpack_publicize_connections":[],"jetpack_featured_media_url":"https:\/\/i0.wp.com\/www.iceagetv.com\/radiosite\/wp-content\/uploads\/2022\/03\/Decouvrez-lintegralite-de-la-lettre-dEmmanuel-Macron-dans-laquelle-il-annonce-ce-soir-sa-candidature.png?fit=767%2C383&ssl=1","jetpack_sharing_enabled":true,"_links":{"self":[{"href":"https:\/\/www.iceagetv.com\/radiosite\/wp-json\/wp\/v2\/posts\/20600","targetHints":{"allow":["GET"]}}],"collection":[{"href":"https:\/\/www.iceagetv.com\/radiosite\/wp-json\/wp\/v2\/posts"}],"about":[{"href":"https:\/\/www.iceagetv.com\/radiosite\/wp-json\/wp\/v2\/types\/post"}],"author":[{"embeddable":true,"href":"https:\/\/www.iceagetv.com\/radiosite\/wp-json\/wp\/v2\/users\/2"}],"replies":[{"embeddable":true,"href":"https:\/\/www.iceagetv.com\/radiosite\/wp-json\/wp\/v2\/comments?post=20600"}],"version-history":[{"count":1,"href":"https:\/\/www.iceagetv.com\/radiosite\/wp-json\/wp\/v2\/posts\/20600\/revisions"}],"predecessor-version":[{"id":20602,"href":"https:\/\/www.iceagetv.com\/radiosite\/wp-json\/wp\/v2\/posts\/20600\/revisions\/20602"}],"wp:featuredmedia":[{"embeddable":true,"href":"https:\/\/www.iceagetv.com\/radiosite\/wp-json\/wp\/v2\/media\/20601"}],"wp:attachment":[{"href":"https:\/\/www.iceagetv.com\/radiosite\/wp-json\/wp\/v2\/media?parent=20600"}],"wp:term":[{"taxonomy":"category","embeddable":true,"href":"https:\/\/www.iceagetv.com\/radiosite\/wp-json\/wp\/v2\/categories?post=20600"},{"taxonomy":"post_tag","embeddable":true,"href":"https:\/\/www.iceagetv.com\/radiosite\/wp-json\/wp\/v2\/tags?post=20600"}],"curies":[{"name":"wp","href":"https:\/\/api.w.org\/{rel}","templated":true}]}}