{"id":20624,"date":"2022-03-05T10:52:33","date_gmt":"2022-03-05T10:52:33","guid":{"rendered":"http:\/\/www.iceagetv.com\/radiosite\/?p=20624"},"modified":"2022-03-05T10:52:33","modified_gmt":"2022-03-05T10:52:33","slug":"covid-19-la-lente-decrue-se-poursuit-en-france","status":"publish","type":"post","link":"https:\/\/www.iceagetv.com\/radiosite\/covid-19-la-lente-decrue-se-poursuit-en-france\/","title":{"rendered":"Covid-19 : la lente d\u00e9crue se poursuit en France"},"content":{"rendered":"\n<p><strong>Encore 162 d\u00e9c\u00e8s.<\/strong>&nbsp;Sant\u00e9 publique France recense 162 morts ces derni\u00e8res 24&nbsp;heures, portant le nombre de d\u00e9c\u00e8s depuis le d\u00e9but de la pand\u00e9mie \u00e0 au moins 139 104 victimes en France.<\/p>\n\n\n\n<p><strong>Les chiffres de l\u2019\u00e9pid\u00e9mie \u00e0 l\u2019h\u00f4pital.\u00a0<\/strong>Les h\u00f4pitaux fran\u00e7ais accueillent actuellement 22 643 patients positifs au Covid, dont 1 012 nouvelles entr\u00e9es en 24\u00a0heures (1 285 il y a sept jours). Des chiffres toujours en recul par rapport \u00e0 la semaine derni\u00e8re (25 484).<\/p>\n\n\n\n<p><strong>Aides prolong\u00e9es pour les entreprises des Outre-mer.<\/strong>&nbsp;Certaines entreprises affect\u00e9es d\u00e9buts 2 022 par les confinements ou de couvre-feux dans les territoires d\u2019Outre-mer, particuli\u00e8rement affect\u00e9s par le Covid-19, b\u00e9n\u00e9ficieront du fonds de solidarit\u00e9 jusqu\u2019\u00e0 la fin de l\u2019ann\u00e9e 2022, annonce S\u00e9bastien Lecornu, ministre des Outre-mer.<\/p>\n\n\n\n<p><strong>1 742 classes ferm\u00e9es, 26 699 \u00e9l\u00e8ves contamin\u00e9s.<\/strong>\u00a0Alors que les \u00e9l\u00e8ves reprennent progressivement les cours (seule la zone C est encore en vacances), 1 742 classes sont ferm\u00e9es \u00e0 cause du Covid-19, indique le minist\u00e8re de l\u2019\u00c9ducation nationale. C\u2019est 0,48\u00a0% de la totalit\u00e9 des classes. 26 699 cas de Covid-19 ont \u00e9t\u00e9 confirm\u00e9s sur les 7 derniers jours parmi les \u00e9l\u00e8ves, 2 248 parmi le personnel \u00e9ducatif. Les acad\u00e9mies les plus affect\u00e9es sont celles de Normandie et de la R\u00e9union.<strong>Fin du port du masque en int\u00e9rieur.<\/strong>\u00a0Le gouvernement a annonc\u00e9 la possibilit\u00e9 de\u00a0<a href=\"https:\/\/www.leparisien.fr\/societe\/sante\/covid-19-fin-du-masque-obligatoire-dans-les-lieux-clos-soumis-au-passe-vaccinal-des-le-28-fevrier-11-02-2022-KEDAI2BXGFHF5ND46HUNGMX4QM.php\">tomber le masque<\/a>\u00a0en int\u00e9rieur, \u00e0 partir du 14\u00a0mars. Cela concerne notamment les lieux de culte, les commerces, les salles de classe, et les entreprises. En revanche, il restera obligatoire dans les transports et les \u00e9tablissements m\u00e9dicaux, comme les h\u00f4pitaux et les Ehpad. Depuis ce lundi 28\u00a0f\u00e9vrier, le masque\u00a0<a href=\"https:\/\/www.leparisien.fr\/societe\/covid-19-fin-du-masque-obligatoire-un-seul-test-pour-les-cas-contacts-tout-ce-qui-change-ce-lundi-27-02-2022-KBYPOS22TND6VD7LZIBCR4LY4E.php\">n\u2019est d\u00e9j\u00e0 plus obligatoire dans tous les lieux soumis au passe vaccinal<\/a>\u00a0(sauf les transports de longue dur\u00e9e)\u00a0: th\u00e9\u00e2tre, cin\u00e9ma, salle de sport, restaurants,<\/p>\n","protected":false},"excerpt":{"rendered":"<p>Encore 162 d\u00e9c\u00e8s.&nbsp;Sant\u00e9 publique France recense 162 morts ces derni\u00e8res 24&nbsp;heures, portant le nombre de d\u00e9c\u00e8s depuis le d\u00e9but de la pand\u00e9mie \u00e0 au moins 139 104 victimes en France. Les chiffres de l\u2019\u00e9pid\u00e9mie \u00e0 l\u2019h\u00f4pital.\u00a0Les h\u00f4pitaux fran\u00e7ais accueillent actuellement 22 643 patients positifs au Covid, dont 1 012 nouvelles entr\u00e9es en 24\u00a0heures (1 285 [&hellip;]<\/p>\n","protected":false},"author":2,"featured_media":20625,"comment_status":"open","ping_status":"open","sticky":false,"template":"","format":"standard","meta":{"_jetpack_memberships_contains_paid_content":false,"footnotes":"","jetpack_publicize_message":"","jetpack_publicize_feature_enabled":true,"jetpack_social_post_already_shared":true,"jetpack_social_options":{"image_generator_settings":{"template":"highway","default_image_id":0,"font":"","enabled":false},"version":2},"_wpas_customize_per_network":false},"categories":[405],"tags":[],"class_list":["post-20624","post","type-post","status-publish","format-standard","has-post-thumbnail","hentry","category-actu-france-monde"],"jetpack_publicize_connections":[],"jetpack_featured_media_url":"https:\/\/i0.wp.com\/www.iceagetv.com\/radiosite\/wp-content\/uploads\/2022\/03\/Covid-19-la-lente-decrue-se-poursuit-en-France.png?fit=739%2C525&ssl=1","jetpack_sharing_enabled":true,"_links":{"self":[{"href":"https:\/\/www.iceagetv.com\/radiosite\/wp-json\/wp\/v2\/posts\/20624","targetHints":{"allow":["GET"]}}],"collection":[{"href":"https:\/\/www.iceagetv.com\/radiosite\/wp-json\/wp\/v2\/posts"}],"about":[{"href":"https:\/\/www.iceagetv.com\/radiosite\/wp-json\/wp\/v2\/types\/post"}],"author":[{"embeddable":true,"href":"https:\/\/www.iceagetv.com\/radiosite\/wp-json\/wp\/v2\/users\/2"}],"replies":[{"embeddable":true,"href":"https:\/\/www.iceagetv.com\/radiosite\/wp-json\/wp\/v2\/comments?post=20624"}],"version-history":[{"count":1,"href":"https:\/\/www.iceagetv.com\/radiosite\/wp-json\/wp\/v2\/posts\/20624\/revisions"}],"predecessor-version":[{"id":20626,"href":"https:\/\/www.iceagetv.com\/radiosite\/wp-json\/wp\/v2\/posts\/20624\/revisions\/20626"}],"wp:featuredmedia":[{"embeddable":true,"href":"https:\/\/www.iceagetv.com\/radiosite\/wp-json\/wp\/v2\/media\/20625"}],"wp:attachment":[{"href":"https:\/\/www.iceagetv.com\/radiosite\/wp-json\/wp\/v2\/media?parent=20624"}],"wp:term":[{"taxonomy":"category","embeddable":true,"href":"https:\/\/www.iceagetv.com\/radiosite\/wp-json\/wp\/v2\/categories?post=20624"},{"taxonomy":"post_tag","embeddable":true,"href":"https:\/\/www.iceagetv.com\/radiosite\/wp-json\/wp\/v2\/tags?post=20624"}],"curies":[{"name":"wp","href":"https:\/\/api.w.org\/{rel}","templated":true}]}}