{"id":20639,"date":"2022-03-06T16:27:23","date_gmt":"2022-03-06T16:27:23","guid":{"rendered":"http:\/\/www.iceagetv.com\/radiosite\/?p=20639"},"modified":"2022-03-06T16:27:23","modified_gmt":"2022-03-06T16:27:23","slug":"agression-dyvan-colonna-une-information-judiciaire-ouverte-pour-tentative-dassassinat-en-relation-avec-une-entreprise-terroriste-des-milliers-de-personnes-manifestent-a-corte","status":"publish","type":"post","link":"https:\/\/www.iceagetv.com\/radiosite\/agression-dyvan-colonna-une-information-judiciaire-ouverte-pour-tentative-dassassinat-en-relation-avec-une-entreprise-terroriste-des-milliers-de-personnes-manifestent-a-corte\/","title":{"rendered":"Agression d\u2019Yvan Colonna : Une information judiciaire ouverte, pour tentative d\u2019assassinat en relation avec une entreprise terroriste &#8211; Des milliers de personnes manifestent \u00e0 Corte"},"content":{"rendered":"\n<p><strong>Des milliers de personnes affluaient ce dimanche&nbsp; \u00e0 Corte (Haute-Corse) pour une manifestation en soutien \u00e0 Yvan Colonna, militant ind\u00e9pendantiste corse condamn\u00e9 pour l&rsquo;assassinat du pr\u00e9fet Erignac, victime d&rsquo;une agression en prison qui l&rsquo;a laiss\u00e9 dans le coma, a constat\u00e9 une journaliste de l&rsquo;AFP.<\/strong>&nbsp;D&rsquo;apr\u00e8s un comptage de la pr\u00e9fecture une heure apr\u00e8s le d\u00e9but de la manifestation, 4200 personnes d\u00e9filaient \u00e0 Corte, 15.000 selon les organisateurs, avec des drapeaux corses, des banderoles \u00abGloire \u00e0 toi Yvan\u00bb, \u00ab\u00c9tat fran\u00e7ais assassin\u00bb.<\/p>\n\n\n\n<p>Dans le cort\u00e8ge, Alain Saladini, 72 ans, a t\u00e9moign\u00e9: \u00abJe suis venu aujourd&rsquo;hui pour que justice soit faite par rapport \u00e0 l&rsquo;\u00c9tat qui est responsable de ce qui est arriv\u00e9. Je suis l\u00e0 \u00e0 l&rsquo;appel d&rsquo;un parti politique, je suis nationaliste mais c&rsquo;est aussi une d\u00e9marche citoyenne\u00bb.<em>close<\/em><em>volume_off<\/em><\/p>\n\n\n\n<p>Une \u00abd\u00e9marche\u00bb partag\u00e9e par Valentine Sart, 21 ans, \u00e9tudiante \u00e0 Corte: \u00abJ&rsquo;habite en Corse donc je pense que c&rsquo;est normal d&rsquo;\u00eatre l\u00e0 aujourd&rsquo;hui. C&rsquo;est en soutien \u00e0 Yvan, c&rsquo;est une d\u00e9marche citoyenne, pas politique\u00bb. La manifestation de dimanche a \u00e9t\u00e9 initi\u00e9e par des syndicats \u00e9tudiants nationalistes, rejoints par l&rsquo;ensemble des partis nationalistes de l&rsquo;\u00eele, des syndicats et des associations de d\u00e9fense des prisonniers corses. La Ligue des droits de l&rsquo;Homme de Corse a aussi annonc\u00e9 participer \u00e0 la manifestation, apr\u00e8s un appel de la famille Colonna \u00e0 manifester \u00abau-del\u00e0 des cercles nationalistes\u00bb.<\/p>\n\n\n\n<p>D\u00e8s le lendemain de l&rsquo;agression, qui s&rsquo;est produite \u00e0 la maison centrale d&rsquo;Arles (Bouches-du-Rh\u00f4ne) mercredi, des rassemblements et des actions de solidarit\u00e9 ont eu lieu sur l&rsquo;\u00eele, sur fond d&rsquo;interrogations sur les conditions de l&rsquo;attaque de M. Colonna, qui r\u00e9clamait de longue date son rapprochement dans une prison corse.<\/p>\n\n\n\n<p>Le mot d&rsquo;ordre ces derniers jours \u00e9tait en langue corse \u00ab\u00c9tat fran\u00e7ais assassin\u00bb. Samedi et dimanche matin, un autre appel \u00e0 manifester a \u00e9t\u00e9 relay\u00e9 en langue corse sur les r\u00e9seaux sociaux, particuli\u00e8rement par les \u00e9lus nationalistes: \u00abJustice et v\u00e9rit\u00e9 pour Yvan\u00bb.<\/p>\n\n\n\n<p><strong>Apr\u00e8s l\u2019agression d\u2019Yvan Colonna par un d\u00e9tenu jeudi \u00e0 la prison d\u2019Arles, le procureur antiterroriste a annonc\u00e9 ce dimanche l\u2019ouverture d\u2019une information judiciaire. Condamn\u00e9 pour le meurtre du pr\u00e9fet Claude Erignac, \u00e0 Ajaccio&nbsp; en 1997, Yvan Colonna se trouve dans un coma post-anoxique \u2013 cons\u00e9cutif \u00e0 une privation d\u2019oxyg\u00e8ne dans le cerveau.<\/strong><\/p>\n\n\n\n<p>La garde \u00e0 vue de son agresseur a \u00e9t\u00e9 lev\u00e9e dimanche et une information judiciaire va \u00eatre ouverte pour \u00ab tentative d\u2019assassinat en relation avec une entreprise terroriste \u00bb et \u00ab association de malfaiteurs terroriste \u00bb, a annonc\u00e9 le procureur national antiterroriste lors d\u2019une conf\u00e9rence de presse.<\/p>\n\n\n\n<p>\u00ab Cinqui\u00e8me \u00bb crime terroriste commis dans une prison en France depuis 2016 Le parquet va requ\u00e9rir sa mise en examen pour ces chefs et son placement en d\u00e9tention provisoire, a indiqu\u00e9 Jean-Fran\u00e7ois Ricard, qui a soulign\u00e9 qu\u2019il s\u2019agissait du \u00ab cinqui\u00e8me \u00bb crime terroriste commis dans un \u00e9tablissement p\u00e9nitentiaire en France depuis 2016.<\/p>\n","protected":false},"excerpt":{"rendered":"<p>Des milliers de personnes affluaient ce dimanche&nbsp; \u00e0 Corte (Haute-Corse) pour une manifestation en soutien \u00e0 Yvan Colonna, militant ind\u00e9pendantiste corse condamn\u00e9 pour l&rsquo;assassinat du pr\u00e9fet Erignac, victime d&rsquo;une agression en prison qui l&rsquo;a laiss\u00e9 dans le coma, a constat\u00e9 une journaliste de l&rsquo;AFP.&nbsp;D&rsquo;apr\u00e8s un comptage de la pr\u00e9fecture une heure apr\u00e8s le d\u00e9but de [&hellip;]<\/p>\n","protected":false},"author":2,"featured_media":20640,"comment_status":"open","ping_status":"open","sticky":false,"template":"","format":"standard","meta":{"_jetpack_memberships_contains_paid_content":false,"footnotes":"","jetpack_publicize_message":"","jetpack_publicize_feature_enabled":true,"jetpack_social_post_already_shared":true,"jetpack_social_options":{"image_generator_settings":{"template":"highway","default_image_id":0,"font":"","enabled":false},"version":2},"_wpas_customize_per_network":false},"categories":[405],"tags":[],"class_list":["post-20639","post","type-post","status-publish","format-standard","has-post-thumbnail","hentry","category-actu-france-monde"],"jetpack_publicize_connections":[],"jetpack_featured_media_url":"https:\/\/i0.wp.com\/www.iceagetv.com\/radiosite\/wp-content\/uploads\/2022\/03\/Agression-dYvan-Colonna.png?fit=527%2C267&ssl=1","jetpack_sharing_enabled":true,"_links":{"self":[{"href":"https:\/\/www.iceagetv.com\/radiosite\/wp-json\/wp\/v2\/posts\/20639","targetHints":{"allow":["GET"]}}],"collection":[{"href":"https:\/\/www.iceagetv.com\/radiosite\/wp-json\/wp\/v2\/posts"}],"about":[{"href":"https:\/\/www.iceagetv.com\/radiosite\/wp-json\/wp\/v2\/types\/post"}],"author":[{"embeddable":true,"href":"https:\/\/www.iceagetv.com\/radiosite\/wp-json\/wp\/v2\/users\/2"}],"replies":[{"embeddable":true,"href":"https:\/\/www.iceagetv.com\/radiosite\/wp-json\/wp\/v2\/comments?post=20639"}],"version-history":[{"count":1,"href":"https:\/\/www.iceagetv.com\/radiosite\/wp-json\/wp\/v2\/posts\/20639\/revisions"}],"predecessor-version":[{"id":20641,"href":"https:\/\/www.iceagetv.com\/radiosite\/wp-json\/wp\/v2\/posts\/20639\/revisions\/20641"}],"wp:featuredmedia":[{"embeddable":true,"href":"https:\/\/www.iceagetv.com\/radiosite\/wp-json\/wp\/v2\/media\/20640"}],"wp:attachment":[{"href":"https:\/\/www.iceagetv.com\/radiosite\/wp-json\/wp\/v2\/media?parent=20639"}],"wp:term":[{"taxonomy":"category","embeddable":true,"href":"https:\/\/www.iceagetv.com\/radiosite\/wp-json\/wp\/v2\/categories?post=20639"},{"taxonomy":"post_tag","embeddable":true,"href":"https:\/\/www.iceagetv.com\/radiosite\/wp-json\/wp\/v2\/tags?post=20639"}],"curies":[{"name":"wp","href":"https:\/\/api.w.org\/{rel}","templated":true}]}}