{"id":20668,"date":"2022-03-09T16:58:47","date_gmt":"2022-03-09T16:58:47","guid":{"rendered":"http:\/\/www.iceagetv.com\/radiosite\/?p=20668"},"modified":"2022-03-09T16:58:47","modified_gmt":"2022-03-09T16:58:47","slug":"obseques-de-jean-pierre-pernaut-personnalites-et-admirateurs-rendent-hommage-a-lhomme-des-regions","status":"publish","type":"post","link":"https:\/\/www.iceagetv.com\/radiosite\/obseques-de-jean-pierre-pernaut-personnalites-et-admirateurs-rendent-hommage-a-lhomme-des-regions\/","title":{"rendered":"Obs\u00e8ques de Jean-Pierre Pernaut : Personnalit\u00e9s et admirateurs rendent hommage \u00e0 \u00ab l\u2019homme des r\u00e9gions"},"content":{"rendered":"\n<p>\u00c7a fait bizarre. J\u2019ai l\u2019impression qu\u2019hier encore, je le regardais \u00e0 la\u00a0<a href=\"https:\/\/www.20minutes.fr\/arts-stars\/television\/\">t\u00e9l\u00e9<\/a>.\u00a0\u00bb Ce mercredi matin, Colette, 74 ans, n\u2019arrive pas \u00e0 r\u00e9aliser. Pr\u00e9sente devant la basilique Sainte-Clotilde (7e\u00a0arrondissement de\u00a0<a href=\"https:\/\/www.20minutes.fr\/paris\/\">Paris<\/a>), elle est venue assister aux fun\u00e9railles de\u00a0<a href=\"https:\/\/www.20minutes.fr\/dossier\/jean_pierre_pernaut\">Jean-Pierre Pernaut<\/a>, d\u00e9c\u00e9d\u00e9 le 2\u00a0mars dernier, \u00e0 l\u2019\u00e2ge de 71 ans.\u00a0Et Colette n\u2019est pas seule. Amass\u00e9e devant l\u2019\u00e9difice, une foule se tient pr\u00eate\u00a0\u00e0 soutenir la famille et les proches de celui qui a pr\u00e9sent\u00e9\u00a0<a href=\"https:\/\/www.20minutes.fr\/arts-stars\/television\/3245275-20220302-mort-jean-pierre-pernaut-chaines-television-bousculent-grille\">le journal de\u00a0<em>13 Heures<\/em>\u00a0de TF1<\/a>\u00a0pendant 33 ans. Sous le porche de la basilique, un portrait de Jean-Pierre Pernaut salue ceux qui sont venus lui dire un dernier au revoir.J\u2019aurais bien aim\u00e9 que la c\u00e9r\u00e9monie se passe \u00e0 Amiens\u00a0\u00bb, regrette Fran\u00e7ois, qui a fait le d\u00e9placement depuis Beauvais pour rendre hommage \u00e0 son \u00ab\u00a0compatriote du Nord\u00a0\u00bb. Fier de ses origines picardes, comme\u00a0Jean-Pierre Pernaut, Fran\u00e7ois aurait appr\u00e9ci\u00e9, comme un dernier clin d\u2019\u0153il, que les fun\u00e9railles de l\u2019animateur se d\u00e9roulent\u00a0<a href=\"https:\/\/www.20minutes.fr\/arts-stars\/television\/3245311-20220302-mort-jean-pierre-pernaut-heraut-regions-terroir-anti-parisianisme\">dans sa r\u00e9gion<\/a>\u00a0plut\u00f4t qu\u2019\u00e0 Paris.<\/p>\n\n\n\n<p>Au m\u00eame moment, plusieurs personnalit\u00e9s se succ\u00e8dent \u00e0 l\u2019entr\u00e9e de la Basilique,&nbsp;<a href=\"https:\/\/www.20minutes.fr\/television\/michel-drucker\/\">Michel Drucker<\/a>&nbsp;s\u2019arr\u00eate devant les cam\u00e9ras de t\u00e9l\u00e9vision, David Douillet&nbsp;le suit de pr\u00e8s, Laurence Ferrari ne s\u2019attarde pas et rentre dans l\u2019\u00e9glise\u2026 \u00ab&nbsp;Ah, c\u2019est s\u00fbr qu\u2019il y aurait eu moins de vedettes \u00e0 Amiens&nbsp;!&nbsp;\u00bb, s\u2019esclaffe un homme coll\u00e9 aux barri\u00e8res. Au vu de la popularit\u00e9 de l\u2019homme, nul doute que Nicolas Sarkozy, Brigitte Macron, Val\u00e9rie P\u00e9cresse ou encore Cyril Hanouna auraient fait le d\u00e9placement.<\/p>\n\n\n\n<h2 class=\"wp-block-heading\">\u00ab\u00a0La pause d\u00e9jeuner, c\u2019\u00e9tait avec Jean-Pierre\u00a0\u00bb<\/h2>\n\n\n\n<p>\u00ab&nbsp;C\u2019\u00e9tait l\u2019homme des r\u00e9gions, sourit Gurvann, c\u2019est vrai que, pour le symbole, \u00e7a aurait \u00e9t\u00e9 sympa que \u00e7a se fasse chez lui.&nbsp;\u00bb A quelques m\u00e8tres de l\u00e0, Sandrine doit se faire la m\u00eame r\u00e9flexion. Habitant Paris depuis 13 ans, elle est en appel visio avec sa maman qui vit en&nbsp;<a href=\"https:\/\/www.20minutes.fr\/dossier\/picardie\">Picardie&nbsp;<\/a>:&nbsp;\u00ab&nbsp;Elle ne pouvait pas venir, alors j\u2019ai pris deux heures sur mon travail pour lui faire vivre le moment. \u00c7a fait partie des choses importantes pour les personnes de son \u00e2ge\u2026&nbsp;\u00bb<\/p>\n\n\n\n<p>Pendant que les stars du petit \u00e9cran se succ\u00e8dent sur le parvis de la basilique, Sandrine rappelle l\u2019importance que Jean-Pierre Pernaut a pris dans le c\u0153ur des Fran\u00e7ais\u00a0:\u00a0\u00ab\u00a0J\u2019ai 37 ans. Pour moi, le\u00a0<em>13 Heures<\/em>, c\u2019est lui. Et je vois l\u2019attachement de mes parents. Ils \u00e9taient agriculteurs, leur pause d\u00e9jeuner, c\u2019\u00e9tait avec Jean-Pierre.\u00a0\u00bbPour ses fid\u00e8les, Jean-Pierre Pernaut restera celui qui parlait de la France, toute la France. G\u00e9rald, originaire de la Vend\u00e9e, l\u2019explique\u00a0:\u00a0\u00ab\u00a0Les journaux parlent de l\u2019international, de Paris et des grandes villes. Quand je regardais le\u00a0<em>13 Heures<\/em>, je retrouvais la province o\u00f9 j\u2019ai grandi, m\u00eame quand c\u2019\u00e9tait \u00e0 l\u2019autre bout de l\u2019Hexagone.\u00a0\u00bb Pourtant G\u00e9rald avoue s\u2019\u00eatre moqu\u00e9 du c\u00f4t\u00e9 \u00ab\u00a0hyper\u00a0<a href=\"https:\/\/www.20minutes.fr\/dossier\/patrimoine\">patrimoine\u00a0<\/a>\u00bb du pr\u00e9sentateur\u00a0:\u00a0\u00ab\u00a0Mais c\u2019est comme les vieilles blagues d\u2019un oncle. On en rigole, mais quand il pr\u00e9sentait\u00a0le mus\u00e9e du Santon \u00e0 \u00ab\u00a0Trifouilli-les-Oies\u00a0\u00bb, on regardait\u00a0et on avait envie d\u2019y aller.\u00a0\u00bb<\/p>\n\n\n\n<p>G\u00e9rald ne croit pas si bien dire. En l\u2019entendant, un homme post\u00e9 \u00e0 deux m\u00e8tres de l\u00e0 raconte \u00e0 ses voisins qu\u2019il est parti en classe de neige en Savoie au d\u00e9but des ann\u00e9es 2000&nbsp;:&nbsp;\u00ab&nbsp;J\u2019ai appris bien plus tard que le mus\u00e9e du fromage qu\u2019on avait visit\u00e9, l\u2019institutrice l\u2019avait d\u00e9couvert chez Pernaut.&nbsp;\u00bb<\/p>\n\n\n\n<h2 class=\"wp-block-heading\">La fin d\u2019une \u00e9poque<\/h2>\n\n\n\n<p>A l\u2019arriv\u00e9e du convoi fun\u00e9raire, les mines se font plus graves. Quelques t\u00eates grises, majoritaires dans l\u2019assembl\u00e9e, parlent de la fin d\u2019une \u00e9poque. \u00ab&nbsp;L\u2019Ukraine, tout \u00e7a, c\u2019est important, mais au moins avec \u00ab\u00a0Jip\u00e9\u00a0\u00bb, il y avait un peu de gaiet\u00e9 dans toutes les mauvaises nouvelles.&nbsp;\u00bb \u00ab\u00a0Jip\u00e9\u00a0\u00bb&nbsp;?&nbsp;\u00ab&nbsp;Oui, on l\u2019appelle comme \u00e7a avec mon mari parce qu\u2019il s\u2019appelle Jean-Pierre aussi, c\u2019\u00e9tait pour ne pas confondre&nbsp;\u00bb, pouffe cette femme, un peu g\u00ean\u00e9e, dans son foulard.<\/p>\n\n\n\n<p>Apr\u00e8s avoir vu passer&nbsp;<a href=\"https:\/\/www.20minutes.fr\/arts-stars\/people\/2263059-20180428-claire-chazal-evoque-histoires-amour-plus-envie-souffrir\">Claire Chazal<\/a>, Jean-Claude Narcy et Michel Drucker, les badauds voient arriver la nouvelle g\u00e9n\u00e9ration. Pas la leur \u00e0 la vue des commentaires qui fusent au passage de Gilles Bouleau, Marie-Sophie Laccarau ou Harry Roselmack. Chacun y va de son \u00e9valuation. La tendance est pourtant positive&nbsp;:&nbsp;Ils sont bons, m\u00eame tr\u00e8s bons, mais ils ne sont pas Jean-Pierre Pernaut\u2026 \u00ab&nbsp;Et Harry Roselmack, il fait quoi&nbsp;?&nbsp;Il est bien lui, en plus il a l\u2019air gentil.&nbsp;\u00bb Une question qui restera sans r\u00e9ponse.<\/p>\n\n\n\n<h2 class=\"wp-block-heading\">Un hommage bien m\u00e9rit\u00e9 selon ses fans<\/h2>\n\n\n\n<p>Mais au moins, ils sont l\u00e0, comme tous ceux qui sont&nbsp;venus rendre hommage \u00e0 Jean-Pierre Pernaut. \u00ab&nbsp;\u00c7a fait plaisir de voir qu\u2019on ne l\u2019oublie pas, m\u00eame s\u2019il n\u2019\u00e9tait plus \u00e0 la t\u00e9l\u00e9&nbsp;\u00bb, raconte, soulag\u00e9, Herv\u00e9, un fid\u00e8le de l\u2019animateur. A la vue du nombre de cam\u00e9ras de t\u00e9l\u00e9vision, il ajoute dans un sourire&nbsp;:&nbsp;\u00ab&nbsp;C\u2019\u00e9tait quand m\u00eame quelqu\u2019un. C\u2019est la preuve. Et puis lui, les cam\u00e9ras, \u00e7a ne lui a jamais fait peur.&nbsp;\u00bb<\/p>\n\n\n\n<p>\u00ab&nbsp;Ca non, et ses fans non plus&nbsp;\u00bb, confirme Andr\u00e9. Qui a crois\u00e9 plusieurs fois \u00ab&nbsp;Monsieur Pernaut&nbsp;\u00bb. L\u2019homme, a crois\u00e9 \u00e0 plusieurs reprises l\u2019animateur est venu lui rendre&nbsp;hommage, quelques Unes de magazines coll\u00e9es sur le torse, t\u00e9moigne d\u2019un homme accessible et chaleureux&nbsp;:&nbsp;\u00ab&nbsp;Il ne savait pas qui j\u2019\u00e9tais, mais \u00e0 chaque fois qu\u2019on se voyait, il me faisait un signe et il ne rechignait pas \u00e0 une bonne poign\u00e9e de main.&nbsp;\u00bb<\/p>\n\n\n\n<p><a href=\"https:\/\/www.20minutes.fr\/dossier\/jean_pierre_pernaut\">Notre dossier sur Jean-Pierre Pernaut<\/a><\/p>\n\n\n\n<p>Si Andr\u00e9 sait que l\u2019inhumation de Jean-Pierre Pernaut aura lieu \u00e0 Amiens dans la plus grande intimit\u00e9, il esp\u00e8re que des c\u00e9l\u00e9brations populaires seront organis\u00e9es dans le Nord. Les personnes qui l\u2019entourent non pas de doute&nbsp;:&nbsp;\u00ab&nbsp;Bien s\u00fbr qu\u2019ils le feront, c\u2019est l\u2019enfant du pays, et s\u2019il le faut, nous irons aussi.&nbsp;\u00bb<\/p>\n","protected":false},"excerpt":{"rendered":"<p>\u00c7a fait bizarre. J\u2019ai l\u2019impression qu\u2019hier encore, je le regardais \u00e0 la\u00a0t\u00e9l\u00e9.\u00a0\u00bb Ce mercredi matin, Colette, 74 ans, n\u2019arrive pas \u00e0 r\u00e9aliser. Pr\u00e9sente devant la basilique Sainte-Clotilde (7e\u00a0arrondissement de\u00a0Paris), elle est venue assister aux fun\u00e9railles de\u00a0Jean-Pierre Pernaut, d\u00e9c\u00e9d\u00e9 le 2\u00a0mars dernier, \u00e0 l\u2019\u00e2ge de 71 ans.\u00a0Et Colette n\u2019est pas seule. Amass\u00e9e devant l\u2019\u00e9difice, une foule [&hellip;]<\/p>\n","protected":false},"author":2,"featured_media":20669,"comment_status":"open","ping_status":"open","sticky":false,"template":"","format":"standard","meta":{"_jetpack_memberships_contains_paid_content":false,"footnotes":"","jetpack_publicize_message":"","jetpack_publicize_feature_enabled":true,"jetpack_social_post_already_shared":true,"jetpack_social_options":{"image_generator_settings":{"template":"highway","default_image_id":0,"font":"","enabled":false},"version":2},"_wpas_customize_per_network":false},"categories":[68],"tags":[],"class_list":["post-20668","post","type-post","status-publish","format-standard","has-post-thumbnail","hentry","category-actu-culturelle"],"jetpack_publicize_connections":[],"jetpack_featured_media_url":"https:\/\/i0.wp.com\/www.iceagetv.com\/radiosite\/wp-content\/uploads\/2022\/03\/Obseques-de-Jean-Pierre-Pernaut.png?fit=538%2C352&ssl=1","jetpack_sharing_enabled":true,"_links":{"self":[{"href":"https:\/\/www.iceagetv.com\/radiosite\/wp-json\/wp\/v2\/posts\/20668","targetHints":{"allow":["GET"]}}],"collection":[{"href":"https:\/\/www.iceagetv.com\/radiosite\/wp-json\/wp\/v2\/posts"}],"about":[{"href":"https:\/\/www.iceagetv.com\/radiosite\/wp-json\/wp\/v2\/types\/post"}],"author":[{"embeddable":true,"href":"https:\/\/www.iceagetv.com\/radiosite\/wp-json\/wp\/v2\/users\/2"}],"replies":[{"embeddable":true,"href":"https:\/\/www.iceagetv.com\/radiosite\/wp-json\/wp\/v2\/comments?post=20668"}],"version-history":[{"count":1,"href":"https:\/\/www.iceagetv.com\/radiosite\/wp-json\/wp\/v2\/posts\/20668\/revisions"}],"predecessor-version":[{"id":20670,"href":"https:\/\/www.iceagetv.com\/radiosite\/wp-json\/wp\/v2\/posts\/20668\/revisions\/20670"}],"wp:featuredmedia":[{"embeddable":true,"href":"https:\/\/www.iceagetv.com\/radiosite\/wp-json\/wp\/v2\/media\/20669"}],"wp:attachment":[{"href":"https:\/\/www.iceagetv.com\/radiosite\/wp-json\/wp\/v2\/media?parent=20668"}],"wp:term":[{"taxonomy":"category","embeddable":true,"href":"https:\/\/www.iceagetv.com\/radiosite\/wp-json\/wp\/v2\/categories?post=20668"},{"taxonomy":"post_tag","embeddable":true,"href":"https:\/\/www.iceagetv.com\/radiosite\/wp-json\/wp\/v2\/tags?post=20668"}],"curies":[{"name":"wp","href":"https:\/\/api.w.org\/{rel}","templated":true}]}}