{"id":20676,"date":"2022-03-10T15:04:06","date_gmt":"2022-03-10T15:04:06","guid":{"rendered":"http:\/\/www.iceagetv.com\/radiosite\/?p=20676"},"modified":"2022-03-10T15:04:06","modified_gmt":"2022-03-10T15:04:06","slug":"la-justice-confirme-la-mise-en-examen-de-lacteur-gerard-depardieu-pour-viols-et-agressions-sexuelles-commis-a-lencontre-de-la-comedienne-charlotte-arnould-en-2018","status":"publish","type":"post","link":"https:\/\/www.iceagetv.com\/radiosite\/la-justice-confirme-la-mise-en-examen-de-lacteur-gerard-depardieu-pour-viols-et-agressions-sexuelles-commis-a-lencontre-de-la-comedienne-charlotte-arnould-en-2018\/","title":{"rendered":"La justice confirme la mise en examen de l&rsquo;acteur G\u00e9rard Depardieu pour \u00ab\u00a0viols\u00a0\u00bb et \u00ab\u00a0agressions sexuelles\u00a0\u00bb commis \u00e0 l\u2019encontre de la com\u00e9dienne Charlotte Arnould en 2018"},"content":{"rendered":"\n<p>La cour d&rsquo;appel de Paris a confirm\u00e9 jeudi la mise en examen de G\u00e9rard Depardieu pour \u00ab\u00a0viols\u00a0\u00bb et \u00ab\u00a0agressions sexuelles\u00a0\u00bb sur plainte de la com\u00e9dienne Charlotte Arnould, a indiqu\u00e9 le procureur g\u00e9n\u00e9ral de Paris, R\u00e9my Heitz, dans un communiqu\u00e9. \u00ab\u00a0La chambre de l&rsquo;instruction consid\u00e8re ainsi qu&rsquo;il existe, \u00e0 ce stade, des indices graves ou concordants qui justifient que G\u00e9rard Depardieu demeure mis en examen\u00a0\u00bb, pour ces faits datant d&rsquo;ao\u00fbt 2018, a d\u00e9clar\u00e9 R\u00e9my Heitz.<\/p>\n\n\n\n<p>G\u00e9rard Depardieu, \u00e2g\u00e9 de 73 ans, avait demand\u00e9 dans une requ\u00eate de mai 2021 que soit prononc\u00e9e la nullit\u00e9 de sa mise en examen concernant ces faits. La chambre de l&rsquo;instruction avait \u00e9tudi\u00e9 lors d&rsquo;une audience le 3 f\u00e9vrier cette demande \u00e0 laquelle s&rsquo;opposait le parquet g\u00e9n\u00e9ral de la cour d&rsquo;appel de Paris. \u00ab\u00a0Le dossier retourne d\u00e9sormais\u00a0\u00bb \u00e0 la juge d&rsquo;instruction \u00ab\u00a0pour poursuite de l&rsquo;information judiciaire\u00a0\u00bb, a ajout\u00e9 R\u00e9my Heitz.<em>close<\/em><em>volume_off<\/em><\/p>\n\n\n\n<p>\u00ab\u00a0Je ne souhaite pas faire de commentaires\u00a0\u00bb, a dit \u00e0 l&rsquo;AFP Charlotte Arnould, pr\u00e9sente \u00e0 la cour d&rsquo;appel au moment du d\u00e9lib\u00e9r\u00e9, manifestement \u00e9mue et accompagn\u00e9e d&rsquo;une proche. \u00ab\u00a0Ma cliente est particuli\u00e8rement soulag\u00e9e et confiante \u00e0 l&rsquo;\u00e9gard de la justice qui a \u00e9t\u00e9 rendue ce jour\u00a0\u00bb, a r\u00e9agi aupr\u00e8s de l&rsquo;AFP son avocate, Me Carine Durrieu-Diebolt. \u00ab\u00a0Il est important de relever qu&rsquo;actuellement tous les magistrats en charge du dossier\u00a0\u00bb, que ce soit la juge d&rsquo;instruction ou \u00e0 la cour d&rsquo;appel, \u00ab\u00a0estiment qu&rsquo;il y a des indices graves ou concordants qui laissent \u00e0 penser que G\u00e9rard Depardieu a bien commis les faits d&rsquo;agressions sexuelles et de viols dont il est accus\u00e9\u00a0\u00bb, a ajout\u00e9 l&rsquo;avocate. Sollicit\u00e9 par l&rsquo;AFP, l&rsquo;avocat du com\u00e9dien, Me Herv\u00e9 Temime, n&rsquo;a pas souhait\u00e9 r\u00e9agir.<\/p>\n\n\n\n<p>L&rsquo;affaire avait d\u00e9but\u00e9 \u00e0 l&rsquo;\u00e9t\u00e9 2018. La plaignante Charlotte Arnould, n\u00e9e en 1995 et \u00e2g\u00e9e de 22 ans au moment des faits, s&rsquo;\u00e9tait pr\u00e9sent\u00e9e \u00e0 la gendarmerie de Lambesc (Bouches-du-Rh\u00f4ne) fin ao\u00fbt 2018 en affirmant avoir \u00e9t\u00e9 viol\u00e9e quelques jours plus t\u00f4t \u00e0 deux reprises au domicile parisien de la star, un h\u00f4tel particulier du VIe arrondissement de Paris. Apr\u00e8s de nombreux d\u00e9m\u00eal\u00e9s judiciaires, une juge d&rsquo;instruction parisienne a mis en examen G\u00e9rard Depardieu le 16 d\u00e9cembre 2020 pour \u00ab\u00a0viols\u00a0\u00bb et \u00ab\u00a0agressions sexuelles\u00a0\u00bb, le laissant libre sans contr\u00f4le judiciaire. \u00ab\u00a0Je suis innocent et je n&rsquo;ai rien \u00e0 craindre\u00a0\u00bb, avait d\u00e9clar\u00e9 G\u00e9rard Depardieu au quotidien italien La Repubblica fin f\u00e9vrier 2021, peu apr\u00e8s la r\u00e9v\u00e9lation par l&rsquo;AFP de cette mise en cause.<\/p>\n","protected":false},"excerpt":{"rendered":"<p>La cour d&rsquo;appel de Paris a confirm\u00e9 jeudi la mise en examen de G\u00e9rard Depardieu pour \u00ab\u00a0viols\u00a0\u00bb et \u00ab\u00a0agressions sexuelles\u00a0\u00bb sur plainte de la com\u00e9dienne Charlotte Arnould, a indiqu\u00e9 le procureur g\u00e9n\u00e9ral de Paris, R\u00e9my Heitz, dans un communiqu\u00e9. \u00ab\u00a0La chambre de l&rsquo;instruction consid\u00e8re ainsi qu&rsquo;il existe, \u00e0 ce stade, des indices graves ou concordants [&hellip;]<\/p>\n","protected":false},"author":2,"featured_media":20677,"comment_status":"open","ping_status":"open","sticky":false,"template":"","format":"standard","meta":{"_jetpack_memberships_contains_paid_content":false,"footnotes":"","jetpack_publicize_message":"","jetpack_publicize_feature_enabled":true,"jetpack_social_post_already_shared":true,"jetpack_social_options":{"image_generator_settings":{"template":"highway","default_image_id":0,"font":"","enabled":false},"version":2},"_wpas_customize_per_network":false},"categories":[405],"tags":[],"class_list":["post-20676","post","type-post","status-publish","format-standard","has-post-thumbnail","hentry","category-actu-france-monde"],"jetpack_publicize_connections":[],"jetpack_featured_media_url":"https:\/\/i0.wp.com\/www.iceagetv.com\/radiosite\/wp-content\/uploads\/2022\/03\/La-justice-confirme-la-mise-en-examen-de-lacteur-Gerard-Depardieu.png?fit=864%2C378&ssl=1","jetpack_sharing_enabled":true,"_links":{"self":[{"href":"https:\/\/www.iceagetv.com\/radiosite\/wp-json\/wp\/v2\/posts\/20676","targetHints":{"allow":["GET"]}}],"collection":[{"href":"https:\/\/www.iceagetv.com\/radiosite\/wp-json\/wp\/v2\/posts"}],"about":[{"href":"https:\/\/www.iceagetv.com\/radiosite\/wp-json\/wp\/v2\/types\/post"}],"author":[{"embeddable":true,"href":"https:\/\/www.iceagetv.com\/radiosite\/wp-json\/wp\/v2\/users\/2"}],"replies":[{"embeddable":true,"href":"https:\/\/www.iceagetv.com\/radiosite\/wp-json\/wp\/v2\/comments?post=20676"}],"version-history":[{"count":1,"href":"https:\/\/www.iceagetv.com\/radiosite\/wp-json\/wp\/v2\/posts\/20676\/revisions"}],"predecessor-version":[{"id":20678,"href":"https:\/\/www.iceagetv.com\/radiosite\/wp-json\/wp\/v2\/posts\/20676\/revisions\/20678"}],"wp:featuredmedia":[{"embeddable":true,"href":"https:\/\/www.iceagetv.com\/radiosite\/wp-json\/wp\/v2\/media\/20677"}],"wp:attachment":[{"href":"https:\/\/www.iceagetv.com\/radiosite\/wp-json\/wp\/v2\/media?parent=20676"}],"wp:term":[{"taxonomy":"category","embeddable":true,"href":"https:\/\/www.iceagetv.com\/radiosite\/wp-json\/wp\/v2\/categories?post=20676"},{"taxonomy":"post_tag","embeddable":true,"href":"https:\/\/www.iceagetv.com\/radiosite\/wp-json\/wp\/v2\/tags?post=20676"}],"curies":[{"name":"wp","href":"https:\/\/api.w.org\/{rel}","templated":true}]}}