{"id":20680,"date":"2022-03-10T16:33:07","date_gmt":"2022-03-10T16:33:07","guid":{"rendered":"http:\/\/www.iceagetv.com\/radiosite\/?p=20680"},"modified":"2022-03-10T16:33:07","modified_gmt":"2022-03-10T16:33:07","slug":"lagression-dyvan-colonna-a-provoque-de-violents-incidents-cette-nuit-en-corse-le-tribunal-dajaccio-incendie-plusieurs-blesses-dont-23-crs-et-un-journaliste-et-des-milliers-de-ge","status":"publish","type":"post","link":"https:\/\/www.iceagetv.com\/radiosite\/lagression-dyvan-colonna-a-provoque-de-violents-incidents-cette-nuit-en-corse-le-tribunal-dajaccio-incendie-plusieurs-blesses-dont-23-crs-et-un-journaliste-et-des-milliers-de-ge\/","title":{"rendered":"L&rsquo;agression d\u2019Yvan Colonna a provoqu\u00e9 de violents incidents cette nuit en Corse : Le tribunal d\u2019Ajaccio incendi\u00e9, plusieurs bless\u00e9s dont 23 CRS et un journaliste et des milliers de gens dans la rue"},"content":{"rendered":"\n<p><strong>23 policiers ont \u00e9t\u00e9 bless\u00e9s \u00e0 Bastia dans des heurts avec des manifestants violents annonce le Pr\u00e9fet de Haute Corse dans un message sur Twitter.<\/strong><\/p>\n\n\n\n<p><strong>Une semaine apr\u00e8s l\u2019agression du militant ind\u00e9pendantiste Yvan Colonna en prison, des rassemblements en Corse mercredi soir ont \u00e9t\u00e9 \u00e9maill\u00e9s de violents incidents avec notamment une intrusion et des d\u00e9parts de feu dans le palais de justice d\u2019Ajaccio, et plusieurs bless\u00e9s.&nbsp;<\/strong><\/p>\n\n\n\n<p>Plus tard dans la soir\u00e9e, des manifestants se sont introduits dans le palais de justice et ont allum\u00e9 des feux devant et \u00e0 l\u2019int\u00e9rieur du b\u00e2timent, selon une source polici\u00e8re. Deux interpellations ont ensuite eu lieu aux abords du palais de justice, selon cette m\u00eame source. Des rames de papier ou des d\u00e9chets ont \u00e9t\u00e9 br\u00fbl\u00e9s dans le hall et d\u2019autres d\u00e9parts de feu ont noirci la fa\u00e7ade, a constat\u00e9 un photographe de l\u2019AFP qui pr\u00e9cise que les feux ont rapidement \u00e9t\u00e9 \u00e9teints par les pompiers.<\/p>\n\n\n\n<p>Hier soir, le Pr\u00e9fet de Haute Corse a publi\u00e9 un communiqu\u00e9 dans lequel il affirme :<\/p>\n\n\n\n<p><em>\u00ab\u00a0Depuis environ 17h, des manifestants violents agressent les forces de l\u2019ordre positionn\u00e9es \u00e0 l\u2019int\u00e9rieur et aux abords de la pr\u00e9fecture.<\/em><\/p>\n\n\n\n<p><em>Alors que les heurts n\u2019ont pas encore pris fin, les forces de l\u2019ordre ont subi 95 jets de cockails molotov, auxquels il faut ajouter les bombes agricoles, billes de fer, tirs de fronde.<\/em><\/p>\n\n\n\n<p><em>8 policiers des compagnies r\u00e9publicaines de s\u00e9curit\u00e9 ont \u00e9t\u00e9 bless\u00e9s.<\/em><\/p>\n\n\n\n<p><em>Les CRS ont maintenu la distance avec les manifestants par le recours au gaz lacrymog\u00e8ne. Un seul tir de LBD a \u00e9t\u00e9 r\u00e9alis\u00e9 et a touch\u00e9 aux parties inf\u00e9rieures un manifestant approchant avec un cocktail molotov.<\/em><\/p>\n\n\n\n<p><em>Les pompiers ont pris en charge trois bless\u00e9s&nbsp;: une personne d\u00e9sorient\u00e9e par la respiration des gaz lacrymog\u00e8nes, deux autres pour des plaies au niveau du cr\u00e2ne et du visage.<\/em><\/p>\n\n\n\n<p><em>Un photographe du journal \u00ab&nbsp;Corse matin&nbsp;\u00bb a \u00e9t\u00e9 bless\u00e9. Le pr\u00e9fet de Haute-Corse rappelle son attachement \u00e0 la libert\u00e9 pour la presse de pouvoir couvrir ce type d\u2019\u00e9v\u00e8nements et apporte tout son soutien au journaliste et \u00e0 sa r\u00e9daction.<\/em><\/p>\n\n\n\n<p><em>A Calvi, apr\u00e8s une premi\u00e8re partie de manifestation dans le calme, vers 20 heures une quarantaine de manifestants, cagoul\u00e9s, ont jet\u00e9 des cocktails molotov contre la sous-pr\u00e9fecture et bris\u00e9 des vitres \u00e0 coup de pierre.<\/em><\/p>\n\n\n\n<p><em>C\u2019est la premi\u00e8re fois que la sous-pr\u00e9fecture de Calvi est attaqu\u00e9e de la sorte.<\/em><\/p>\n\n\n\n<p><em>Il s\u2019agit du 6\u1d49 jour cons\u00e9cutif de violences en Haute-Corse. L\u2019esprit de responsabilit\u00e9 doit pr\u00e9valoir&nbsp;: des lyc\u00e9ens, \u00e9tudiants n\u2019ont rien \u00e0 faire dans ce type de rassemblement dans lequel ils se mettent eux et les autres en danger. L\u2019agression syst\u00e9matique des forces de l\u2019ordre ne fera avancer aucune revendication. Le pr\u00e9fet condamne ces violences et appelle chacun au calme.\u00a0\u00bb<\/em><\/p>\n\n\n\n<p>Il faut dire que depuis quelques jours, les incidents se multiplient dans toute l&rsquo;\u00eele. Devant le lyc\u00e9e Laetitia \u00e0 Ajaccio, des affiches en langue corse ont \u00e9t\u00e9 fix\u00e9es sur les grilles : \u00ab\u00a0soutien \u00e0 Yvan Colonna\u00a0\u00bb ou \u00ab\u00a0Ava Basta\u00a0\u00bb (\u00c7a suffit). Devant le lyc\u00e9e Fesch, dans le centre d&rsquo;Ajaccio, une banderole manuscrite porte l&rsquo;inscription en corse \u00ab\u00a0\u00c9tat fran\u00e7ais assassin\u00a0\u00bb.<\/p>\n\n\n\n<p>Par ailleurs, un appartement inoccup\u00e9 a \u00e9t\u00e9 incendi\u00e9 dans la nuit de dimanche \u00e0 lundi \u00e0 Linguizzetta dans la Haute-Corse, sans faire de bless\u00e9 et des tags \u00ab\u00a0\u00e0 connotation nationaliste\u00a0\u00bb et anti-Fran\u00e7ais ont \u00e9t\u00e9 d\u00e9couverts \u00e0 proximit\u00e9, a indiqu\u00e9 \u00e0 l&rsquo;AFP le procureur de Bastia. On a d\u00e9couvert \u00e0 proximit\u00e9 de l&rsquo;appartement des tags \u00e0 connotation nationaliste, il y a notamment IFF\u00a0\u00bb (I Francesi Fora, que l&rsquo;on traduit par \u00ab\u00a0les Fran\u00e7ais Dehors\u00a0\u00bb), a pr\u00e9cis\u00e9 le procureur, ajoutant qu&rsquo;un v\u00e9hicule a \u00e9galement \u00e9t\u00e9 incendi\u00e9.<\/p>\n","protected":false},"excerpt":{"rendered":"<p>23 policiers ont \u00e9t\u00e9 bless\u00e9s \u00e0 Bastia dans des heurts avec des manifestants violents annonce le Pr\u00e9fet de Haute Corse dans un message sur Twitter. Une semaine apr\u00e8s l\u2019agression du militant ind\u00e9pendantiste Yvan Colonna en prison, des rassemblements en Corse mercredi soir ont \u00e9t\u00e9 \u00e9maill\u00e9s de violents incidents avec notamment une intrusion et des d\u00e9parts [&hellip;]<\/p>\n","protected":false},"author":2,"featured_media":20681,"comment_status":"open","ping_status":"open","sticky":false,"template":"","format":"standard","meta":{"_jetpack_memberships_contains_paid_content":false,"footnotes":"","jetpack_publicize_message":"","jetpack_publicize_feature_enabled":true,"jetpack_social_post_already_shared":true,"jetpack_social_options":{"image_generator_settings":{"template":"highway","default_image_id":0,"font":"","enabled":false},"version":2},"_wpas_customize_per_network":false},"categories":[405],"tags":[],"class_list":["post-20680","post","type-post","status-publish","format-standard","has-post-thumbnail","hentry","category-actu-france-monde"],"jetpack_publicize_connections":[],"jetpack_featured_media_url":"https:\/\/i0.wp.com\/www.iceagetv.com\/radiosite\/wp-content\/uploads\/2022\/03\/Lagression-dYvan-Colonna.jpg?fit=360%2C155&ssl=1","jetpack_sharing_enabled":true,"_links":{"self":[{"href":"https:\/\/www.iceagetv.com\/radiosite\/wp-json\/wp\/v2\/posts\/20680","targetHints":{"allow":["GET"]}}],"collection":[{"href":"https:\/\/www.iceagetv.com\/radiosite\/wp-json\/wp\/v2\/posts"}],"about":[{"href":"https:\/\/www.iceagetv.com\/radiosite\/wp-json\/wp\/v2\/types\/post"}],"author":[{"embeddable":true,"href":"https:\/\/www.iceagetv.com\/radiosite\/wp-json\/wp\/v2\/users\/2"}],"replies":[{"embeddable":true,"href":"https:\/\/www.iceagetv.com\/radiosite\/wp-json\/wp\/v2\/comments?post=20680"}],"version-history":[{"count":1,"href":"https:\/\/www.iceagetv.com\/radiosite\/wp-json\/wp\/v2\/posts\/20680\/revisions"}],"predecessor-version":[{"id":20682,"href":"https:\/\/www.iceagetv.com\/radiosite\/wp-json\/wp\/v2\/posts\/20680\/revisions\/20682"}],"wp:featuredmedia":[{"embeddable":true,"href":"https:\/\/www.iceagetv.com\/radiosite\/wp-json\/wp\/v2\/media\/20681"}],"wp:attachment":[{"href":"https:\/\/www.iceagetv.com\/radiosite\/wp-json\/wp\/v2\/media?parent=20680"}],"wp:term":[{"taxonomy":"category","embeddable":true,"href":"https:\/\/www.iceagetv.com\/radiosite\/wp-json\/wp\/v2\/categories?post=20680"},{"taxonomy":"post_tag","embeddable":true,"href":"https:\/\/www.iceagetv.com\/radiosite\/wp-json\/wp\/v2\/tags?post=20680"}],"curies":[{"name":"wp","href":"https:\/\/api.w.org\/{rel}","templated":true}]}}