{"id":20686,"date":"2022-03-11T08:13:32","date_gmt":"2022-03-11T08:13:32","guid":{"rendered":"http:\/\/www.iceagetv.com\/radiosite\/?p=20686"},"modified":"2022-03-11T08:13:32","modified_gmt":"2022-03-11T08:13:32","slug":"alain-maneval-animateur-demissions-tele-et-radio-cultes-ou-encore-responsable-darte-est-decede-a-lage-de-69-ans-des-suites-dun-cancer-des-os","status":"publish","type":"post","link":"https:\/\/www.iceagetv.com\/radiosite\/alain-maneval-animateur-demissions-tele-et-radio-cultes-ou-encore-responsable-darte-est-decede-a-lage-de-69-ans-des-suites-dun-cancer-des-os\/","title":{"rendered":"Alain Maneval, animateur d&rsquo;\u00e9missions t\u00e9l\u00e9 et radio cultes ou encore responsable d&rsquo;Arte, est d\u00e9c\u00e9d\u00e9 \u00e0 l&rsquo;\u00e2ge de 69 ans des suites d&rsquo;un cancer des os"},"content":{"rendered":"\n<p>Alain Maneval, qui fut attach\u00e9 de presse d&rsquo;Iggy Pop, animateur d&rsquo;\u00e9missions t\u00e9l\u00e9 et radio cultes ou encore responsable d&rsquo;Arte, est d\u00e9c\u00e9d\u00e9 \u00e0 l&rsquo;\u00e2ge de 69 ans des suites d&rsquo;un cancer des os, a indiqu\u00e9 jeudi sa famille \u00e0 l&rsquo;AFP. Cet homme des m\u00e9dias, passeur de musiques pop, rock et punk, est d\u00e9c\u00e9d\u00e9 \u00e0 Fontaine-les-Coteaux (Loir-et-Cher). Il y \u00e9tait \u00ab\u00a0hospitalis\u00e9 \u00e0 domicile en soins palliatifs\u00a0\u00bb, a-t-on pr\u00e9cis\u00e9 de m\u00eame source. Alain Maneval avait m\u00e9diatis\u00e9 \u00e0 une \u00e9poque sa s\u00e9ropositivit\u00e9 et avait r\u00e9alis\u00e9 un documentaire \u00ab\u00a0Vivre en positif\u00a0\u00bb. La cr\u00e9mation aura lieu le 18 mars \u00e0 10h30 au cimeti\u00e8re du P\u00e8re-Lachaise \u00e0 Paris.<\/p>\n\n\n\n<p>N\u00e9 \u00e0 Saint-Etienne, il \u00e9tait parti \u00e0 17 ans \u00e0 Paris pour y tenter le m\u00e9tier d&rsquo;acteur. Le hasard des rencontres le m\u00e8nera \u00e0 \u00eatre attach\u00e9 de presse \u00e0 Londres des Heartbreakers, groupe punk am\u00e9ricain. Il fut aussi l&rsquo;attach\u00e9 de presse en France d&rsquo;Iggy Pop ou encore Lou Reed.<em>close<\/em><em>volume_off<\/em><\/p>\n\n\n\n<p>Il glissera aussi dans le circuit des radios libres en France &#8211; telle, entre autres, la l\u00e9gendaire Carbone 14 &#8211; avant d&rsquo;acc\u00e9der \u00e0 une plus grande audience \u00e0 la fin des ann\u00e9es 1970 avec \u00ab\u00a0PO-GO\u00a0\u00bb, \u00e9mission musicale sur Europe 1 qu&rsquo;il animera dans un esprit punk.<\/p>\n\n\n\n<p>Dans \u00ab\u00a0Arditube\u00a0\u00bb, \u00e9mission de Thierry Ardisson, il avait racont\u00e9 s&rsquo;\u00eatre fait virer d&rsquo;Europe 1 apr\u00e8s avoir appel\u00e9 au boycott de Shell (un des annonceurs de la station) \u00e0 la suite de la mar\u00e9e noire d\u00e9clench\u00e9e par le naufrage de l&rsquo;Amoco Cadiz en 1978, dont il avait \u00e9t\u00e9 t\u00e9moin lors d&rsquo;un week-end sur une \u00eele bretonne.<\/p>\n\n\n\n<p>Le \u00ab\u00a0dandy rock\u00a0\u00bb, comme il \u00e9tait surnomm\u00e9, s&rsquo;oriente alors vers la t\u00e9l\u00e9, animant les \u00e9missions musicales \u00ab\u00a0Megahertz\u00a0\u00bb sur TF1 et \u00ab\u00a0Tam-tam\u00a0\u00bb sur TV6 (anc\u00eatre de M6) dans les ann\u00e9es 1980.<\/p>\n\n\n\n<p>Puis il deviendra un temps directeur des programmes d&rsquo;Arte. Il supervisera aussi au Maroc la cr\u00e9ation de la premi\u00e8re cha\u00eene de t\u00e9l\u00e9vision \u00e0 p\u00e9age, 2M.<\/p>\n\n\n\n<p>Dans les ann\u00e9es 2000, il repassa par la case radio sur France Inter. De nombreuses personnalit\u00e9s des m\u00e9dias ont salu\u00e9 sa m\u00e9moire jeudi. \u00ab\u00a0Si triste mais il me reste tout ce qu&rsquo;il nous a offert: la libert\u00e9, la passion (&#8230;) une attitude, l&rsquo;amour de la radio et de la musique\u00a0\u00bb, a ainsi comment\u00e9 le directeur musical des antennes de Radio France, Didier Varrod, sur Twitter.<\/p>\n","protected":false},"excerpt":{"rendered":"<p>Alain Maneval, qui fut attach\u00e9 de presse d&rsquo;Iggy Pop, animateur d&rsquo;\u00e9missions t\u00e9l\u00e9 et radio cultes ou encore responsable d&rsquo;Arte, est d\u00e9c\u00e9d\u00e9 \u00e0 l&rsquo;\u00e2ge de 69 ans des suites d&rsquo;un cancer des os, a indiqu\u00e9 jeudi sa famille \u00e0 l&rsquo;AFP. Cet homme des m\u00e9dias, passeur de musiques pop, rock et punk, est d\u00e9c\u00e9d\u00e9 \u00e0 Fontaine-les-Coteaux (Loir-et-Cher). [&hellip;]<\/p>\n","protected":false},"author":2,"featured_media":20687,"comment_status":"open","ping_status":"open","sticky":false,"template":"","format":"standard","meta":{"_jetpack_memberships_contains_paid_content":false,"footnotes":"","jetpack_publicize_message":"","jetpack_publicize_feature_enabled":true,"jetpack_social_post_already_shared":true,"jetpack_social_options":{"image_generator_settings":{"template":"highway","default_image_id":0,"font":"","enabled":false},"version":2},"_wpas_customize_per_network":false},"categories":[68],"tags":[],"class_list":["post-20686","post","type-post","status-publish","format-standard","has-post-thumbnail","hentry","category-actu-culturelle"],"jetpack_publicize_connections":[],"jetpack_featured_media_url":"https:\/\/i0.wp.com\/www.iceagetv.com\/radiosite\/wp-content\/uploads\/2022\/03\/Alain-Maneval.png?fit=620%2C269&ssl=1","jetpack_sharing_enabled":true,"_links":{"self":[{"href":"https:\/\/www.iceagetv.com\/radiosite\/wp-json\/wp\/v2\/posts\/20686","targetHints":{"allow":["GET"]}}],"collection":[{"href":"https:\/\/www.iceagetv.com\/radiosite\/wp-json\/wp\/v2\/posts"}],"about":[{"href":"https:\/\/www.iceagetv.com\/radiosite\/wp-json\/wp\/v2\/types\/post"}],"author":[{"embeddable":true,"href":"https:\/\/www.iceagetv.com\/radiosite\/wp-json\/wp\/v2\/users\/2"}],"replies":[{"embeddable":true,"href":"https:\/\/www.iceagetv.com\/radiosite\/wp-json\/wp\/v2\/comments?post=20686"}],"version-history":[{"count":1,"href":"https:\/\/www.iceagetv.com\/radiosite\/wp-json\/wp\/v2\/posts\/20686\/revisions"}],"predecessor-version":[{"id":20688,"href":"https:\/\/www.iceagetv.com\/radiosite\/wp-json\/wp\/v2\/posts\/20686\/revisions\/20688"}],"wp:featuredmedia":[{"embeddable":true,"href":"https:\/\/www.iceagetv.com\/radiosite\/wp-json\/wp\/v2\/media\/20687"}],"wp:attachment":[{"href":"https:\/\/www.iceagetv.com\/radiosite\/wp-json\/wp\/v2\/media?parent=20686"}],"wp:term":[{"taxonomy":"category","embeddable":true,"href":"https:\/\/www.iceagetv.com\/radiosite\/wp-json\/wp\/v2\/categories?post=20686"},{"taxonomy":"post_tag","embeddable":true,"href":"https:\/\/www.iceagetv.com\/radiosite\/wp-json\/wp\/v2\/tags?post=20686"}],"curies":[{"name":"wp","href":"https:\/\/api.w.org\/{rel}","templated":true}]}}