{"id":20698,"date":"2022-03-11T20:28:25","date_gmt":"2022-03-11T20:28:25","guid":{"rendered":"http:\/\/www.iceagetv.com\/radiosite\/?p=20698"},"modified":"2022-03-11T20:28:25","modified_gmt":"2022-03-11T20:28:25","slug":"yvan-colonna-plusieurs-dizaines-de-personnes-cagoulees-ont-tente-de-sintroduire-de-force-dans-la-gendarmerie-de-porto-vecchio-a-lissue-dune-manifestation-de-lyceens","status":"publish","type":"post","link":"https:\/\/www.iceagetv.com\/radiosite\/yvan-colonna-plusieurs-dizaines-de-personnes-cagoulees-ont-tente-de-sintroduire-de-force-dans-la-gendarmerie-de-porto-vecchio-a-lissue-dune-manifestation-de-lyceens\/","title":{"rendered":"Yvan Colonna &#8211; Plusieurs dizaines de personnes cagoul\u00e9es ont tent\u00e9 de s&rsquo;introduire de force dans la gendarmerie de Porto-Vecchio \u00e0 l&rsquo;issue d&rsquo;une manifestation de lyc\u00e9ens"},"content":{"rendered":"\n<p>Une tentative d&rsquo;intrusion de manifestants dans la gendarmerie de Porto-Vecchio (Corse-du-Sud) a \u00e9t\u00e9 bloqu\u00e9e aujourd&rsquo;hui, neuf jours apr\u00e8s l&rsquo;agression en prison du militant ind\u00e9pendantiste Yvan Colonna ayant entra\u00een\u00e9 manifestations et violences en Corse, ont indiqu\u00e9 \u00e0 l&rsquo;AFP la gendarmerie et le procureur d&rsquo;Ajaccio. \u00ab\u00a0Plusieurs dizaines de personnes cagoul\u00e9es\u00a0\u00bb ont fait une \u00ab\u00a0tentative d&rsquo;intrusion\u00a0\u00bb sans parvenir \u00e0 entrer dans la caserne de gendarmerie, a indiqu\u00e9 \u00e0 l&rsquo;AFP Nicolas Septe, procureur de la R\u00e9publique d&rsquo;Ajaccio.<\/p>\n\n\n\n<p>Il y a eu \u00ab\u00a0des jets de cocktails molotov\u00a0\u00bb et des \u00ab\u00a0v\u00e9hicules personnels et professionnels de gendarmes endommag\u00e9s\u00a0\u00bb mais \u00ab\u00a0pas de bless\u00e9s\u00a0\u00bb, a ajout\u00e9 le procureur, pr\u00e9cisant qu&rsquo;une enqu\u00eate pour \u00ab\u00a0d\u00e9gradation de biens publics par moyen dangereux\u00a0\u00bb \u00e9tait ouverte, les auteurs encourant \u00ab\u00a0dix ans d&#8217;emprisonnement\u00a0\u00bb.<\/p>\n\n\n\n<p>A l&rsquo;issue d&rsquo;une manifestation de lyc\u00e9ens \u00e0 Porto-Vecchio ce vendredi matin vers 11 heures 30, environ \u00ab\u00a0150 personnes\u00a0\u00bb se sont rassembl\u00e9es devant la caserne de la ville qui a \u00e9t\u00e9 ferm\u00e9e, a relat\u00e9 \u00e0 l&rsquo;AFP une source au sein de la gendarmerie de Corse.<\/p>\n\n\n\n<p>Rapidement, \u00ab\u00a040 \u00e0 50 personnes virulentes et cagoul\u00e9es ont essay\u00e9 de p\u00e9n\u00e9trer de force dans la caserne\u00a0\u00bb, en vain, a-t-elle ajout\u00e9. Ces individus ont ensuite essay\u00e9 d&rsquo;entrer par l&rsquo;arri\u00e8re de la caserne \u00ab\u00a0mais ont \u00e9t\u00e9 maintenus \u00e0 l&rsquo;ext\u00e9rieur\u00a0\u00bb, selon la m\u00eame source qui a pr\u00e9cis\u00e9 que \u00ab\u00a0le maire de Porto-Vecchio\u00a0\u00bb, l&rsquo;autonomiste Jean-Christophe Angelini, \u00e9tait venu \u00ab\u00a0pour contribuer \u00e0 calmer un peu les choses\u00a0\u00bb.<\/p>\n\n\n\n<p>\u00ab\u00a0Pendant deux heures, 30 \u00e0 40 personnes sont rest\u00e9es sur place, voulant toujours en d\u00e9coudre, mais ont \u00e9t\u00e9 maintenues \u00e0 l&rsquo;ext\u00e9rieur de la caserne\u00a0\u00bb, a-t-elle pr\u00e9cis\u00e9, ajoutant que les manifestants ont quitt\u00e9 les lieux \u00e0 14 heures et que des renforts de gendarmerie sont arriv\u00e9s.<\/p>\n\n\n\n<p>\u00ab\u00a0Ils s&rsquo;en sont pris au b\u00e2timent des familles o\u00f9 logent parents et enfants, avec notamment des vitres cass\u00e9es\u00a0\u00bb, a regrett\u00e9 cette source. Plusieurs vitres ont \u00e9t\u00e9 cass\u00e9es et une hache a notamment \u00e9t\u00e9 retrouv\u00e9e parmi les projectiles lanc\u00e9s \u00e0 travers les fen\u00eatres des logements. Le portail et les syst\u00e8mes de vid\u00e9o protection ont \u00e9galement \u00e9t\u00e9 d\u00e9t\u00e9rior\u00e9s.<\/p>\n","protected":false},"excerpt":{"rendered":"<p>Une tentative d&rsquo;intrusion de manifestants dans la gendarmerie de Porto-Vecchio (Corse-du-Sud) a \u00e9t\u00e9 bloqu\u00e9e aujourd&rsquo;hui, neuf jours apr\u00e8s l&rsquo;agression en prison du militant ind\u00e9pendantiste Yvan Colonna ayant entra\u00een\u00e9 manifestations et violences en Corse, ont indiqu\u00e9 \u00e0 l&rsquo;AFP la gendarmerie et le procureur d&rsquo;Ajaccio. \u00ab\u00a0Plusieurs dizaines de personnes cagoul\u00e9es\u00a0\u00bb ont fait une \u00ab\u00a0tentative d&rsquo;intrusion\u00a0\u00bb sans parvenir [&hellip;]<\/p>\n","protected":false},"author":2,"featured_media":20699,"comment_status":"open","ping_status":"open","sticky":false,"template":"","format":"standard","meta":{"_jetpack_memberships_contains_paid_content":false,"footnotes":"","jetpack_publicize_message":"","jetpack_publicize_feature_enabled":true,"jetpack_social_post_already_shared":true,"jetpack_social_options":{"image_generator_settings":{"template":"highway","default_image_id":0,"font":"","enabled":false},"version":2},"_wpas_customize_per_network":false},"categories":[405],"tags":[],"class_list":["post-20698","post","type-post","status-publish","format-standard","has-post-thumbnail","hentry","category-actu-france-monde"],"jetpack_publicize_connections":[],"jetpack_featured_media_url":"https:\/\/i0.wp.com\/www.iceagetv.com\/radiosite\/wp-content\/uploads\/2022\/03\/Plusieurs-dizaines-de-personnes-cagoulees-ont-tente-de-sintroduire-de-force-dans-la-gendarmerie-de-Porto-Vecchio-a-lissue-dune-manifestation-de-lyceens.jpg?fit=680%2C294&ssl=1","jetpack_sharing_enabled":true,"_links":{"self":[{"href":"https:\/\/www.iceagetv.com\/radiosite\/wp-json\/wp\/v2\/posts\/20698","targetHints":{"allow":["GET"]}}],"collection":[{"href":"https:\/\/www.iceagetv.com\/radiosite\/wp-json\/wp\/v2\/posts"}],"about":[{"href":"https:\/\/www.iceagetv.com\/radiosite\/wp-json\/wp\/v2\/types\/post"}],"author":[{"embeddable":true,"href":"https:\/\/www.iceagetv.com\/radiosite\/wp-json\/wp\/v2\/users\/2"}],"replies":[{"embeddable":true,"href":"https:\/\/www.iceagetv.com\/radiosite\/wp-json\/wp\/v2\/comments?post=20698"}],"version-history":[{"count":1,"href":"https:\/\/www.iceagetv.com\/radiosite\/wp-json\/wp\/v2\/posts\/20698\/revisions"}],"predecessor-version":[{"id":20700,"href":"https:\/\/www.iceagetv.com\/radiosite\/wp-json\/wp\/v2\/posts\/20698\/revisions\/20700"}],"wp:featuredmedia":[{"embeddable":true,"href":"https:\/\/www.iceagetv.com\/radiosite\/wp-json\/wp\/v2\/media\/20699"}],"wp:attachment":[{"href":"https:\/\/www.iceagetv.com\/radiosite\/wp-json\/wp\/v2\/media?parent=20698"}],"wp:term":[{"taxonomy":"category","embeddable":true,"href":"https:\/\/www.iceagetv.com\/radiosite\/wp-json\/wp\/v2\/categories?post=20698"},{"taxonomy":"post_tag","embeddable":true,"href":"https:\/\/www.iceagetv.com\/radiosite\/wp-json\/wp\/v2\/tags?post=20698"}],"curies":[{"name":"wp","href":"https:\/\/api.w.org\/{rel}","templated":true}]}}