{"id":20752,"date":"2022-03-17T16:19:28","date_gmt":"2022-03-17T16:19:28","guid":{"rendered":"http:\/\/www.iceagetv.com\/radiosite\/?p=20752"},"modified":"2022-03-17T16:19:28","modified_gmt":"2022-03-17T16:19:28","slug":"presidentielle-emmanuel-macron-propose-une-reforme-du-rsa-avec-15-a-20h-dactivite-hebdomadaire-le-candidat-souhaite-le-remplacement-de-pole-emploi-par-un-guichet-unique","status":"publish","type":"post","link":"https:\/\/www.iceagetv.com\/radiosite\/presidentielle-emmanuel-macron-propose-une-reforme-du-rsa-avec-15-a-20h-dactivite-hebdomadaire-le-candidat-souhaite-le-remplacement-de-pole-emploi-par-un-guichet-unique\/","title":{"rendered":"Pr\u00e9sidentielle Emmanuel Macron propose une r\u00e9forme du RSA avec \u00ab\u00a015 \u00e0 20h d&rsquo;activit\u00e9\u00a0\u00bb hebdomadaire &#8211; Le candidat souhaite le remplacement de P\u00f4le Emploi par un guichet unique"},"content":{"rendered":"\n<p><strong>Emmanuel Macron pr\u00e9sente cet apr\u00e8s-midi son programme devant les journalistes depuis les Docks de Paris, \u00e0 Aubervilliers (Seine-Saint-Denis)<\/strong><\/p>\n\n\n\n<p>\u00ab\u00a0Je suis ici aujourd\u2019hui pour pr\u00e9senter les grands axes de mon projet pour les cinq ann\u00e9es qui viennent. Le projet que je souhaite vous pr\u00e9senter, c&rsquo;est \u00e0 la fois le fruit d&rsquo;une coh\u00e9rence, d&rsquo;\u00e9mancipation, de progr\u00e8s pour chacun, qui se nourrit des crises que nous avons travers\u00e9es<\/p>\n\n\n\n<p>\u00ab\u00a0Il faut savoir comment aborder cette nouvelle \u00e9poque, marqu\u00e9e par le retour de la guerre et des crises\u00a0\u00bb, a d\u00e9clar\u00e9 Emmanuel Macron en pr\u00e9cisant \u00ab\u00a0pendant cinq ans, nous avons tenu\u00a0\u00bb. \u00ab\u00a0Il nous faudra faire des choix, parfois historiques\u00a0\u00bb \u00ab\u00a0Je t\u00e2che de faire ce que j&rsquo;ai dit et j&rsquo;essaye de dire \u00e0 chaque fois ce que je fais. J&rsquo;avais promis de baisser le taux de ch\u00f4mage et malgr\u00e9 les crises, nous l&rsquo;avons fait\u00a0\u00bb. \u00ab\u00a0Malgr\u00e9 les crises, le taux de ch\u00f4mage et les imp\u00f4ts ont baiss\u00e9\u00a0\u00bb.<\/p>\n\n\n\n<p>\u00ab\u00a0Il faut faire de la France une nation plus ind\u00e9pendante et une Europe plus forte\u00a0\u00bb. \u00ab\u00a0Nous devons conforter un mod\u00e8le complet d\u2019arm\u00e9es pour affronter une guerre de haute intensit\u00e9 de retour sur notre continent\u00a0\u00bb.<\/p>\n\n\n\n<p>Emmanuel Macron annonce la poursuite du service civique qui&nbsp;\u00ab\u00a0permet l&rsquo;acquisition de comp\u00e9tences qui viennent renforcer la r\u00e9silience de la nation\u00a0\u00bb. \u00ab\u00a0La France s&rsquo;est engag\u00e9e sur une strat\u00e9gie de neutralit\u00e9 carbone en 2050. Nous pouvons \u00eatre la premi\u00e8re grande nation \u00e0 sortir de la d\u00e9pendance au gaz, au p\u00e9trole, et au charbon\u00a0\u00bb<\/p>\n\n\n\n<p><strong>Emmanuel Macron veut lancer des \u00ab\u00a0Etats g\u00e9n\u00e9raux pour l&rsquo;information\u00a0\u00bb au niveau de l&rsquo;Union europ\u00e9enne.<\/strong>&nbsp;\u00ab\u00a0Il nous faut avancer sur des \u00e9l\u00e9ments pour d\u00e9fendre l&rsquo;information libre et ind\u00e9pendante en Europe\u00a0\u00bb, a-t-il pr\u00e9cis\u00e9.<\/p>\n\n\n\n<p>\u00ab\u00a0Il nous faut r\u00e9former le lyc\u00e9e professionnel pour en faire une fili\u00e8re d&rsquo;excellence comme on a pu le faire avec l&rsquo;apprentissage (&#8230;) en les ouvrant sur les entreprises, en r\u00e9mun\u00e9rant les lyc\u00e9ens quand ils sont en stage\u00a0\u00bb, a avanc\u00e9 le pr\u00e9sident. \u00ab\u00a0<strong>Nous transformerons P\u00f4le Emploi en France Travail pour mettre ensemble les comp\u00e9tences de P\u00f4le emploi, des r\u00e9gions, des missions locales. Il y a une trop grande segmentation aujourd&rsquo;hui\u00a0\u00bb<\/strong>, a avanc\u00e9 le pr\u00e9sident. Emmanuel Macron annonce viser le \u00ab\u00a0plein emploi\u00a0\u00bb dans 5 ans.<\/p>\n\n\n\n<p>\u00ab\u00a0Il faut travailler plus. Nous poursuivrons les r\u00e9formes du march\u00e9 du travail en simplifiant le dialogue social (&#8230;) et nous continuerons la r\u00e9forme de l&rsquo;assurance ch\u00f4mage\u00a0\u00bb.<\/p>\n\n\n\n<p><strong>Emmanuel Macron propose une r\u00e9forme du RSA avec \u00ab\u00a015 \u00e0 20h d&rsquo;activit\u00e9\u00a0\u00bb hebdomadaire.<\/strong>&nbsp;\u00ab\u00a0Le RSA ne peut pas seulement \u00eatre une prestation mais un accompagnement\u00a0\u00bb, a-t-il pr\u00e9cis\u00e9. Et d&rsquo;indiquer : \u00ab\u00a0Il y aura dans cette r\u00e9forme l&rsquo;obligation de consacrer 15 \u00e0 20 heures par semaine \u00e0 une activit\u00e9 permettant d&rsquo;aller vers l&rsquo;insertion professionnelle\u00a0\u00bb.<\/p>\n\n\n\n<p><strong>Emmanuel Macron confirme sa volont\u00e9 de d\u00e9caler progressivement l&rsquo;\u00e2ge de d\u00e9part \u00e0 la retraite \u00e0 65 ans en prenant \u00ab\u00a0en compte les carri\u00e8res longues, les questions d&rsquo;invalidit\u00e9 et la r\u00e9alit\u00e9 des m\u00e9tiers pour avoir un syst\u00e8me qui est juste\u00a0\u00bb.&nbsp;<\/strong>Emmanuel Macron souhaite assurer une retraite \u00e0 1.100 euros minimum pour les personnes qui poss\u00e8dent toutes leurs annuit\u00e9s.<strong><\/strong><\/p>\n\n\n\n<p>Emmanuel Macron annonce \u00ab\u00a0une large concertation pour r\u00e9former l&rsquo;\u00e9cole\u00a0\u00bb en cas d\u2019un second mandat. Il propose un \u00ab pacte nouveau pour les enseignants \u00bb qui passera par l&rsquo;augmentation des r\u00e9mun\u00e9rations, le remplacement des enseignants absents, un suivi individualis\u00e9 des \u00e9l\u00e8ves, un rapprochement entre famille et \u00e9cole. Le pr\u00e9sident souhaite lancer \u00ab\u00a030 minutes de sport par jour\u00a0\u00bb pour les \u00e9coliers.<strong><\/strong><\/p>\n\n\n\n<p>\u00ab\u00a0Pour les plus pr\u00e9caires, je souhaite mettre en place la solidarit\u00e9 \u00e0 la source\u00a0\u00bb, a d\u00e9clar\u00e9 Emmanuel Macron. Emmanuel Macron a \u00e9galement annonc\u00e9 \u00ab\u00a0l\u2019augmentation de 50% de l\u2019allocation de soutien pour les m\u00e8res c\u00e9libataires\u00a0\u00bb&nbsp;et&nbsp;\u00ab\u00a0la prime de pouvoir d&rsquo;achat port\u00e9e jusqu&rsquo;\u00e0 3.000 euros par an contre 1.000 euros\u00a0\u00bb.<\/p>\n\n\n\n<p>Emmanuel Macron veut \u00ab\u00a0contr\u00f4ler plus largement les Ehpad o\u00f9 les conditions de vie sont parfois indignes et inhumaines\u00a0\u00bb. Il souhaite recruter 50.000 infirmiers et aides-soignants pour les Ehpad.<\/p>\n\n\n\n<p>\u00ab\u00a0Les titres de s\u00e9jour long seront conditionn\u00e9s \u00e0 un examen de Fran\u00e7ais et \u00e0 une vraie d\u00e9marche d\u2019insertion de 4 ans ou plus. La carte de s\u00e9jour professionnel sera donn\u00e9 de fa\u00e7on beaucoup plus restrictive\u00a0\u00bb, a avanc\u00e9 le pr\u00e9sident en cas de r\u00e9\u00e9lection.<\/p>\n\n\n\n<p><strong>Selon Emmanuel Macron, l&rsquo;ensemble des mesures annonc\u00e9es cet apr\u00e8s-midi repr\u00e9sentent un co\u00fbt annuel de 50 milliards d&rsquo;euros, avec notamment des baisses d&rsquo;imp\u00f4ts \u00e0 hauteur de 15 milliards.<\/strong><\/p>\n","protected":false},"excerpt":{"rendered":"<p>Emmanuel Macron pr\u00e9sente cet apr\u00e8s-midi son programme devant les journalistes depuis les Docks de Paris, \u00e0 Aubervilliers (Seine-Saint-Denis) \u00ab\u00a0Je suis ici aujourd\u2019hui pour pr\u00e9senter les grands axes de mon projet pour les cinq ann\u00e9es qui viennent. Le projet que je souhaite vous pr\u00e9senter, c&rsquo;est \u00e0 la fois le fruit d&rsquo;une coh\u00e9rence, d&rsquo;\u00e9mancipation, de progr\u00e8s pour [&hellip;]<\/p>\n","protected":false},"author":2,"featured_media":20753,"comment_status":"open","ping_status":"open","sticky":false,"template":"","format":"standard","meta":{"_jetpack_memberships_contains_paid_content":false,"footnotes":"","jetpack_publicize_message":"","jetpack_publicize_feature_enabled":true,"jetpack_social_post_already_shared":true,"jetpack_social_options":{"image_generator_settings":{"template":"highway","default_image_id":0,"font":"","enabled":false},"version":2},"_wpas_customize_per_network":false},"categories":[405],"tags":[],"class_list":["post-20752","post","type-post","status-publish","format-standard","has-post-thumbnail","hentry","category-actu-france-monde"],"jetpack_publicize_connections":[],"jetpack_featured_media_url":"https:\/\/i0.wp.com\/www.iceagetv.com\/radiosite\/wp-content\/uploads\/2022\/03\/Presidentielle-Emmanuel-Macron.jpg?fit=680%2C425&ssl=1","jetpack_sharing_enabled":true,"_links":{"self":[{"href":"https:\/\/www.iceagetv.com\/radiosite\/wp-json\/wp\/v2\/posts\/20752","targetHints":{"allow":["GET"]}}],"collection":[{"href":"https:\/\/www.iceagetv.com\/radiosite\/wp-json\/wp\/v2\/posts"}],"about":[{"href":"https:\/\/www.iceagetv.com\/radiosite\/wp-json\/wp\/v2\/types\/post"}],"author":[{"embeddable":true,"href":"https:\/\/www.iceagetv.com\/radiosite\/wp-json\/wp\/v2\/users\/2"}],"replies":[{"embeddable":true,"href":"https:\/\/www.iceagetv.com\/radiosite\/wp-json\/wp\/v2\/comments?post=20752"}],"version-history":[{"count":1,"href":"https:\/\/www.iceagetv.com\/radiosite\/wp-json\/wp\/v2\/posts\/20752\/revisions"}],"predecessor-version":[{"id":20754,"href":"https:\/\/www.iceagetv.com\/radiosite\/wp-json\/wp\/v2\/posts\/20752\/revisions\/20754"}],"wp:featuredmedia":[{"embeddable":true,"href":"https:\/\/www.iceagetv.com\/radiosite\/wp-json\/wp\/v2\/media\/20753"}],"wp:attachment":[{"href":"https:\/\/www.iceagetv.com\/radiosite\/wp-json\/wp\/v2\/media?parent=20752"}],"wp:term":[{"taxonomy":"category","embeddable":true,"href":"https:\/\/www.iceagetv.com\/radiosite\/wp-json\/wp\/v2\/categories?post=20752"},{"taxonomy":"post_tag","embeddable":true,"href":"https:\/\/www.iceagetv.com\/radiosite\/wp-json\/wp\/v2\/tags?post=20752"}],"curies":[{"name":"wp","href":"https:\/\/api.w.org\/{rel}","templated":true}]}}