{"id":20755,"date":"2022-03-17T17:19:51","date_gmt":"2022-03-17T17:19:51","guid":{"rendered":"http:\/\/www.iceagetv.com\/radiosite\/?p=20755"},"modified":"2022-03-17T17:19:51","modified_gmt":"2022-03-17T17:19:51","slug":"la-justice-accorde-une-suspension-de-peine-pour-motif-medical-a-yvan-colonna-apres-son-agression-a-la-prison-darles-alors-quil-est-toujours-hospitalise-entre-la-vie-et-la-vie-et-la-mort","status":"publish","type":"post","link":"https:\/\/www.iceagetv.com\/radiosite\/la-justice-accorde-une-suspension-de-peine-pour-motif-medical-a-yvan-colonna-apres-son-agression-a-la-prison-darles-alors-quil-est-toujours-hospitalise-entre-la-vie-et-la-vie-et-la-mort\/","title":{"rendered":"La justice accorde une suspension de peine \u00ab\u00a0pour motif m\u00e9dical\u00a0\u00bb \u00e0 Yvan Colonna apr\u00e8s son agression \u00e0 la prison d&rsquo;Arles, alors qu&rsquo;il est toujours hospitalis\u00e9 entre la vie et la vie et la mort"},"content":{"rendered":"\n<p>La justice accorde une suspension de peine \u00e0 Yvan Colonna apr\u00e8s son agression.&nbsp;La justice a accord\u00e9 cette suspension de peine&nbsp;\u00ab\u00a0pour motif m\u00e9dical\u00a0\u00bb. Ses avocats&nbsp;avaient formul\u00e9 cette demande&nbsp;mardi, \u00ab\u00a0pour qu&rsquo;il y ait une prise en consid\u00e9ration de la situation m\u00e9dicale\u00a0\u00bb&nbsp;d&rsquo;Yvan Colonna, toujours hospitalis\u00e9 entre la vie et la vie et la mort. La loi pr\u00e9voit effectivement qu&rsquo;une peine de prison puisse \u00eatre suspendue en cas de pronostic vital engag\u00e9.<\/p>\n\n\n\n<p>L&rsquo;\u00e9tat de sant\u00e9 d&rsquo;Yvan Colonna \u00ab\u00a0est toujours gravissime, il n&rsquo;est jamais sorti du coma\u00a0\u00bb depuis son agression en prison, a expliqu\u00e9 un de ses avocats, Me Patrice Spinosi, mardi \u00e0 France Inter, en confirmant qu&rsquo;une demande de suspension de peine avait \u00e9t\u00e9 d\u00e9pos\u00e9e.<\/p>\n\n\n\n<p>L&rsquo;espoir existe mais il est t\u00e9nu\u00a0\u00bb, avait ajout\u00e9 l&rsquo;avocat, en pr\u00e9cisant qu'\u00a0\u00bben l&rsquo;\u00e9tat actuel Yvan Colonna est bien soign\u00e9 \u00e0 Marseille et n&rsquo;a pas vocation \u00e0 \u00eatre d\u00e9plac\u00e9\u00a0\u00bb: \u00ab\u00a0L&rsquo;enjeu de son retour en Corse va exister si il vient \u00e0 se remettre\u00a0\u00bb.<\/p>\n\n\n\n<p>Sur France 2, Me Spinosi a r\u00e9fut\u00e9 le diagnostic de \u00ab\u00a0mort c\u00e9r\u00e9brale\u00a0\u00bb qui avait circul\u00e9 au soir de l&rsquo;agression: \u00ab\u00a0C&rsquo;est inexact, (&#8230;) le cerveau est encore en activit\u00e9, apr\u00e8s \u00e0 savoir comment et est-ce qu&rsquo;il va pouvoir v\u00e9ritablement red\u00e9marrer, c&rsquo;est la question que se posent les m\u00e9decins\u00a0\u00bb.<\/p>\n\n\n\n<p>Le militant ind\u00e9pendantiste corse, condamn\u00e9 \u00e0 la prison \u00e0 perp\u00e9tuit\u00e9 pour sa participation \u00e0 l&rsquo;assassinat du pr\u00e9fet Erignac en 1998 \u00e0 Ajaccio, avait \u00e9t\u00e9 agress\u00e9 par un cod\u00e9tenu, le 2 mars, dans la prison d&rsquo;Arles. Depuis cet \u00e9v\u00e9nement, la tension est fortement mont\u00e9e en Corse, pour culminer en \u00ab\u00a0\u00e9meutes\u00a0\u00bb dimanche \u00e0 Bastia, selon la justice.<\/p>\n\n\n\n<p>Selon un dernier bilan mardi aupr\u00e8s d&rsquo;Arnaud Viornery, procureur de la R\u00e9publique de Bastia, ces \u00e9chauffour\u00e9es ont fait 102 bless\u00e9s, dont 79 membres des forces de l&rsquo;ordre.<\/p>\n\n\n\n<p>Me Spinosi a par ailleurs confirm\u00e9 mardi l&rsquo;annonce la veille par un autre avocat d&rsquo;Yvan Colonna, Me Sylvain Cormier, qu&rsquo;une demande de suspension de peine pour \u00ab\u00a0pronostic vital engag\u00e9\u00a0\u00bb allait \u00eatre d\u00e9pos\u00e9e et&nbsp;examin\u00e9e par le juge d&rsquo;application des peines.<\/p>\n\n\n\n<p>\u00ab\u00a0C&rsquo;est une facult\u00e9, il n&rsquo;est pas oblig\u00e9 de le faire\u00a0\u00bb, avait pr\u00e9cis\u00e9 Me Spinosi, mais ce serait \u00ab\u00a0juste une situation de coh\u00e9rence, aujourd&rsquo;hui Yvan Colonna n&rsquo;est plus en d\u00e9tention en raison de son \u00e9tat et il a vocation \u00e0 ne plus \u00eatre consid\u00e9r\u00e9 comme tel\u00a0\u00bb.<\/p>\n\n\n\n<p>Me Spinosi a confirm\u00e9 que \u00ab\u00a0bien \u00e9videmment il va y avoir des actions engag\u00e9es contre l&rsquo;Etat\u00a0\u00bb de la part de la famille d&rsquo;Yvan Colonna.<\/p>\n\n\n\n<p>\u00ab\u00a0Le temps aujourd&rsquo;hui n&rsquo;est pas \u00e0 ce type de d\u00e9marche, (&#8230;) mais il est certain qu&rsquo;il y aura des mises en causes d&rsquo;une faute ou d&rsquo;une d\u00e9faillance de l&rsquo;administration\u00a0\u00bb.<\/p>\n\n\n\n<p>Interrog\u00e9 sur la venue de G\u00e9rald Darmanin mercredi et jeudi en Corse, pour ouvrir \u00ab\u00a0un cycle de discussions\u00a0\u00bb avec les \u00e9lus sur l&rsquo;avenir de l&rsquo;\u00eele, l&rsquo;avocat a rappel\u00e9 que \u00ab\u00a0la pr\u00e9sence d&rsquo;un ministre de l&rsquo;int\u00e9rieur en Corse n&rsquo;a jamais \u00e9t\u00e9 un facteur d&rsquo;apaisement\u00a0\u00bb; \u00ab\u00a0On verra si celle-l\u00e0 est une premi\u00e8re !\u00a0\u00bb<\/p>\n\n\n\n<p>Au sujet de la tension dans l&rsquo;\u00eele depuis pr\u00e8s de deux semaines, l&rsquo;avocat a rappel\u00e9 sur France 2 que la famille du d\u00e9tenu corse \u00ab\u00a0appelle au calme et \u00e0 ce qu&rsquo;il n&rsquo;y ait plus de violence qui soit perp\u00e9tr\u00e9e au nom d&rsquo;Yvan Colonna\u00a0\u00bb.<\/p>\n\n\n\n<p>Pour autant, a-t-il assur\u00e9, \u00ab\u00a0elle ne souhaite pas rencontrer\u00a0\u00bb le ministre de l&rsquo;Int\u00e9rieur lors de sa visite en Corse, ajoutant qu&rsquo;une telle demande de rencontre \u00ab\u00a0n&rsquo;a jamais \u00e9t\u00e9 faite\u00a0\u00bb.<\/p>\n","protected":false},"excerpt":{"rendered":"<p>La justice accorde une suspension de peine \u00e0 Yvan Colonna apr\u00e8s son agression.&nbsp;La justice a accord\u00e9 cette suspension de peine&nbsp;\u00ab\u00a0pour motif m\u00e9dical\u00a0\u00bb. Ses avocats&nbsp;avaient formul\u00e9 cette demande&nbsp;mardi, \u00ab\u00a0pour qu&rsquo;il y ait une prise en consid\u00e9ration de la situation m\u00e9dicale\u00a0\u00bb&nbsp;d&rsquo;Yvan Colonna, toujours hospitalis\u00e9 entre la vie et la vie et la mort. La loi pr\u00e9voit effectivement [&hellip;]<\/p>\n","protected":false},"author":2,"featured_media":20756,"comment_status":"open","ping_status":"open","sticky":false,"template":"","format":"standard","meta":{"_jetpack_memberships_contains_paid_content":false,"footnotes":"","jetpack_publicize_message":"","jetpack_publicize_feature_enabled":true,"jetpack_social_post_already_shared":true,"jetpack_social_options":{"image_generator_settings":{"template":"highway","default_image_id":0,"font":"","enabled":false},"version":2},"_wpas_customize_per_network":false},"categories":[405],"tags":[],"class_list":["post-20755","post","type-post","status-publish","format-standard","has-post-thumbnail","hentry","category-actu-france-monde"],"jetpack_publicize_connections":[],"jetpack_featured_media_url":"https:\/\/i0.wp.com\/www.iceagetv.com\/radiosite\/wp-content\/uploads\/2022\/03\/La-justice-accorde-une-suspension-de-peine.jpg?fit=679%2C293&ssl=1","jetpack_sharing_enabled":true,"_links":{"self":[{"href":"https:\/\/www.iceagetv.com\/radiosite\/wp-json\/wp\/v2\/posts\/20755","targetHints":{"allow":["GET"]}}],"collection":[{"href":"https:\/\/www.iceagetv.com\/radiosite\/wp-json\/wp\/v2\/posts"}],"about":[{"href":"https:\/\/www.iceagetv.com\/radiosite\/wp-json\/wp\/v2\/types\/post"}],"author":[{"embeddable":true,"href":"https:\/\/www.iceagetv.com\/radiosite\/wp-json\/wp\/v2\/users\/2"}],"replies":[{"embeddable":true,"href":"https:\/\/www.iceagetv.com\/radiosite\/wp-json\/wp\/v2\/comments?post=20755"}],"version-history":[{"count":1,"href":"https:\/\/www.iceagetv.com\/radiosite\/wp-json\/wp\/v2\/posts\/20755\/revisions"}],"predecessor-version":[{"id":20757,"href":"https:\/\/www.iceagetv.com\/radiosite\/wp-json\/wp\/v2\/posts\/20755\/revisions\/20757"}],"wp:featuredmedia":[{"embeddable":true,"href":"https:\/\/www.iceagetv.com\/radiosite\/wp-json\/wp\/v2\/media\/20756"}],"wp:attachment":[{"href":"https:\/\/www.iceagetv.com\/radiosite\/wp-json\/wp\/v2\/media?parent=20755"}],"wp:term":[{"taxonomy":"category","embeddable":true,"href":"https:\/\/www.iceagetv.com\/radiosite\/wp-json\/wp\/v2\/categories?post=20755"},{"taxonomy":"post_tag","embeddable":true,"href":"https:\/\/www.iceagetv.com\/radiosite\/wp-json\/wp\/v2\/tags?post=20755"}],"curies":[{"name":"wp","href":"https:\/\/api.w.org\/{rel}","templated":true}]}}