{"id":20793,"date":"2022-03-22T17:14:27","date_gmt":"2022-03-22T17:14:27","guid":{"rendered":"http:\/\/www.iceagetv.com\/radiosite\/?p=20793"},"modified":"2022-03-22T17:14:27","modified_gmt":"2022-03-22T17:14:27","slug":"affaire-yvan-colonna-les-deux-autres-membres-du-commando-erignac-alain-ferrandi-et-pierre-alessandri-seront-transferes-mi-avril-au-centre-penitentiaire-de-borgo-en-haute-corse","status":"publish","type":"post","link":"https:\/\/www.iceagetv.com\/radiosite\/affaire-yvan-colonna-les-deux-autres-membres-du-commando-erignac-alain-ferrandi-et-pierre-alessandri-seront-transferes-mi-avril-au-centre-penitentiaire-de-borgo-en-haute-corse\/","title":{"rendered":"Affaire Yvan Colonna: Les deux autres membres du commando Erignac, Alain Ferrandi et Pierre Alessandri, seront transf\u00e9r\u00e9s mi-avril au centre p\u00e9nitentiaire de Borgo en Haute-Corse"},"content":{"rendered":"\n<p>Les deux autres membres du commando Erignac, Alain Ferrandi et Pierre Alessandri, seront transf\u00e9r\u00e9s mi-avril au centre p\u00e9nitentiaire de Borgo (Haute-Corse), annonce Matignon.<\/p>\n\n\n\n<p>Apr\u00e8s \u00e9changes avec leurs avocats respectifs, ces d\u00e9tenus seront transf\u00e9r\u00e9s d\u2019ici la mi-avril, apr\u00e8s mise en \u0153uvre de la proc\u00e9dure habituelle pr\u00e9vue pour les transferts de d\u00e9tenus\u00a0\u00bb, \u00e9crit Matignon dans un communiqu\u00e9.<\/p>\n","protected":false},"excerpt":{"rendered":"<p>Les deux autres membres du commando Erignac, Alain Ferrandi et Pierre Alessandri, seront transf\u00e9r\u00e9s mi-avril au centre p\u00e9nitentiaire de Borgo (Haute-Corse), annonce Matignon. Apr\u00e8s \u00e9changes avec leurs avocats respectifs, ces d\u00e9tenus seront transf\u00e9r\u00e9s d\u2019ici la mi-avril, apr\u00e8s mise en \u0153uvre de la proc\u00e9dure habituelle pr\u00e9vue pour les transferts de d\u00e9tenus\u00a0\u00bb, \u00e9crit Matignon dans un communiqu\u00e9.<\/p>\n","protected":false},"author":2,"featured_media":20794,"comment_status":"open","ping_status":"open","sticky":false,"template":"","format":"standard","meta":{"_jetpack_memberships_contains_paid_content":false,"footnotes":"","jetpack_publicize_message":"","jetpack_publicize_feature_enabled":true,"jetpack_social_post_already_shared":true,"jetpack_social_options":{"image_generator_settings":{"template":"highway","default_image_id":0,"font":"","enabled":false},"version":2},"_wpas_customize_per_network":false},"categories":[405],"tags":[],"class_list":["post-20793","post","type-post","status-publish","format-standard","has-post-thumbnail","hentry","category-actu-france-monde"],"jetpack_publicize_connections":[],"jetpack_featured_media_url":"https:\/\/i0.wp.com\/www.iceagetv.com\/radiosite\/wp-content\/uploads\/2022\/03\/Affaire-Yvan-Colonna.jpg?fit=679%2C293&ssl=1","jetpack_sharing_enabled":true,"_links":{"self":[{"href":"https:\/\/www.iceagetv.com\/radiosite\/wp-json\/wp\/v2\/posts\/20793","targetHints":{"allow":["GET"]}}],"collection":[{"href":"https:\/\/www.iceagetv.com\/radiosite\/wp-json\/wp\/v2\/posts"}],"about":[{"href":"https:\/\/www.iceagetv.com\/radiosite\/wp-json\/wp\/v2\/types\/post"}],"author":[{"embeddable":true,"href":"https:\/\/www.iceagetv.com\/radiosite\/wp-json\/wp\/v2\/users\/2"}],"replies":[{"embeddable":true,"href":"https:\/\/www.iceagetv.com\/radiosite\/wp-json\/wp\/v2\/comments?post=20793"}],"version-history":[{"count":1,"href":"https:\/\/www.iceagetv.com\/radiosite\/wp-json\/wp\/v2\/posts\/20793\/revisions"}],"predecessor-version":[{"id":20795,"href":"https:\/\/www.iceagetv.com\/radiosite\/wp-json\/wp\/v2\/posts\/20793\/revisions\/20795"}],"wp:featuredmedia":[{"embeddable":true,"href":"https:\/\/www.iceagetv.com\/radiosite\/wp-json\/wp\/v2\/media\/20794"}],"wp:attachment":[{"href":"https:\/\/www.iceagetv.com\/radiosite\/wp-json\/wp\/v2\/media?parent=20793"}],"wp:term":[{"taxonomy":"category","embeddable":true,"href":"https:\/\/www.iceagetv.com\/radiosite\/wp-json\/wp\/v2\/categories?post=20793"},{"taxonomy":"post_tag","embeddable":true,"href":"https:\/\/www.iceagetv.com\/radiosite\/wp-json\/wp\/v2\/tags?post=20793"}],"curies":[{"name":"wp","href":"https:\/\/api.w.org\/{rel}","templated":true}]}}