{"id":20829,"date":"2022-03-24T11:45:56","date_gmt":"2022-03-24T11:45:56","guid":{"rendered":"http:\/\/www.iceagetv.com\/radiosite\/?p=20829"},"modified":"2022-03-24T11:45:56","modified_gmt":"2022-03-24T11:45:56","slug":"un-homme-de-16-ans-tue-de-plusieurs-coups-de-couteau-aux-abords-dune-fete-foraine-au-mans-trois-personnes-placees-en-garde-a-vue","status":"publish","type":"post","link":"https:\/\/www.iceagetv.com\/radiosite\/un-homme-de-16-ans-tue-de-plusieurs-coups-de-couteau-aux-abords-dune-fete-foraine-au-mans-trois-personnes-placees-en-garde-a-vue\/","title":{"rendered":"Un homme de 16 ans tu\u00e9 de plusieurs coups de couteau aux abords d&rsquo;une f\u00eate foraine au Mans &#8211; Trois personnes plac\u00e9es en garde \u00e0 vue"},"content":{"rendered":"\n<p>Un jeune homme de 16 ans a \u00e9t\u00e9 tu\u00e9 de plusieurs coups de couteau mercredi soir aux abords d&rsquo;une f\u00eate foraine au Mans et trois personnes ont \u00e9t\u00e9 plac\u00e9es en garde \u00e0 vue, a-t-on appris jeudi aupr\u00e8s du parquet. Selon le procureur de la R\u00e9publique du Mans Delphine Dewailly, la police est intervenue mercredi en d\u00e9but de soir\u00e9e aux abords de la f\u00eate foraine situ\u00e9e dans la zone d&rsquo;activit\u00e9 du Panorama, \u00ab\u00a0apr\u00e8s avoir \u00e9t\u00e9 alert\u00e9s de ce qu\u2019un jeune homme aurait re\u00e7u plusieurs coups de couteau\u00a0\u00bb.<\/p>\n\n\n\n<p>\u00ab\u00a0Ce jeune homme, \u00e2g\u00e9 de 16 ans, est d\u00e9c\u00e9d\u00e9 sur les lieux, malgr\u00e9 les soins prodigu\u00e9s par les pompiers rapidement sur place\u00a0\u00bb, a indiqu\u00e9 la magistrate. \u00ab\u00a0Trois personnes susceptibles d\u2019\u00eatre impliqu\u00e9es dans la sc\u00e8ne ont \u00e9t\u00e9 imm\u00e9diatement interpell\u00e9es et font l\u2019objet d\u2019une mesure de garde \u00e0 vue\u00a0\u00bb, a-t-elle ajout\u00e9 sans plus de pr\u00e9cisions.<em>close<\/em><em>volume_off<\/em><\/p>\n\n\n\n<p>Selon la magistrate, \u00ab\u00a0une enqu\u00eate judiciaire du chef de meurtre est ouverte\u00a0\u00bb et a \u00e9t\u00e9 confi\u00e9e conjointement \u00e0 la Direction territoriale de la police judiciaire d\u2019Angers et au commissariat de police du Mans. L&rsquo;autopsie de la victime sera r\u00e9alis\u00e9e dans la journ\u00e9e de jeudi, pr\u00e9cise la procureure. Ouverte depuis le 19 mars, la f\u00eate foraine du Mans est pr\u00e9vue jusqu&rsquo;au 3 avril.<\/p>\n","protected":false},"excerpt":{"rendered":"<p>Un jeune homme de 16 ans a \u00e9t\u00e9 tu\u00e9 de plusieurs coups de couteau mercredi soir aux abords d&rsquo;une f\u00eate foraine au Mans et trois personnes ont \u00e9t\u00e9 plac\u00e9es en garde \u00e0 vue, a-t-on appris jeudi aupr\u00e8s du parquet. Selon le procureur de la R\u00e9publique du Mans Delphine Dewailly, la police est intervenue mercredi en [&hellip;]<\/p>\n","protected":false},"author":2,"featured_media":20830,"comment_status":"open","ping_status":"open","sticky":false,"template":"","format":"standard","meta":{"_jetpack_memberships_contains_paid_content":false,"footnotes":"","jetpack_publicize_message":"","jetpack_publicize_feature_enabled":true,"jetpack_social_post_already_shared":true,"jetpack_social_options":{"image_generator_settings":{"template":"highway","default_image_id":0,"font":"","enabled":false},"version":2},"_wpas_customize_per_network":false},"categories":[405],"tags":[],"class_list":["post-20829","post","type-post","status-publish","format-standard","has-post-thumbnail","hentry","category-actu-france-monde"],"jetpack_publicize_connections":[],"jetpack_featured_media_url":"https:\/\/i0.wp.com\/www.iceagetv.com\/radiosite\/wp-content\/uploads\/2022\/03\/Un-homme-de-16-ans-tue-de-plusieurs-coups-de-couteau-aux-abords-dune-fete-foraine-au-Mans.jpg?fit=679%2C293&ssl=1","jetpack_sharing_enabled":true,"_links":{"self":[{"href":"https:\/\/www.iceagetv.com\/radiosite\/wp-json\/wp\/v2\/posts\/20829","targetHints":{"allow":["GET"]}}],"collection":[{"href":"https:\/\/www.iceagetv.com\/radiosite\/wp-json\/wp\/v2\/posts"}],"about":[{"href":"https:\/\/www.iceagetv.com\/radiosite\/wp-json\/wp\/v2\/types\/post"}],"author":[{"embeddable":true,"href":"https:\/\/www.iceagetv.com\/radiosite\/wp-json\/wp\/v2\/users\/2"}],"replies":[{"embeddable":true,"href":"https:\/\/www.iceagetv.com\/radiosite\/wp-json\/wp\/v2\/comments?post=20829"}],"version-history":[{"count":1,"href":"https:\/\/www.iceagetv.com\/radiosite\/wp-json\/wp\/v2\/posts\/20829\/revisions"}],"predecessor-version":[{"id":20831,"href":"https:\/\/www.iceagetv.com\/radiosite\/wp-json\/wp\/v2\/posts\/20829\/revisions\/20831"}],"wp:featuredmedia":[{"embeddable":true,"href":"https:\/\/www.iceagetv.com\/radiosite\/wp-json\/wp\/v2\/media\/20830"}],"wp:attachment":[{"href":"https:\/\/www.iceagetv.com\/radiosite\/wp-json\/wp\/v2\/media?parent=20829"}],"wp:term":[{"taxonomy":"category","embeddable":true,"href":"https:\/\/www.iceagetv.com\/radiosite\/wp-json\/wp\/v2\/categories?post=20829"},{"taxonomy":"post_tag","embeddable":true,"href":"https:\/\/www.iceagetv.com\/radiosite\/wp-json\/wp\/v2\/tags?post=20829"}],"curies":[{"name":"wp","href":"https:\/\/api.w.org\/{rel}","templated":true}]}}