{"id":20836,"date":"2022-03-24T16:55:29","date_gmt":"2022-03-24T16:55:29","guid":{"rendered":"http:\/\/www.iceagetv.com\/radiosite\/?p=20836"},"modified":"2022-03-24T16:55:29","modified_gmt":"2022-03-24T16:55:29","slug":"guerre-en-ukraine-emmanuel-macron-nous-sommes-en-train-dentrer-dans-une-crise-alimentaire-sans-precedent-la-situation-sera-encore-plus-grave-dans-12-a-18-mois-notre-pression-sur-la-russi","status":"publish","type":"post","link":"https:\/\/www.iceagetv.com\/radiosite\/guerre-en-ukraine-emmanuel-macron-nous-sommes-en-train-dentrer-dans-une-crise-alimentaire-sans-precedent-la-situation-sera-encore-plus-grave-dans-12-a-18-mois-notre-pression-sur-la-russi\/","title":{"rendered":"Guerre en Ukraine &#8211; Emmanuel Macron: \u00ab\u00a0Nous sommes en train d&rsquo;entrer dans une crise alimentaire sans pr\u00e9c\u00e9dent. La situation sera encore plus grave dans 12 \u00e0 18 mois (&#8230;) Notre pression sur la Russie ira en s&rsquo;accentuant\u00a0\u00bb"},"content":{"rendered":"\n<p>Le pr\u00e9sident Emmanuel Macron d\u00e9bute son discours depuis Bruxelles.<\/p>\n\n\n\n<p>\u00ab\u00a0Nous continuons notre aide militaire et humaniste \u00e0 l&rsquo;Ukraine\u00a0\u00bb, a-t-il d\u00e9clare. Et d&rsquo;ajouter: \u00ab\u00a0L&rsquo;\u00e9conomie russe est en cessation de paiement, (&#8230;) son isolement est croissant\u00a0\u00bbNous continuons de nous tenir aux c\u00f4t\u00e9s du peuple ukrainien (&#8230;) Notre d\u00e9termination nous a conduits \u00e0 prendre un train de sanction absolument in\u00e9dit, \u00e0 l&rsquo;unisson.\u00a0\u00bb, a-t-il poursuivi. Et d&rsquo;indiquer:\u00a0\u00ab\u00a0L&rsquo;\u00e9conomie russe est d&rsquo;ailleurs, au moment o\u00f9 je vous parle, est en cessation de paiement. Sa monnaie a d\u00e9viss\u00e9, son isolement est croissant et notre pression ira s&rsquo;accentuant, en cherchant, l\u00e0 aussi, par tous les moyens, un cessez-le-feu, et la paix.<\/p>\n\n\n\n<p>Emmanuel Macron explique \u00e9galement:&nbsp;\u00ab\u00a0Le sommet de l&rsquo;Otan de ce matin a permis d&rsquo;acter plusieurs \u00e9l\u00e9ments. D&rsquo;abord, une unanimit\u00e9 pour continuer de renforcer le soutien \u00e0 l&rsquo;Ukraine, le mat\u00e9riel dont elle a besoin (&#8230;) Au fond, la ligne reste la m\u00eame pour l&rsquo;ensemble des Alli\u00e9s : fournir des armes, d\u00e9fensives et l\u00e9tales, le faire dans un cadre d&rsquo;efficacit\u00e9 compl\u00e8te, mais avec une ligne rouge, qui continue de ne pas \u00eatre co-bellig\u00e9rants.\u00a0\u00bb<\/p>\n\n\n\n<p>\u00ab\u00a0Il y a d&rsquo;ores et d\u00e9j\u00e0 3.5 millions d&rsquo;Ukrainiens et Ukrainiennes sur le sol europ\u00e9en (&#8230;)&nbsp;il faut \u00e9viter le trafic humain et prot\u00e9ger les Ukrainiens sur notre sol\u00a0\u00bb&nbsp;\u00ab\u00a0, a-t-il pr\u00e9cis\u00e9.<\/p>\n\n\n\n<p>\u00ab\u00a0Nous sommes en train de rentrer dans une crise alimentaire sans pr\u00e9c\u00e9dent\u00a0\u00bb, a poursuivi Emmanuel Macron.<\/p>\n\n\n\n<p>\u00ab\u00a0Nous avons d\u00e9cid\u00e9 d&rsquo;intensifier les travaux pour pr\u00e9venir et nous organiser en cas d&rsquo;escalade. Enfin, nous avons act\u00e9 de la n\u00e9cessit\u00e9 de poursuivre l&rsquo;adaptation de notre posture \u00e0 la nouvelle donne strat\u00e9gique provoqu\u00e9e par la guerre en Ukraine et ses cons\u00e9quences\u00a0\u00bb,&nbsp;a poursuivi le chef de l&rsquo;Etat. Il a d\u00e9taill\u00e9 les lieux o\u00f9 la France a&nbsp;\u00ab\u00a0renforc\u00e9 ses engagements actuels ces derni\u00e8res semaines\u00a0\u00bb.<\/p>\n\n\n\n<p>\u00ab\u00a0Nous sommes en train de rentrer dans une crise alimentaire sans pr\u00e9c\u00e9dent (&#8230;) La guerre en Ukraine rend impossible de semer comme il se devrait et est en train de nous cr\u00e9er une situation qui sera encore plus grave dans 12 \u00e0 18 mois\u00a0\u00bb<\/p>\n\n\n\n<p>\u00ab\u00a0Mais pour aussi mesurer, mettre en commun nos listes d&rsquo;oligarques (russes) soumis \u00e0 nos mesures, faire travailler ensemble nos ministres des Finance et de la Justice pour aller au bout de la mise en oeuvre des d\u00e9cisions. Et pr\u00e9parer les d\u00e9cisions \u00e0 venir, si celles-ci s&rsquo;imposaient, et nous sommes pr\u00eats \u00e0 accro\u00eetre ces sanctions \u00e0 chaque fois que ce sera n\u00e9cessaire.\u00a0\u00bb<\/p>\n\n\n\n<p>Le chef d\u2019Etat a annonc\u00e9 une nouvelle initiative de \u00ab\u00a0solidarit\u00e9 alimentaire\u00a0\u00bb.\u00a0\u00bbJ\u2019ai souhait\u00e9, en tant que pr\u00e9sident du Conseil pour ce semestre au niveau europ\u00e9en, et en lien direct avec l\u2019Union africaine, lancer une initiative \u00ab\u00a0Farm\u00a0\u00bb\u00a0\u00bb, a indiqu\u00e9 Emmanuel Macron. Elle a pour but de \u00ab\u00a0pallier cette crise\u00a0\u00bb. D\u2019abord en \u00e9laborant un plan d\u2019urgence commercial, en lib\u00e9rant les stocks de certains pays, et, pour anticiper le manque de production d\u00e8s cet \u00e9t\u00e9, aider les pays les plus d\u00e9pendants \u00e0 accro\u00eetre leur production.<\/p>\n\n\n\n<p>\u00ab\u00a0Cette semaine, j\u2019ai encore parl\u00e9 plusieurs fois au pr\u00e9sident Poutine. J\u2019y ai pass\u00e9 plusieurs heures\u00a0\u00bb, a indiqu\u00e9 Emmanuel Macron. \u00ab\u00a0De mani\u00e8re \u00e9vidente, les n\u00e9gociations ne permettront pas d\u2019issue dans les prochaines heures ni les prochains jours\u00a0\u00bb, a-t-il affirm\u00e9. Avant de rappeler\u00a0l\u2019importance de cette voie du dialogue. Si un accord devait aboutir, il est encore\u00a0\u00ab\u00a0trop t\u00f4t\u00a0\u00bb\u00a0pour en d\u00e9finir les contours, a-t-il indiqu\u00e9.<\/p>\n\n\n\n<p><strong>L\u2019Otan va fournir \u00e0 l\u2019Ukraine des \u00e9quipements de protection contre les menaces chimiques, biologiques et nucl\u00e9aires et va prot\u00e9ger ses forces d\u00e9ploy\u00e9es sur le flanc oriental contre ces menaces, a annonc\u00e9 jeudi le secr\u00e9taire g\u00e9n\u00e9ral de l\u2019Alliance.<\/strong>&nbsp;Les Alli\u00e9s sont \u00ab&nbsp;pr\u00e9occup\u00e9s&nbsp;\u00bb par la possibilit\u00e9 de l\u2019utilisation de telles armes en Ukraine apr\u00e8s l\u2019invasion russe et \u00ab&nbsp;sont convenus de fournir des \u00e9quipements pour aider l\u2019Ukraine \u00e0 se prot\u00e9ger contre les menaces chimiques, biologiques, radiologiques et nucl\u00e9aires&nbsp;\u00bb, a expliqu\u00e9 le Norv\u00e9gien Jens Stoltenberg \u00e0 l\u2019issue d\u2019un sommet extraordinaire des dirigeants de l\u2019Alliance.<\/p>\n\n\n\n<p>\u00ab&nbsp;Il pourrait s\u2019agir de d\u00e9tection, d\u2019\u00e9quipement, de protection et de soutien m\u00e9dical, ainsi que de formation \u00e0 la contamination et \u00e0 la gestion des crises&nbsp;\u00bb, a-t-il pr\u00e9cis\u00e9. \u00ab&nbsp;Nous am\u00e9liorons \u00e9galement l\u2019\u00e9tat de pr\u00e9paration des forces alli\u00e9es. Le commandant supr\u00eame des forces militaires de l\u2019Alliance, le g\u00e9n\u00e9ral Walters, a activ\u00e9 les \u00e9l\u00e9ments de d\u00e9fense chimique, biologique, radiologique et nucl\u00e9aire de l\u2019Otan et nos alli\u00e9s d\u00e9ploient des moyens de d\u00e9fense pour renforcer les forces des Groupements tactiques&nbsp;\u00bb, a-t-il ajout\u00e9. \u00ab&nbsp;Nous prenons donc des mesures \u00e0 la fois pour soutenir l\u2019Ukraine et pour nous d\u00e9fendre&nbsp;\u00bb, a-t-il assur\u00e9.<\/p>\n","protected":false},"excerpt":{"rendered":"<p>Le pr\u00e9sident Emmanuel Macron d\u00e9bute son discours depuis Bruxelles. \u00ab\u00a0Nous continuons notre aide militaire et humaniste \u00e0 l&rsquo;Ukraine\u00a0\u00bb, a-t-il d\u00e9clare. Et d&rsquo;ajouter: \u00ab\u00a0L&rsquo;\u00e9conomie russe est en cessation de paiement, (&#8230;) son isolement est croissant\u00a0\u00bbNous continuons de nous tenir aux c\u00f4t\u00e9s du peuple ukrainien (&#8230;) Notre d\u00e9termination nous a conduits \u00e0 prendre un train de sanction [&hellip;]<\/p>\n","protected":false},"author":2,"featured_media":20837,"comment_status":"open","ping_status":"open","sticky":false,"template":"","format":"standard","meta":{"_jetpack_memberships_contains_paid_content":false,"footnotes":"","jetpack_publicize_message":"","jetpack_publicize_feature_enabled":true,"jetpack_social_post_already_shared":true,"jetpack_social_options":{"image_generator_settings":{"template":"highway","default_image_id":0,"font":"","enabled":false},"version":2},"_wpas_customize_per_network":false},"categories":[405],"tags":[],"class_list":["post-20836","post","type-post","status-publish","format-standard","has-post-thumbnail","hentry","category-actu-france-monde"],"jetpack_publicize_connections":[],"jetpack_featured_media_url":"https:\/\/i0.wp.com\/www.iceagetv.com\/radiosite\/wp-content\/uploads\/2022\/03\/Guerre-en-Ukraine-Emmanuel-Macron-1.jpg?fit=679%2C293&ssl=1","jetpack_sharing_enabled":true,"_links":{"self":[{"href":"https:\/\/www.iceagetv.com\/radiosite\/wp-json\/wp\/v2\/posts\/20836","targetHints":{"allow":["GET"]}}],"collection":[{"href":"https:\/\/www.iceagetv.com\/radiosite\/wp-json\/wp\/v2\/posts"}],"about":[{"href":"https:\/\/www.iceagetv.com\/radiosite\/wp-json\/wp\/v2\/types\/post"}],"author":[{"embeddable":true,"href":"https:\/\/www.iceagetv.com\/radiosite\/wp-json\/wp\/v2\/users\/2"}],"replies":[{"embeddable":true,"href":"https:\/\/www.iceagetv.com\/radiosite\/wp-json\/wp\/v2\/comments?post=20836"}],"version-history":[{"count":1,"href":"https:\/\/www.iceagetv.com\/radiosite\/wp-json\/wp\/v2\/posts\/20836\/revisions"}],"predecessor-version":[{"id":20838,"href":"https:\/\/www.iceagetv.com\/radiosite\/wp-json\/wp\/v2\/posts\/20836\/revisions\/20838"}],"wp:featuredmedia":[{"embeddable":true,"href":"https:\/\/www.iceagetv.com\/radiosite\/wp-json\/wp\/v2\/media\/20837"}],"wp:attachment":[{"href":"https:\/\/www.iceagetv.com\/radiosite\/wp-json\/wp\/v2\/media?parent=20836"}],"wp:term":[{"taxonomy":"category","embeddable":true,"href":"https:\/\/www.iceagetv.com\/radiosite\/wp-json\/wp\/v2\/categories?post=20836"},{"taxonomy":"post_tag","embeddable":true,"href":"https:\/\/www.iceagetv.com\/radiosite\/wp-json\/wp\/v2\/tags?post=20836"}],"curies":[{"name":"wp","href":"https:\/\/api.w.org\/{rel}","templated":true}]}}