{"id":20842,"date":"2022-03-25T19:17:03","date_gmt":"2022-03-25T19:17:03","guid":{"rendered":"http:\/\/www.iceagetv.com\/radiosite\/?p=20842"},"modified":"2022-03-25T19:17:03","modified_gmt":"2022-03-25T19:17:03","slug":"lincendie-accidentel-dun-train-de-marchandises-en-gare-de-valenciennes-a-fait-un-mort-et-trois-blesses-legers-selon-un-dernier-bilan-du-sdis59","status":"publish","type":"post","link":"https:\/\/www.iceagetv.com\/radiosite\/lincendie-accidentel-dun-train-de-marchandises-en-gare-de-valenciennes-a-fait-un-mort-et-trois-blesses-legers-selon-un-dernier-bilan-du-sdis59\/","title":{"rendered":"L&rsquo;incendie accidentel d&rsquo;un train de marchandises en gare de Valenciennes a fait un mort et trois bless\u00e9s l\u00e9gers, selon un dernier bilan du SDIS59."},"content":{"rendered":"\n<p><strong>L&rsquo;incendie accidentel d&rsquo;un train de marchandises en gare de Valenciennes\u00a0 a fait un mort et trois bless\u00e9s l\u00e9gers<\/strong>, selon un dernier bilan du SDIS59.Les premi\u00e8res information confirment que c&rsquo;est bien un convoi ferroviaire qui a pris feu, transportant selon certaines sources des pneus, ce qui expliquerait les gros d\u00e9gagements de fum\u00e9e dans un premier temps. Selon plusieurs sources concordantes, mais ce n&rsquo;est pas encore confirm\u00e9 officiellement, il y aurait peut-\u00eatre deux victimes<strong>La SNCF \u00e9voque un accident de personne. Les pompiers mentionnent \u00ab\u00a0une ou plusieurs personnes qui auraient \u00e9t\u00e9 \u00e9lectrocut\u00e9es\u00a0\u00bb, indique France Bleu<\/strong><\/p>\n\n\n\n<p><strong>Depuis environ 30 minutes, de nombreux pompiers interviennent \u00e0 la gare de Valenciennes suite \u00e0 une voire plusieurs explosions, indique le site de&nbsp;<a href=\"https:\/\/www.lavoixdunord.fr\/1157829\/article\/2022-03-25\/valenciennes-explosion-aupres-de-la-gare-de-valenciennes-qui-ete-evacuee\" target=\"_blank\" rel=\"noreferrer noopener\">La Voix du Nord.<\/a><\/strong><\/p>\n\n\n\n<p>Sur place la situation est impressionnante, avec une&nbsp;grosse fum\u00e9e noire, et une odeur sensible dans une bonne partie du centre-ville. Le b\u00e2timent a \u00e9t\u00e9 \u00e9vacu\u00e9 par les forces de l\u2019ordre qui ont demand\u00e9 au public de s\u2019\u00e9loigner de l\u2019\u00e9difice.<\/p>\n\n\n\n<p>\u00ab\u00a0Les causes de l\u2019explosion ne sont pas encore connues, mais au vu des premi\u00e8res photos commen\u00e7ant \u00e0 circuler sur les r\u00e9seaux sociaux, un feu s\u2019est d\u00e9clar\u00e9 sur les voies, juste en face de la gare.\u00a0\u00bb, \u00e9crivent nos confr\u00e8res.&nbsp;<\/p>\n\n\n\n<p>Selon&nbsp;<a href=\"https:\/\/www.francebleu.fr\/infos\/faits-divers-justice\/direct-la-gare-de-valenciennes-evacuee-ce-vendredi-apres-un-incendie-sur-un-train-de-fret-1648226447\" target=\"_blank\" rel=\"noreferrer noopener\">France Bleu,<\/a>&nbsp;le feu a pris dans un train de fret stationn\u00e9 sur l&rsquo;un des quais.&nbsp;D&rsquo;apr\u00e8s les pompiers, c&rsquo;est un wagon contenant des pneus qui a pris feu. Quatre lances sont d\u00e9ploy\u00e9s pour \u00e9teindre l&rsquo;incendie.<\/p>\n","protected":false},"excerpt":{"rendered":"<p>L&rsquo;incendie accidentel d&rsquo;un train de marchandises en gare de Valenciennes\u00a0 a fait un mort et trois bless\u00e9s l\u00e9gers, selon un dernier bilan du SDIS59.Les premi\u00e8res information confirment que c&rsquo;est bien un convoi ferroviaire qui a pris feu, transportant selon certaines sources des pneus, ce qui expliquerait les gros d\u00e9gagements de fum\u00e9e dans un premier temps. [&hellip;]<\/p>\n","protected":false},"author":2,"featured_media":20843,"comment_status":"open","ping_status":"open","sticky":false,"template":"","format":"standard","meta":{"_jetpack_memberships_contains_paid_content":false,"footnotes":"","jetpack_publicize_message":"","jetpack_publicize_feature_enabled":true,"jetpack_social_post_already_shared":true,"jetpack_social_options":{"image_generator_settings":{"template":"highway","default_image_id":0,"font":"","enabled":false},"version":2},"_wpas_customize_per_network":false},"categories":[405],"tags":[],"class_list":["post-20842","post","type-post","status-publish","format-standard","has-post-thumbnail","hentry","category-actu-france-monde"],"jetpack_publicize_connections":[],"jetpack_featured_media_url":"https:\/\/i0.wp.com\/www.iceagetv.com\/radiosite\/wp-content\/uploads\/2022\/03\/Lincendie-accidentel-dun-train-de-marchandises-en-gare-de-Valenciennes.jpg?fit=680%2C434&ssl=1","jetpack_sharing_enabled":true,"_links":{"self":[{"href":"https:\/\/www.iceagetv.com\/radiosite\/wp-json\/wp\/v2\/posts\/20842","targetHints":{"allow":["GET"]}}],"collection":[{"href":"https:\/\/www.iceagetv.com\/radiosite\/wp-json\/wp\/v2\/posts"}],"about":[{"href":"https:\/\/www.iceagetv.com\/radiosite\/wp-json\/wp\/v2\/types\/post"}],"author":[{"embeddable":true,"href":"https:\/\/www.iceagetv.com\/radiosite\/wp-json\/wp\/v2\/users\/2"}],"replies":[{"embeddable":true,"href":"https:\/\/www.iceagetv.com\/radiosite\/wp-json\/wp\/v2\/comments?post=20842"}],"version-history":[{"count":1,"href":"https:\/\/www.iceagetv.com\/radiosite\/wp-json\/wp\/v2\/posts\/20842\/revisions"}],"predecessor-version":[{"id":20844,"href":"https:\/\/www.iceagetv.com\/radiosite\/wp-json\/wp\/v2\/posts\/20842\/revisions\/20844"}],"wp:featuredmedia":[{"embeddable":true,"href":"https:\/\/www.iceagetv.com\/radiosite\/wp-json\/wp\/v2\/media\/20843"}],"wp:attachment":[{"href":"https:\/\/www.iceagetv.com\/radiosite\/wp-json\/wp\/v2\/media?parent=20842"}],"wp:term":[{"taxonomy":"category","embeddable":true,"href":"https:\/\/www.iceagetv.com\/radiosite\/wp-json\/wp\/v2\/categories?post=20842"},{"taxonomy":"post_tag","embeddable":true,"href":"https:\/\/www.iceagetv.com\/radiosite\/wp-json\/wp\/v2\/tags?post=20842"}],"curies":[{"name":"wp","href":"https:\/\/api.w.org\/{rel}","templated":true}]}}