{"id":20845,"date":"2022-03-25T19:18:42","date_gmt":"2022-03-25T19:18:42","guid":{"rendered":"http:\/\/www.iceagetv.com\/radiosite\/?p=20845"},"modified":"2022-03-25T19:18:42","modified_gmt":"2022-03-25T19:18:42","slug":"coronavirus-de-plus-en-plus-deleves-et-denseignants-positifs-au-covid-19-3-080-classes-fermees-selon-le-ministere-de-leducation-nationale","status":"publish","type":"post","link":"https:\/\/www.iceagetv.com\/radiosite\/coronavirus-de-plus-en-plus-deleves-et-denseignants-positifs-au-covid-19-3-080-classes-fermees-selon-le-ministere-de-leducation-nationale\/","title":{"rendered":"Coronavirus: De plus en plus d&rsquo;\u00e9l\u00e8ves et d&rsquo;enseignants positifs au Covid-19 &#8211; 3.080 classes ferm\u00e9es, selon le minist\u00e8re de l&rsquo;Education Nationale"},"content":{"rendered":"\n<p>De plus en plus d&rsquo;\u00e9l\u00e8ves et d&rsquo;enseignants positifs au Covid-19, des classes ferm\u00e9es par manque de rempla\u00e7ants, des masques qui refont surface dans les classes&#8230; Comme dans la population g\u00e9n\u00e9rale, l&rsquo;\u00e9pid\u00e9mie n&rsquo;en finit pas en milieu scolaire, les parents sont \u00ab\u00a0ext\u00e9nu\u00e9s\u00a0\u00bb et les enfants \u00ab\u00a0perdus\u00a0\u00bb.<\/p>\n\n\n\n<p>Depuis deux semaines, les 12,8 millions d&rsquo;\u00e9l\u00e8ves du premier et du second degr\u00e9s ont tomb\u00e9 le masque en classe.<\/p>\n\n\n\n<p>Toutefois, il reste \u00ab\u00a0fortement recommand\u00e9\u00a0\u00bb, en int\u00e9rieur, \u00e0 partir de 6 ans, pour les personnes contacts \u00e0 risque durant les 7 jours apr\u00e8s la survenue du cas confirm\u00e9 ainsi que pour les cas confirm\u00e9s durant les 7 jours suivant leur p\u00e9riode d&rsquo;isolement, selon le protocole actuel.<\/p>\n\n\n\n<p>Seule une d\u00e9cision pr\u00e9fectorale, en cas de cluster local, pourrait obliger le retour du masque sur le nez et la bouche des \u00e9l\u00e8ves.<\/p>\n\n\n\n<p>Vendredi, le minist\u00e8re de l&rsquo;Education nationale a fait \u00e9tat de 3.080 classes ferm\u00e9es pour raison de Covid en France, contre 3.184 une semaine plus t\u00f4t, un chiffre en l\u00e9g\u00e8re baisse, quand les cas de Covid, eux, augmentent.<\/p>\n\n\n\n<p>Le minist\u00e8re recense 81.424 \u00e9l\u00e8ves cas Covid confirm\u00e9s contre 52.669 \u00e9l\u00e8ves la semaine derni\u00e8re. Du c\u00f4t\u00e9 des personnels, le nombre de cas augmente aussi: 10.201 cette semaine contre 6.199 la semaine derni\u00e8re.<\/p>\n\n\n\n<p>\u00ab\u00a0On sait que ces chiffres ne sont pas bons car sur le terrain, le nombre de cas positifs au Covid ne fait qu&rsquo;augmenter depuis une semaine chez les \u00e9l\u00e8ves et les profs, c&rsquo;est reparti pour un tour\u00a0\u00bb, s&rsquo;inqui\u00e8te Guislaine David, la secr\u00e9taire g\u00e9n\u00e9rale du SNUipp-FSU, premier syndicat du primaire.<\/p>\n\n\n\n<p>Et qui dit cas de Covid dans la classe dit retour pr\u00e9conis\u00e9 du masque. \u00ab\u00a0On se retrouve alors avec des \u00e9l\u00e8ves qui le portent de nouveau et d&rsquo;autres non. Certains enfants n&rsquo;y comprennent plus rien\u00a0\u00bb, lance St\u00e9phane Crochet, secr\u00e9taire g\u00e9n\u00e9ral du SE-Unsa.<\/p>\n\n\n\n<p>Les directeurs d&rsquo;\u00e9cole, tr\u00e8s expos\u00e9s depuis le d\u00e9but de la crise sanitaire, sont \u00e0 nouveau dans une \u00ab\u00a0position d\u00e9licate\u00a0\u00bb o\u00f9 ils doivent \u00ab\u00a0habilement\u00a0\u00bb inciter les familles \u00e0 remettre le masque en cas de cas positif dans une classe, soul\u00e8ve Olivier Flippo, \u00e0 la t\u00eate d&rsquo;une \u00e9cole \u00e9l\u00e9mentaire \u00e0 Cergy (Val-d&rsquo;Oise).<\/p>\n\n\n\n<p>Pour Isabelle, maman \u00e0 Paris d&rsquo;une fillette en CP, \u00ab\u00a0c&rsquo;est non\u00a0\u00bb. \u00ab\u00a0J&rsquo;ai re\u00e7u un mail de la directrice nous invitant \u00e0 masquer de nouveau nos enfants car il y a un cas dans la classe. Ma fille de 6 ans a eu le Covid il y a deux mois, \u00e7a suffit, je refuse de lui imposer \u00e7a\u00a0\u00bb, mart\u00e8le la m\u00e8re de famille de 41 ans, \u00ab\u00a0ext\u00e9nu\u00e9e\u00a0\u00bb par tous ces protocoles depuis deux ans.<\/p>\n\n\n\n<p>Depuis une semaine, plusieurs \u00e9coles en France ont ainsi pr\u00e9conis\u00e9 le port du masque, notamment dans le Nord ou en Bretagne, zones dans lesquelles l&rsquo;\u00e9pid\u00e9mie est forte.<\/p>\n\n\n\n<p>\u00ab\u00a0On l&rsquo;enl\u00e8ve, on le remet, on ne sait plus, on est perdus\u00a0\u00bb, lance Stella, adolescente en classe de troisi\u00e8me en Bretagne.<\/p>\n\n\n\n<p>Apr\u00e8s deux ann\u00e9es de Covid, les parents d&rsquo;\u00e9l\u00e8ves sont \u00ab\u00a0circonspects. On a cru arriver au bout du tunnel et en fait on recule, il y a donc une fatigue g\u00e9n\u00e9ralis\u00e9e\u00a0\u00bb, affirme Laurent Zameczkowski, porte-parole de la f\u00e9d\u00e9ration de parents d&rsquo;\u00e9l\u00e8ves Peep.<\/p>\n\n\n\n<p>\u00ab\u00a0On a m\u00eame eu le cas d&rsquo;un parent devenu \u00e0 force laxiste, envoyant sciemment son enfant positif en classe\u00a0\u00bb, raconte un enseignant de maternelle, sous couvert d&rsquo;anonymat. \u00ab\u00a0Sa petite fille de 4 ans est venue me voir en me disant +tu sais ma\u00eetre, j&rsquo;ai la vilaine maladie, comme mon fr\u00e8re+\u00a0\u00bb, affirme cet enseignant qui rappelle au passage que \u00ab\u00a0les enfants ne mentent jamais\u00a0\u00bb.<\/p>\n\n\n\n<p>Comme pour les vagues pr\u00e9c\u00e9dentes, le bon fonctionnement des \u00e9coles repose sur le remplacement des enseignants absents pour cause de Covid. \u00ab\u00a0M\u00eame avec le recours aux enseignants des listes compl\u00e9mentaires depuis janvier pour assurer les remplacements, c&rsquo;est trop juste, donc on ferme les classes\u00a0\u00bb, note Guislaine David.<\/p>\n","protected":false},"excerpt":{"rendered":"<p>De plus en plus d&rsquo;\u00e9l\u00e8ves et d&rsquo;enseignants positifs au Covid-19, des classes ferm\u00e9es par manque de rempla\u00e7ants, des masques qui refont surface dans les classes&#8230; Comme dans la population g\u00e9n\u00e9rale, l&rsquo;\u00e9pid\u00e9mie n&rsquo;en finit pas en milieu scolaire, les parents sont \u00ab\u00a0ext\u00e9nu\u00e9s\u00a0\u00bb et les enfants \u00ab\u00a0perdus\u00a0\u00bb. Depuis deux semaines, les 12,8 millions d&rsquo;\u00e9l\u00e8ves du premier et [&hellip;]<\/p>\n","protected":false},"author":2,"featured_media":20846,"comment_status":"open","ping_status":"open","sticky":false,"template":"","format":"standard","meta":{"_jetpack_memberships_contains_paid_content":false,"footnotes":"","jetpack_publicize_message":"","jetpack_publicize_feature_enabled":true,"jetpack_social_post_already_shared":true,"jetpack_social_options":{"image_generator_settings":{"template":"highway","default_image_id":0,"font":"","enabled":false},"version":2},"_wpas_customize_per_network":false},"categories":[405],"tags":[],"class_list":["post-20845","post","type-post","status-publish","format-standard","has-post-thumbnail","hentry","category-actu-france-monde"],"jetpack_publicize_connections":[],"jetpack_featured_media_url":"https:\/\/i0.wp.com\/www.iceagetv.com\/radiosite\/wp-content\/uploads\/2022\/03\/De-plus-en-plus-deleves-et-denseignants-positifs-au-Covid-19.jpg?fit=679%2C293&ssl=1","jetpack_sharing_enabled":true,"_links":{"self":[{"href":"https:\/\/www.iceagetv.com\/radiosite\/wp-json\/wp\/v2\/posts\/20845","targetHints":{"allow":["GET"]}}],"collection":[{"href":"https:\/\/www.iceagetv.com\/radiosite\/wp-json\/wp\/v2\/posts"}],"about":[{"href":"https:\/\/www.iceagetv.com\/radiosite\/wp-json\/wp\/v2\/types\/post"}],"author":[{"embeddable":true,"href":"https:\/\/www.iceagetv.com\/radiosite\/wp-json\/wp\/v2\/users\/2"}],"replies":[{"embeddable":true,"href":"https:\/\/www.iceagetv.com\/radiosite\/wp-json\/wp\/v2\/comments?post=20845"}],"version-history":[{"count":1,"href":"https:\/\/www.iceagetv.com\/radiosite\/wp-json\/wp\/v2\/posts\/20845\/revisions"}],"predecessor-version":[{"id":20847,"href":"https:\/\/www.iceagetv.com\/radiosite\/wp-json\/wp\/v2\/posts\/20845\/revisions\/20847"}],"wp:featuredmedia":[{"embeddable":true,"href":"https:\/\/www.iceagetv.com\/radiosite\/wp-json\/wp\/v2\/media\/20846"}],"wp:attachment":[{"href":"https:\/\/www.iceagetv.com\/radiosite\/wp-json\/wp\/v2\/media?parent=20845"}],"wp:term":[{"taxonomy":"category","embeddable":true,"href":"https:\/\/www.iceagetv.com\/radiosite\/wp-json\/wp\/v2\/categories?post=20845"},{"taxonomy":"post_tag","embeddable":true,"href":"https:\/\/www.iceagetv.com\/radiosite\/wp-json\/wp\/v2\/tags?post=20845"}],"curies":[{"name":"wp","href":"https:\/\/api.w.org\/{rel}","templated":true}]}}